{"id":916,"date":"2021-07-06T12:34:53","date_gmt":"2021-07-06T17:34:53","guid":{"rendered":"https:\/\/acatraia.ufac.br\/?p=916"},"modified":"2021-08-05T21:43:36","modified_gmt":"2021-08-06T02:43:36","slug":"arquivos-historicos-sao-revitalizados-para-resgate-memorial-da-cultura-acreana","status":"publish","type":"post","link":"https:\/\/acatraia.ufac.br\/?p=916","title":{"rendered":"Arquivos hist\u00f3ricos s\u00e3o revitalizados para resgate memorial da cultura acreana"},"content":{"rendered":"\n<p><strong>Por Guilherme Limes<\/strong><\/p>\n\n\n\n<p>Com o intuito de restaurar o memorial do teatro acreano a Federa\u00e7\u00e3o de Teatro do Acre (Fetac) est\u00e1 desenvolvendo o projeto \u201cRevitaliza Fetac\u201d.  A iniciativa pretende realizar o resgate de arquivos desde cartas a documentos que serviram para a democratiza\u00e7\u00e3o art\u00edstica e teatral da cultura do estado.<\/p>\n\n\n\n<p>De acordo com historiadora e coordenadora do projeto, Fl\u00e1via Burlamaqui, o resgate dos documentos teve in\u00edcio pois o antigo espa\u00e7o onde ficava localizado o memorial est\u00e1 mal conservado e estava afetando a preserva\u00e7\u00e3o dos arquivos memoriais.<\/p>\n\n\n\n<p>\u201cN\u00f3s transportamos todo o material para uma sala do Casar\u00e3o que foi cedida pelo governo do Estado para a Federa\u00e7\u00e3o. N\u00f3s fizemos uma triagem inicial de forma a verificar quais eram as necessidades e prioridades\u201d, explicou.<\/p>\n\n\n\n<p>A historiadora acrescenta que uma das prioridades iniciais era trabalhar com documentos internos como arquivos de manifesta\u00e7\u00f5es, cartas e jornais que j\u00e1 estavam entrando em deteriora\u00e7\u00e3o. \u201cFizemos a higieniza\u00e7\u00e3o, digitaliza\u00e7\u00e3o e condicionamento desses jornais\u201d, ressalta.<\/p>\n\n\n\n<p>A segunda etapa do projeto est\u00e1 sendo a revitaliza\u00e7\u00e3o de outros documentos como cartas e of\u00edcios da movimenta\u00e7\u00e3o da institui\u00e7\u00e3o durante os anos de 1970 a 1980.<\/p>\n\n\n\n<figure class=\"wp-block-gallery columns-1 is-cropped wp-block-gallery-1 is-layout-flex wp-block-gallery-is-layout-flex\"><ul class=\"blocks-gallery-grid\"><li class=\"blocks-gallery-item\"><figure><img data-recalc-dims=\"1\" fetchpriority=\"high\" decoding=\"async\" width=\"740\" height=\"987\" src=\"https:\/\/i0.wp.com\/acatraia.ufac.br\/wp-content\/uploads\/2021\/07\/revital.jpg?resize=740%2C987&#038;ssl=1\" alt=\"\" data-id=\"919\" data-full-url=\"https:\/\/acatraia.ufac.br\/wp-content\/uploads\/2021\/07\/revital.jpg\" data-link=\"https:\/\/acatraia.ufac.br\/?attachment_id=919\" class=\"wp-image-919\" srcset=\"https:\/\/i0.wp.com\/acatraia.ufac.br\/wp-content\/uploads\/2021\/07\/revital.jpg?resize=768%2C1024&amp;ssl=1 768w, https:\/\/i0.wp.com\/acatraia.ufac.br\/wp-content\/uploads\/2021\/07\/revital.jpg?resize=225%2C300&amp;ssl=1 225w, https:\/\/i0.wp.com\/acatraia.ufac.br\/wp-content\/uploads\/2021\/07\/revital.jpg?w=960&amp;ssl=1 960w\" sizes=\"(max-width: 740px) 100vw, 740px\" \/><\/figure><\/li><\/ul><\/figure>\n\n\n\n<p>FETAC &#8211; A Fetac busca resgatar e preservar este acervo para incentivar e manter o resist\u00eancia da cultura teatral e outros recortes da cultura acreana. A institui\u00e7\u00e3o \u00e9 aberta para tratar sobre assuntos que envolvem a politica e a democracia por meio da arte e de debates com artista.<\/p>\n\n\n\n<figure class=\"wp-block-gallery columns-1 is-cropped wp-block-gallery-2 is-layout-flex wp-block-gallery-is-layout-flex\"><ul class=\"blocks-gallery-grid\"><li class=\"blocks-gallery-item\"><figure><img data-recalc-dims=\"1\" decoding=\"async\" width=\"740\" height=\"334\" src=\"https:\/\/i0.wp.com\/acatraia.ufac.br\/wp-content\/uploads\/2021\/07\/revitaliza-1.jpg?resize=740%2C334&#038;ssl=1\" alt=\"\" data-id=\"920\" data-full-url=\"https:\/\/acatraia.ufac.br\/wp-content\/uploads\/2021\/07\/revitaliza-1.jpg\" data-link=\"https:\/\/acatraia.ufac.br\/?attachment_id=920\" class=\"wp-image-920\" srcset=\"https:\/\/i0.wp.com\/acatraia.ufac.br\/wp-content\/uploads\/2021\/07\/revitaliza-1.jpg?resize=1024%2C462&amp;ssl=1 1024w, https:\/\/i0.wp.com\/acatraia.ufac.br\/wp-content\/uploads\/2021\/07\/revitaliza-1.jpg?resize=300%2C135&amp;ssl=1 300w, https:\/\/i0.wp.com\/acatraia.ufac.br\/wp-content\/uploads\/2021\/07\/revitaliza-1.jpg?resize=768%2C346&amp;ssl=1 768w, https:\/\/i0.wp.com\/acatraia.ufac.br\/wp-content\/uploads\/2021\/07\/revitaliza-1.jpg?w=1280&amp;ssl=1 1280w\" sizes=\"(max-width: 740px) 100vw, 740px\" \/><\/figure><\/li><\/ul><\/figure>\n\n\n\n<p>Durante o per\u00edodo de pandemia de Covid-19, a federa\u00e7\u00e3o vem se reinventando, ent\u00e3o o desenvolvimento deste projeto foi articulado na separa\u00e7\u00e3o dos materiais e dos arquivos para que n\u00e3o colocassem em vulnerabilidade os t\u00e9cnicos de limpeza.<\/p>\n\n\n\n<p>A Fetac tamb\u00e9m lan\u00e7ou uma revista que faz parte do projeto Revitaliza que mostra todo o processo de separa\u00e7\u00e3o das atividades e da digitaliza\u00e7\u00e3o dos documentos externos e internos do memorial.<\/p>\n","protected":false},"excerpt":{"rendered":"<p>Por Guilherme Limes Com o intuito de restaurar o memorial do teatro acreano a Federa\u00e7\u00e3o de Teatro do Acre (Fetac) est\u00e1 desenvolvendo o projeto \u201cRevitaliza Fetac\u201d. A iniciativa pretende realizar o resgate de arquivos desde cartas a documentos que serviram para a democratiza\u00e7\u00e3o art\u00edstica e teatral da cultura do estado. De acordo com historiadora e [&hellip;]<\/p>\n","protected":false},"author":24,"featured_media":917,"comment_status":"open","ping_status":"open","sticky":false,"template":"","format":"standard","meta":{"_jetpack_memberships_contains_paid_content":false,"footnotes":"","jetpack_publicize_message":"","jetpack_publicize_feature_enabled":true,"jetpack_social_post_already_shared":true,"jetpack_social_options":{"image_generator_settings":{"template":"highway","default_image_id":0,"enabled":false},"version":2}},"categories":[5,3,1],"tags":[8],"coauthors":[],"class_list":["post-916","post","type-post","status-publish","format-standard","has-post-thumbnail","hentry","category-afluentes","category-corriqueiras","category-ultimas-noticias","tag-destaque"],"jetpack_publicize_connections":[],"jetpack_featured_media_url":"https:\/\/i0.wp.com\/acatraia.ufac.br\/wp-content\/uploads\/2021\/07\/revitaliza.jpg?fit=1280%2C577&ssl=1","jetpack_sharing_enabled":true,"amp_enabled":true,"_links":{"self":[{"href":"https:\/\/acatraia.ufac.br\/index.php?rest_route=\/wp\/v2\/posts\/916","targetHints":{"allow":["GET"]}}],"collection":[{"href":"https:\/\/acatraia.ufac.br\/index.php?rest_route=\/wp\/v2\/posts"}],"about":[{"href":"https:\/\/acatraia.ufac.br\/index.php?rest_route=\/wp\/v2\/types\/post"}],"author":[{"embeddable":true,"href":"https:\/\/acatraia.ufac.br\/index.php?rest_route=\/wp\/v2\/users\/24"}],"replies":[{"embeddable":true,"href":"https:\/\/acatraia.ufac.br\/index.php?rest_route=%2Fwp%2Fv2%2Fcomments&post=916"}],"version-history":[{"count":31,"href":"https:\/\/acatraia.ufac.br\/index.php?rest_route=\/wp\/v2\/posts\/916\/revisions"}],"predecessor-version":[{"id":1411,"href":"https:\/\/acatraia.ufac.br\/index.php?rest_route=\/wp\/v2\/posts\/916\/revisions\/1411"}],"wp:featuredmedia":[{"embeddable":true,"href":"https:\/\/acatraia.ufac.br\/index.php?rest_route=\/wp\/v2\/media\/917"}],"wp:attachment":[{"href":"https:\/\/acatraia.ufac.br\/index.php?rest_route=%2Fwp%2Fv2%2Fmedia&parent=916"}],"wp:term":[{"taxonomy":"category","embeddable":true,"href":"https:\/\/acatraia.ufac.br\/index.php?rest_route=%2Fwp%2Fv2%2Fcategories&post=916"},{"taxonomy":"post_tag","embeddable":true,"href":"https:\/\/acatraia.ufac.br\/index.php?rest_route=%2Fwp%2Fv2%2Ftags&post=916"},{"taxonomy":"author","embeddable":true,"href":"https:\/\/acatraia.ufac.br\/index.php?rest_route=%2Fwp%2Fv2%2Fcoauthors&post=916"}],"curies":[{"name":"wp","href":"https:\/\/api.w.org\/{rel}","templated":true}]}}