{"id":5997,"date":"2026-03-18T17:58:24","date_gmt":"2026-03-18T22:58:24","guid":{"rendered":"https:\/\/acatraia.ufac.br\/?p=5997"},"modified":"2026-03-18T18:01:22","modified_gmt":"2026-03-18T23:01:22","slug":"bosque-discos-a-ideia-que-nasceu-de-um-hobbie-e-se-tornou-a-menor-loja-cultural-do-mundo","status":"publish","type":"post","link":"https:\/\/acatraia.ufac.br\/?p=5997","title":{"rendered":"Bosque Discos: a ideia que nasceu de um hobbie e se tornou a menor loja cultural do mundo"},"content":{"rendered":"\n<p><em><strong>Por Emily Castro, S\u00e2mia Cristina, Marissa Galdino, Marele Muniz e Rebeca Soares<\/strong><\/em>*<\/p>\n\n\n\n<p>Voc\u00ea conhece a menor loja cultural do mundo? Localizada em Rio Branco a loja on-line Bosque Discos tem uma variedade de CD\u2019s, discos de vinil e fitas cassetes de todos os estilos para acolher aqueles que apreciam uma boa m\u00fasica. A ideia de cria\u00e7\u00e3o do espa\u00e7o \u00e9 de Thiago Afonso, empres\u00e1rio do ramo da sa\u00fade e professor da Uninorte, que desde pequeno sempre foi apaixonado por m\u00fasica.&nbsp;<\/p>\n\n\n\n<p>Ele conta que essa paix\u00e3o, motivada por seu pai o levou a ser um colecionador de CDs, algo que mais tarde foi&nbsp; impulsionado por um tio e evoluiria tamb\u00e9m para uma grande cole\u00e7\u00e3o com discos de vinil e fitas cassetes. Com o passar do tempo, Thiago percebeu que a pequena cole\u00e7\u00e3o havia se tornado algo muito maior e que n\u00e3o haveria mais espa\u00e7o para armazenar tudo. Ali nasceu a ideia da venda e repasse dos produtos.<\/p>\n\n\n\n<figure class=\"wp-block-image size-large is-resized\"><img data-recalc-dims=\"1\" fetchpriority=\"high\" decoding=\"async\" width=\"740\" height=\"826\" src=\"https:\/\/i0.wp.com\/acatraia.ufac.br\/wp-content\/uploads\/2026\/03\/IMG_9227.jpeg?resize=740%2C826&#038;ssl=1\" alt=\"\" class=\"wp-image-5998\" style=\"aspect-ratio:0.8955110993457626;width:345px;height:auto\" srcset=\"https:\/\/i0.wp.com\/acatraia.ufac.br\/wp-content\/uploads\/2026\/03\/IMG_9227.jpeg?resize=917%2C1024&amp;ssl=1 917w, https:\/\/i0.wp.com\/acatraia.ufac.br\/wp-content\/uploads\/2026\/03\/IMG_9227.jpeg?resize=269%2C300&amp;ssl=1 269w, https:\/\/i0.wp.com\/acatraia.ufac.br\/wp-content\/uploads\/2026\/03\/IMG_9227.jpeg?resize=768%2C858&amp;ssl=1 768w, https:\/\/i0.wp.com\/acatraia.ufac.br\/wp-content\/uploads\/2026\/03\/IMG_9227.jpeg?resize=1375%2C1536&amp;ssl=1 1375w, https:\/\/i0.wp.com\/acatraia.ufac.br\/wp-content\/uploads\/2026\/03\/IMG_9227.jpeg?w=1805&amp;ssl=1 1805w, https:\/\/i0.wp.com\/acatraia.ufac.br\/wp-content\/uploads\/2026\/03\/IMG_9227.jpeg?w=1480&amp;ssl=1 1480w\" sizes=\"(max-width: 740px) 100vw, 740px\" \/><\/figure>\n\n\n\n<p class=\"has-text-align-left\"><em>Foto: arquivo pessoal<\/em><\/p>\n\n\n\n<p>O empres\u00e1rio explica que a cria\u00e7\u00e3o da loja n\u00e3o teve apenas o objetivo de vender itens da cole\u00e7\u00e3o, mas tamb\u00e9m de aproximar pessoas que compartilham do mesmo interesse pela m\u00fasica. Segundo ele, sempre soube que existiam muitos colecionadores em Rio Branco, e isso foi uma das motiva\u00e7\u00f5es para continuar com a ideia, j\u00e1 que queria conhecer essas pessoas e trocar experi\u00eancias sobre m\u00fasica.&nbsp;<\/p>\n\n\n\n<p>Os compradores de seus&nbsp; produtos se estendem por todo territ\u00f3rio acreano e sua colet\u00e2nea n\u00e3o se limita apenas a m\u00fasica brasileira. O colecionador possui produtos do leste europeu, da \u00c1frica, \u00c1sia e at\u00e9 algumas edi\u00e7\u00f5es raras, sendo o seu preferido entre todos a edi\u00e7\u00e3o especial do \u00e1lbum \u201cRacional\u201d de Tim Maia.<\/p>\n\n\n\n<p>Em sua cole\u00e7\u00e3o, ele possui ainda itens raros como o disco do musicista e instrumentalista&nbsp; Arthur Verocai que n\u00e3o possui muitos exemplares pois seus discos foram derretidos pela gravadora para a produ\u00e7\u00e3o dos discos da banda nacional Secos e Molhados.&nbsp;<\/p>\n\n\n\n<p>Thiago diz&nbsp; que considera a Bosque Discos a menor loja do mundo por se tratar de um neg\u00f3cio pequeno, se comparado com outras lojas de discos ao redor do globo. Ele explica que a cole\u00e7\u00e3o, que atualmente passa dos sete mil itens,&nbsp; juntando todos os exemplares, ainda \u00e9 considerado uma pequena por\u00e7\u00e3o comparada a lojas nacionais de vinis.<\/p>\n\n\n\n<p>Como \u00e9 totalmente gerida por ele, o funcionamento \u00e9 bem diferente de uma loja convencional. Por n\u00e3o se tratar de um grande armaz\u00e9m, os itens s\u00e3o apresentados aos clientes de acordo com o interesse de cada pessoa. \u201cEu n\u00e3o tenho um acervo, tenho uma cole\u00e7\u00e3o\u201d, afirma Thiago, que mostra aos interessados apenas os discos que podem atender ao gosto de cada um.&nbsp;<\/p>\n\n\n\n<p>Perguntado se pretende expandir o neg\u00f3cio, ele afirma que n\u00e3o acredita que um espa\u00e7o dedicado exclusivamente \u00e0 venda de discos f\u00edsicos funcionaria atualmente. Caso um local f\u00edsico venha a existir no futuro, a ideia seria diferente de uma loja tradicional. Um projeto como esse precisaria ser cuidadosamente planejado antes de se tornar realidade. Por n\u00e3o ser sua principal responsabilidade, Thiago dedica apenas o tempo que consegue, conciliando a gest\u00e3o da cole\u00e7\u00e3o com suas outras responsabilidades profissionais.<\/p>\n\n\n\n<p>Atualmente, mesmo sendo levado como um hobbie e uma forma de compartilhar conhecimentos, ele visa manter a loja por muitos anos, talvez at\u00e9 mesmo passando de gera\u00e7\u00f5es. A loja n\u00e3o possui espa\u00e7o f\u00edsico e para os que apreciam uma boa m\u00fasica, o , instagram (@bosquediscos) \u00e9 o ponto de encontro. A loja tamb\u00e9m disp\u00f5e de um canal de intera\u00e7\u00e3o no WhatsApp voltado exclusivamente para membros acreanos.&nbsp;<\/p>\n\n\n\n<p><em>*Mat\u00e9ria escrita sob orienta\u00e7\u00e3o do professor Wagner Costa e da monitora Ranelly Pinheiro, para a disciplina de Fundamentos do Jornalismo.<\/em><\/p>\n","protected":false},"excerpt":{"rendered":"<p>Da cole\u00e7\u00e3o pessoal ao ponto de encontro virtual, a Bosque Discos conecta apaixonados por m\u00fasica em Rio Branco com raridades e hist\u00f3rias que atravessam gera\u00e7\u00f5es<\/p>\n","protected":false},"author":24,"featured_media":5999,"comment_status":"open","ping_status":"open","sticky":false,"template":"","format":"standard","meta":{"_jetpack_memberships_contains_paid_content":false,"footnotes":"","jetpack_publicize_message":"","jetpack_publicize_feature_enabled":true,"jetpack_social_post_already_shared":true,"jetpack_social_options":{"image_generator_settings":{"template":"highway","default_image_id":0,"enabled":false},"version":2}},"categories":[5,1],"tags":[40,115,8],"coauthors":[136],"class_list":["post-5997","post","type-post","status-publish","format-standard","has-post-thumbnail","hentry","category-afluentes","category-ultimas-noticias","tag-acre","tag-cultura","tag-destaque"],"jetpack_publicize_connections":[],"jetpack_featured_media_url":"https:\/\/i0.wp.com\/acatraia.ufac.br\/wp-content\/uploads\/2026\/03\/WhatsApp-Image-2026-03-18-at-5.55.56-PM.jpeg?fit=1200%2C1600&ssl=1","jetpack_sharing_enabled":true,"amp_enabled":true,"_links":{"self":[{"href":"https:\/\/acatraia.ufac.br\/index.php?rest_route=\/wp\/v2\/posts\/5997","targetHints":{"allow":["GET"]}}],"collection":[{"href":"https:\/\/acatraia.ufac.br\/index.php?rest_route=\/wp\/v2\/posts"}],"about":[{"href":"https:\/\/acatraia.ufac.br\/index.php?rest_route=\/wp\/v2\/types\/post"}],"author":[{"embeddable":true,"href":"https:\/\/acatraia.ufac.br\/index.php?rest_route=\/wp\/v2\/users\/24"}],"replies":[{"embeddable":true,"href":"https:\/\/acatraia.ufac.br\/index.php?rest_route=%2Fwp%2Fv2%2Fcomments&post=5997"}],"version-history":[{"count":2,"href":"https:\/\/acatraia.ufac.br\/index.php?rest_route=\/wp\/v2\/posts\/5997\/revisions"}],"predecessor-version":[{"id":6002,"href":"https:\/\/acatraia.ufac.br\/index.php?rest_route=\/wp\/v2\/posts\/5997\/revisions\/6002"}],"wp:featuredmedia":[{"embeddable":true,"href":"https:\/\/acatraia.ufac.br\/index.php?rest_route=\/wp\/v2\/media\/5999"}],"wp:attachment":[{"href":"https:\/\/acatraia.ufac.br\/index.php?rest_route=%2Fwp%2Fv2%2Fmedia&parent=5997"}],"wp:term":[{"taxonomy":"category","embeddable":true,"href":"https:\/\/acatraia.ufac.br\/index.php?rest_route=%2Fwp%2Fv2%2Fcategories&post=5997"},{"taxonomy":"post_tag","embeddable":true,"href":"https:\/\/acatraia.ufac.br\/index.php?rest_route=%2Fwp%2Fv2%2Ftags&post=5997"},{"taxonomy":"author","embeddable":true,"href":"https:\/\/acatraia.ufac.br\/index.php?rest_route=%2Fwp%2Fv2%2Fcoauthors&post=5997"}],"curies":[{"name":"wp","href":"https:\/\/api.w.org\/{rel}","templated":true}]}}