{"id":5988,"date":"2026-03-17T17:44:53","date_gmt":"2026-03-17T22:44:53","guid":{"rendered":"https:\/\/acatraia.ufac.br\/?p=5988"},"modified":"2026-03-17T17:52:26","modified_gmt":"2026-03-17T22:52:26","slug":"mpox-preocupa-acreanos","status":"publish","type":"post","link":"https:\/\/acatraia.ufac.br\/?p=5988","title":{"rendered":"Mpox preocupa acreanos"},"content":{"rendered":"\n<p><strong><em>Por Andr\u00e9 Nascimento, Jo\u00e3o Victor Gomes, Marcela Almeida, Rayane Gusm\u00e3o e Renan Souza<\/em><\/strong>*<\/p>\n\n\n\n<p>A confirma\u00e7\u00e3o de oito casos de Mpox em Rond\u00f4nia at\u00e9 o fim de fevereiro, segundo o Minist\u00e9rio da Sa\u00fade, e do primeiro caso no Acre neste m\u00eas de mar\u00e7o,&nbsp; colocou a popula\u00e7\u00e3o acreana em estado de aten\u00e7\u00e3o.&nbsp;&nbsp;<\/p>\n\n\n\n<p>Moradora de Xapuri, a dona de casa Raquel  Silva, realiza o trajeto entre os dois estados regularmente e diz temer as consequ\u00eancias de um poss\u00edvel avan\u00e7o da doen\u00e7a. Ela acompanha as not\u00edcias pelos jornais, r\u00e1dio e redes sociais, e conta que a preocupa\u00e7\u00e3o j\u00e1 faz parte do cotidiano. &#8220;A gente fica com medo, n\u00e9? Porque a gente n\u00e3o sabe como proteger a fam\u00edlia direito. Falta informa\u00e7\u00e3o mais clara\u201d, comenta.<\/p>\n\n\n\n<p>A nutricionista Anthoany do Nascimento Silva, e o professor de f\u00edsica&nbsp; Keudheyson Maia da Silva, moram em Rio Branco e afirmam terem algumas d\u00favidas sobre o tema e sentem falta de maiores esclarecimento por parte das autoridades p\u00fablicas. Keudheyson conta que aumentou seu n\u00edvel de preocupa\u00e7\u00e3o com o aumento no n\u00famero de casos em Rond\u00f4nia. \u201c\u00c9 num n\u00edvel acentuado, preocupante, pois estamos muito pr\u00f3ximo da popula\u00e7\u00e3o rondoniense\u201d, complementa.&nbsp;<\/p>\n\n\n\n<p>A popula\u00e7\u00e3o preocupa-se e procura informa\u00e7\u00f5es de forma clara, tendo em vista que possui dificuldades em identificar o que pode ser informa\u00e7\u00e3o real ou desinforma\u00e7\u00e3o. \u201cQuando saiu a \u2018conversa\u2019 sobre os casos confirmados em Rond\u00f4nia, fui pesquisar se era verdade porque tem muita desinforma\u00e7\u00e3o e fake news sempre que aparece uma doen\u00e7a dessas, que tem potencial pand\u00eamico\u201d, relata o contador Fabiano da Silva Souza, tamb\u00e9m morador de Rio Branco.<\/p>\n\n\n\n<h4 class=\"wp-block-heading\">Infec\u00e7\u00e3o Viral<\/h4>\n\n\n\n<p>De acordo com o infectologista e hepatologista, Thor Dantas, a Mpox \u00e9 uma infec\u00e7\u00e3o viral causada por um v\u00edrus semelhante ao v\u00edrus da varicela, que causa um quadro de les\u00f5es na pele, tipo bolhas, ves\u00edculas, parecidos com a catapora. \u201cEla \u00e9 transmitida principalmente atrav\u00e9s do contato, e um tipo de contato muito eficiente na sua transmiss\u00e3o \u00e9 o contato sexual\u201d, explica. <\/p>\n\n\n\n<figure class=\"wp-block-image size-large\"><img data-recalc-dims=\"1\" fetchpriority=\"high\" decoding=\"async\" width=\"740\" height=\"493\" src=\"https:\/\/i0.wp.com\/acatraia.ufac.br\/wp-content\/uploads\/2026\/03\/WhatsApp-Image-2026-03-13-at-19.41.25.jpeg?resize=740%2C493&#038;ssl=1\" alt=\"\" class=\"wp-image-5991\" srcset=\"https:\/\/i0.wp.com\/acatraia.ufac.br\/wp-content\/uploads\/2026\/03\/WhatsApp-Image-2026-03-13-at-19.41.25.jpeg?resize=1024%2C682&amp;ssl=1 1024w, https:\/\/i0.wp.com\/acatraia.ufac.br\/wp-content\/uploads\/2026\/03\/WhatsApp-Image-2026-03-13-at-19.41.25.jpeg?resize=300%2C200&amp;ssl=1 300w, https:\/\/i0.wp.com\/acatraia.ufac.br\/wp-content\/uploads\/2026\/03\/WhatsApp-Image-2026-03-13-at-19.41.25.jpeg?resize=768%2C512&amp;ssl=1 768w, https:\/\/i0.wp.com\/acatraia.ufac.br\/wp-content\/uploads\/2026\/03\/WhatsApp-Image-2026-03-13-at-19.41.25.jpeg?w=1132&amp;ssl=1 1132w\" sizes=\"(max-width: 740px) 100vw, 740px\" \/><\/figure>\n\n\n\n<p class=\"has-text-align-center\"><em>Imagem: arquivo pessoal<\/em><\/p>\n\n\n\n<p>O m\u00e9dico diz ainda que \u00e9 comum les\u00f5es genitais, contudo n\u00e3o \u00e9 essa a \u00fanica forma de cont\u00e1gio da doen\u00e7a, podendo ser transmitidas pelo contagio direto em les\u00f5es na pele, por objetos e, em alguns casos, por vias respirat\u00f3rias.<\/p>\n\n\n\n<p>Contudo, o m\u00e9dico afirma que a Mpox geralmente \u00e9 uma doen\u00e7a benigna, ela n\u00e3o leva a risco de vida e muito raramente tem quadros graves com complica\u00e7\u00f5es. \u201cEla causa sintomas de desconforto, dor, infec\u00e7\u00e3o local e a depender do lugar onde afete como regi\u00e3o genital ou anal, pode tamb\u00e9m produzir dores ao evacuar, por\u00e9m apesar de dificilmente apresentar quadros graves, \u00e9 uma doen\u00e7a que causa bastante desconforto\u201d, afirma Dantas.<\/p>\n\n\n\n<p>Para o m\u00e9dico, \u00e9 importante conscientizar a popula\u00e7\u00e3o de forma clara, afim de evitar situa\u00e7\u00f5es de ang\u00fastias, de que um surto em grande escala n\u00e3o \u00e9 prov\u00e1vel, pois ela n\u00e3o possui uma transmissibilidade que permita um surto em grandes propor\u00e7\u00f5es \u201cDiferente de um v\u00edrus respirat\u00f3rio, por exemplo, onde a principal forma de transmiss\u00e3o \u00e9 a respirat\u00f3ria, a Mpox necessita de um contato pessoa-pessoa\u201d, esclarece.<\/p>\n\n\n\n<h4 class=\"wp-block-heading\"><strong>S<\/strong>intomas<\/h4>\n\n\n\n<p>A Mpox \u00e9 uma doen\u00e7a viral transmitida pelo contato direto com les\u00f5es de pele, secre\u00e7\u00f5es corporais ou objetos contaminados. Os principais sintomas incluem:&nbsp;<\/p>\n\n\n\n<p>&#8211; Febre<br>&#8211; Dor de cabe\u00e7a<br>&#8211; Incha\u00e7o dos g\u00e2nglios linf\u00e1ticos<br>&#8211; Les\u00f5es ou erup\u00e7\u00f5es na pele<\/p>\n\n\n\n<figure class=\"wp-block-image size-large\"><img data-recalc-dims=\"1\" decoding=\"async\" width=\"740\" height=\"494\" src=\"https:\/\/i0.wp.com\/acatraia.ufac.br\/wp-content\/uploads\/2026\/03\/WhatsApp-Image-2026-03-13-at-19.41.25-1.jpeg?resize=740%2C494&#038;ssl=1\" alt=\"\" class=\"wp-image-5992\" srcset=\"https:\/\/i0.wp.com\/acatraia.ufac.br\/wp-content\/uploads\/2026\/03\/WhatsApp-Image-2026-03-13-at-19.41.25-1.jpeg?resize=1024%2C683&amp;ssl=1 1024w, https:\/\/i0.wp.com\/acatraia.ufac.br\/wp-content\/uploads\/2026\/03\/WhatsApp-Image-2026-03-13-at-19.41.25-1.jpeg?resize=300%2C200&amp;ssl=1 300w, https:\/\/i0.wp.com\/acatraia.ufac.br\/wp-content\/uploads\/2026\/03\/WhatsApp-Image-2026-03-13-at-19.41.25-1.jpeg?resize=768%2C512&amp;ssl=1 768w, https:\/\/i0.wp.com\/acatraia.ufac.br\/wp-content\/uploads\/2026\/03\/WhatsApp-Image-2026-03-13-at-19.41.25-1.jpeg?w=1536&amp;ssl=1 1536w, https:\/\/i0.wp.com\/acatraia.ufac.br\/wp-content\/uploads\/2026\/03\/WhatsApp-Image-2026-03-13-at-19.41.25-1.jpeg?w=1480&amp;ssl=1 1480w\" sizes=\"(max-width: 740px) 100vw, 740px\" \/><\/figure>\n\n\n\n<p class=\"has-text-align-center\"><em>Imagem: reprodu\u00e7\u00e3o<\/em><\/p>\n\n\n\n<p>A orienta\u00e7\u00e3o \u00e9 que, ao surgirem os primeiros sinais, a pessoa deve procurar imediatamente uma unidade de sa\u00fade e evitar contato pr\u00f3ximo com outras pessoas at\u00e9 que seja realizada avalia\u00e7\u00e3o m\u00e9dica.<\/p>\n\n\n\n<p><em>*Mat\u00e9ria escrita sob orienta\u00e7\u00e3o do professor Wagner Costa e da monitora Ranelly Pinheiro, para a disciplina de Fundamentos do Jornalismo.<\/em><\/p>\n","protected":false},"excerpt":{"rendered":"<p>Transmiss\u00e3o ocorre por contato direto e sintomas exigem aten\u00e7\u00e3o e atendimento r\u00e1pido<\/p>\n","protected":false},"author":24,"featured_media":5990,"comment_status":"open","ping_status":"open","sticky":false,"template":"","format":"standard","meta":{"_jetpack_memberships_contains_paid_content":false,"footnotes":"","jetpack_publicize_message":"","jetpack_publicize_feature_enabled":true,"jetpack_social_post_already_shared":true,"jetpack_social_options":{"image_generator_settings":{"template":"highway","default_image_id":0,"enabled":false},"version":2}},"categories":[176,1],"tags":[40,8,89],"coauthors":[136],"class_list":["post-5988","post","type-post","status-publish","format-standard","has-post-thumbnail","hentry","category-saude","category-ultimas-noticias","tag-acre","tag-destaque","tag-saude"],"jetpack_publicize_connections":[],"jetpack_featured_media_url":"https:\/\/i0.wp.com\/acatraia.ufac.br\/wp-content\/uploads\/2026\/03\/WhatsApp-Image-2026-03-13-at-19.47.28.jpeg?fit=1200%2C675&ssl=1","jetpack_sharing_enabled":true,"amp_enabled":true,"_links":{"self":[{"href":"https:\/\/acatraia.ufac.br\/index.php?rest_route=\/wp\/v2\/posts\/5988","targetHints":{"allow":["GET"]}}],"collection":[{"href":"https:\/\/acatraia.ufac.br\/index.php?rest_route=\/wp\/v2\/posts"}],"about":[{"href":"https:\/\/acatraia.ufac.br\/index.php?rest_route=\/wp\/v2\/types\/post"}],"author":[{"embeddable":true,"href":"https:\/\/acatraia.ufac.br\/index.php?rest_route=\/wp\/v2\/users\/24"}],"replies":[{"embeddable":true,"href":"https:\/\/acatraia.ufac.br\/index.php?rest_route=%2Fwp%2Fv2%2Fcomments&post=5988"}],"version-history":[{"count":3,"href":"https:\/\/acatraia.ufac.br\/index.php?rest_route=\/wp\/v2\/posts\/5988\/revisions"}],"predecessor-version":[{"id":5995,"href":"https:\/\/acatraia.ufac.br\/index.php?rest_route=\/wp\/v2\/posts\/5988\/revisions\/5995"}],"wp:featuredmedia":[{"embeddable":true,"href":"https:\/\/acatraia.ufac.br\/index.php?rest_route=\/wp\/v2\/media\/5990"}],"wp:attachment":[{"href":"https:\/\/acatraia.ufac.br\/index.php?rest_route=%2Fwp%2Fv2%2Fmedia&parent=5988"}],"wp:term":[{"taxonomy":"category","embeddable":true,"href":"https:\/\/acatraia.ufac.br\/index.php?rest_route=%2Fwp%2Fv2%2Fcategories&post=5988"},{"taxonomy":"post_tag","embeddable":true,"href":"https:\/\/acatraia.ufac.br\/index.php?rest_route=%2Fwp%2Fv2%2Ftags&post=5988"},{"taxonomy":"author","embeddable":true,"href":"https:\/\/acatraia.ufac.br\/index.php?rest_route=%2Fwp%2Fv2%2Fcoauthors&post=5988"}],"curies":[{"name":"wp","href":"https:\/\/api.w.org\/{rel}","templated":true}]}}