{"id":598,"date":"2021-06-24T17:22:48","date_gmt":"2021-06-24T22:22:48","guid":{"rendered":"http:\/\/acatraia.ufac.br\/?p=598"},"modified":"2021-08-05T21:49:12","modified_gmt":"2021-08-06T02:49:12","slug":"aulas-presenciais-na-ufac-so-devem-retornar-apos-imunizacao-completa-de-professores-e-alunos","status":"publish","type":"post","link":"https:\/\/acatraia.ufac.br\/?p=598","title":{"rendered":"Aulas presenciais na Ufac s\u00f3 devem retornar ap\u00f3s imuniza\u00e7\u00e3o completa de professores e alunos"},"content":{"rendered":"\n<p style=\"font-size:10px\">Foto: Reprodu\u00e7\u00e3o\/Ascom Ufac<\/p>\n\n\n\n<p><em>Devido a pandemia de Coronav\u00edrus as aulas presenciais na Ufac foram suspensas e a universidade aderiu ao ensino remoto. Objetivo \u00e9 n\u00e3o prejudicar os acad\u00eamicos durante esse per\u00edodo<\/em><\/p>\n\n\n\n<p><strong>Por Maria Fernanda Arival e Juilyane Abdeeli<\/strong> <\/p>\n\n\n\n<p>Os professores da Universidade Federal do Acre (Ufac)  receberam a primeira dose da vacina contra a covid-19 no \u00faltimo m\u00eas, mas seguem realizando aulas de forma remota. Segundo a Pr\u00f3-reitora de Gradua\u00e7\u00e3o da Ufac, Ednaceli Damasceno, a universidade n\u00e3o tem previs\u00e3o de volta \u00e0s aulas de modo presencial, pois a primeira dose nos professores n\u00e3o garante total prote\u00e7\u00e3o.<\/p>\n\n\n\n<p> \u201cTemos que ter a 2\u00aa dose que ser\u00e1 daqui a 3 meses, mesmo assim nossos alunos ainda n\u00e3o est\u00e3o vacinados, portanto, n\u00e3o temos que ter previs\u00e3o de retorno das aulas presenciais, principalmente porque a pandemia \u00e9 imprevis\u00edvel\u201d, destaca.<\/p>\n\n\n\n<p>Com a possibilidade de toda comunidade acad\u00eamica e professores serem vacinados pode ser aderido o ensino h\u00edbrido, abordagem que envolve ensino presencial e virtual, conforme a resolu\u00e7\u00e3o do Consu (Conselho Universit\u00e1rio).<\/p>\n\n\n\n<p>\u201cDependendo da situa\u00e7\u00e3o epidemiol\u00f3gica em que o Estado estiver existe uma chance das aulas voltarem por meio h\u00edbrido\/optativo at\u00e9 termos as condi\u00e7\u00f5es necess\u00e1rias e seguras para a retomada das atividades presenciais\u201d, afirma Damasceno.<\/p>\n\n\n\n<p><strong>Corte de verba<\/strong><\/p>\n\n\n\n<p>A Ufac, assim como outras universidades federais, sofreu um corte or\u00e7ament\u00e1rio  de aproximadamente 14% das verbas enviadas pelo Governo Federal. Esse bloqueio prejudica o funcionamento da institui\u00e7\u00e3o e afeta a possibilidade de volta \u00e0s aulas presenciais ap\u00f3s a vacina\u00e7\u00e3o de funcion\u00e1rios, professores e comunidade acad\u00eamica, al\u00e9m da autoriza\u00e7\u00e3o dos \u00f3rg\u00e3os sanit\u00e1rios respons\u00e1veis.<\/p>\n\n\n\n<p>De acordo com Damasceno, os impactos dos cortes or\u00e7ament\u00e1rios torna invi\u00e1vel a assist\u00eancia estudantil e a limpeza dos campi. \u201cIsso impossibilita o retorno presencial dos estudantes, caso essa situa\u00e7\u00e3o n\u00e3o seja contornada. A volta \u00e0s aulas presenciais est\u00e1 condicionado tanto \u00e0 situa\u00e7\u00e3o epidemiol\u00f3gica quanto \u00e0 or\u00e7ament\u00e1ria da institui\u00e7\u00e3o\u201d, finaliza.&nbsp;<\/p>\n","protected":false},"excerpt":{"rendered":"<p>Foto: Reprodu\u00e7\u00e3o\/Ascom Ufac Devido a pandemia de Coronav\u00edrus as aulas presenciais na Ufac foram suspensas e a universidade aderiu ao ensino remoto. Objetivo \u00e9 n\u00e3o prejudicar os acad\u00eamicos durante esse per\u00edodo Por Maria Fernanda Arival e Juilyane Abdeeli Os professores da Universidade Federal do Acre (Ufac) receberam a primeira dose da vacina contra a covid-19 [&hellip;]<\/p>\n","protected":false},"author":24,"featured_media":599,"comment_status":"open","ping_status":"open","sticky":false,"template":"","format":"standard","meta":{"_jetpack_memberships_contains_paid_content":false,"footnotes":"","jetpack_publicize_message":"","jetpack_publicize_feature_enabled":true,"jetpack_social_post_already_shared":true,"jetpack_social_options":{"image_generator_settings":{"template":"highway","default_image_id":0,"enabled":false},"version":2}},"categories":[2],"tags":[8],"coauthors":[],"class_list":["post-598","post","type-post","status-publish","format-standard","has-post-thumbnail","hentry","category-rotas","tag-destaque"],"jetpack_publicize_connections":[],"jetpack_featured_media_url":"https:\/\/i0.wp.com\/acatraia.ufac.br\/wp-content\/uploads\/2021\/06\/23820365078_24347526dd_k.jpg?fit=2048%2C1365&ssl=1","jetpack_sharing_enabled":true,"amp_enabled":true,"_links":{"self":[{"href":"https:\/\/acatraia.ufac.br\/index.php?rest_route=\/wp\/v2\/posts\/598","targetHints":{"allow":["GET"]}}],"collection":[{"href":"https:\/\/acatraia.ufac.br\/index.php?rest_route=\/wp\/v2\/posts"}],"about":[{"href":"https:\/\/acatraia.ufac.br\/index.php?rest_route=\/wp\/v2\/types\/post"}],"author":[{"embeddable":true,"href":"https:\/\/acatraia.ufac.br\/index.php?rest_route=\/wp\/v2\/users\/24"}],"replies":[{"embeddable":true,"href":"https:\/\/acatraia.ufac.br\/index.php?rest_route=%2Fwp%2Fv2%2Fcomments&post=598"}],"version-history":[{"count":15,"href":"https:\/\/acatraia.ufac.br\/index.php?rest_route=\/wp\/v2\/posts\/598\/revisions"}],"predecessor-version":[{"id":1423,"href":"https:\/\/acatraia.ufac.br\/index.php?rest_route=\/wp\/v2\/posts\/598\/revisions\/1423"}],"wp:featuredmedia":[{"embeddable":true,"href":"https:\/\/acatraia.ufac.br\/index.php?rest_route=\/wp\/v2\/media\/599"}],"wp:attachment":[{"href":"https:\/\/acatraia.ufac.br\/index.php?rest_route=%2Fwp%2Fv2%2Fmedia&parent=598"}],"wp:term":[{"taxonomy":"category","embeddable":true,"href":"https:\/\/acatraia.ufac.br\/index.php?rest_route=%2Fwp%2Fv2%2Fcategories&post=598"},{"taxonomy":"post_tag","embeddable":true,"href":"https:\/\/acatraia.ufac.br\/index.php?rest_route=%2Fwp%2Fv2%2Ftags&post=598"},{"taxonomy":"author","embeddable":true,"href":"https:\/\/acatraia.ufac.br\/index.php?rest_route=%2Fwp%2Fv2%2Fcoauthors&post=598"}],"curies":[{"name":"wp","href":"https:\/\/api.w.org\/{rel}","templated":true}]}}