{"id":5979,"date":"2026-03-16T15:50:16","date_gmt":"2026-03-16T20:50:16","guid":{"rendered":"https:\/\/acatraia.ufac.br\/?p=5979"},"modified":"2026-03-16T15:50:18","modified_gmt":"2026-03-16T20:50:18","slug":"brechos-movimentam-rio-branco-com-reaproveitamento-de-roupas-e-precos-acessiveis","status":"publish","type":"post","link":"https:\/\/acatraia.ufac.br\/?p=5979","title":{"rendered":"Brech\u00f3s movimentam Rio Branco com reaproveitamento de roupas e pre\u00e7os acess\u00edveis"},"content":{"rendered":"\n<p><strong><em>Por Laianny Sena&nbsp;<\/em><\/strong><\/p>\n\n\n\n<p>Os brech\u00f3s fazem parte do cen\u00e1rio de consumo em Rio Branco, oferecendo roupas seminovas por pre\u00e7os mais baixos. A combina\u00e7\u00e3o entre economia e reaproveitamento de pe\u00e7as tem atra\u00eddo moradores da capital acreana e impulsionado o empreendedorismo feminino. Esses espa\u00e7os tamb\u00e9m se tornaram uma fonte de renda para muitas mulheres.<\/p>\n\n\n\n<p>A empreendedora Brenda Vidal, de 32 anos, \u00e9 a criadora do Brechic, brech\u00f3 online que surgiu em 2020, no in\u00edcio da pandemia. A ideia nasceu quando ela estava em casa, com v\u00e1rias roupas paradas no arm\u00e1rio e sem perspectiva de uso. Foi ent\u00e3o que decidiu criar um perfil no Instagram para vender as pe\u00e7as.&nbsp;<\/p>\n\n\n\n<p>\u201cO Br\u00eachic nasceu bem no come\u00e7o da pandemia. Eu estava em casa, com v\u00e1rias roupas paradas no arm\u00e1rio e praticamente zero chances de usar qualquer uma delas. Para ocupar a mente, resolvi criar um Instagram para vender essas pe\u00e7as.\u201d<\/p>\n\n\n\n<figure class=\"wp-block-image size-large\"><img data-recalc-dims=\"1\" fetchpriority=\"high\" decoding=\"async\" width=\"740\" height=\"987\" src=\"https:\/\/i0.wp.com\/acatraia.ufac.br\/wp-content\/uploads\/2026\/03\/e4fc8146-0fbd-4bac-bf9f-e5ce0bc95b22-768x1024.jpeg?resize=740%2C987&#038;ssl=1\" alt=\"\" class=\"wp-image-5982\" srcset=\"https:\/\/i0.wp.com\/acatraia.ufac.br\/wp-content\/uploads\/2026\/03\/e4fc8146-0fbd-4bac-bf9f-e5ce0bc95b22.jpeg?resize=768%2C1024&amp;ssl=1 768w, https:\/\/i0.wp.com\/acatraia.ufac.br\/wp-content\/uploads\/2026\/03\/e4fc8146-0fbd-4bac-bf9f-e5ce0bc95b22.jpeg?resize=225%2C300&amp;ssl=1 225w, https:\/\/i0.wp.com\/acatraia.ufac.br\/wp-content\/uploads\/2026\/03\/e4fc8146-0fbd-4bac-bf9f-e5ce0bc95b22.jpeg?w=960&amp;ssl=1 960w\" sizes=\"(max-width: 740px) 100vw, 740px\" \/><\/figure>\n\n\n\n<p><em>Vestido da marca Triton. Foto: cedida<\/em><\/p>\n\n\n\n<p>Segundo Brenda, um dos diferenciais do neg\u00f3cio foi a forma como construiu a rela\u00e7\u00e3o com as clientes. \u201cAcho que o diferencial foi humanizar a p\u00e1gina. Sempre mostrei a vida real, sem filtro perfeito, sem personagem. Queria que fosse um espa\u00e7o onde as pessoas se sentissem acolhidas, como se estivessem conversando com uma amiga, mas sem perder o foco na moda consciente\u201d.<\/p>\n\n\n\n<p>Al\u00e9m do reaproveitamento de roupas, o pre\u00e7o das pe\u00e7as tamb\u00e9m chama a aten\u00e7\u00e3o dos consumidores. Segundo Brenda Vidal, um vestido da marca Triton, que pode custar cerca de R$398,00 em lojas ou plataformas online, foi vendido no Brechic por R$80,00. J\u00e1 uma camisa da Damyller, que em m\u00e9dia custa R$150,00 nas lojas, foi comercializada no brech\u00f3 por apenas R$25,00.<\/p>\n\n\n\n<p>Hoje, o Brechic funciona exclusivamente pelas redes sociais, por meio do perfil @brechic.ac, onde as pe\u00e7as s\u00e3o divulgadas e as vendas realizadas.&nbsp;<\/p>\n\n\n\n<p>Al\u00e9m das iniciativas individuais, h\u00e1 brecholeiras que tamb\u00e9m se organizam por meio do Encontro das Brecholeiras. A idealizadora do projeto, G\u00e9lly Caf\u00e9, explica que a iniciativa surgiu inspirada em movimentos de moda sustent\u00e1vel dos quais participou quando morou em Bras\u00edlia. Ao retornar para Rio Branco, percebeu que poderia transformar a experi\u00eancia em um projeto coletivo, incentivando mulheres a empreender com pe\u00e7as que j\u00e1 tinham no guarda-roupa.<\/p>\n\n\n\n<figure class=\"wp-block-image size-large\"><img data-recalc-dims=\"1\" decoding=\"async\" width=\"740\" height=\"562\" src=\"https:\/\/i0.wp.com\/acatraia.ufac.br\/wp-content\/uploads\/2026\/03\/fd100506-aefe-4e43-bda7-7ff11a9683b7.jpeg?resize=740%2C562&#038;ssl=1\" alt=\"\" class=\"wp-image-5983\" srcset=\"https:\/\/i0.wp.com\/acatraia.ufac.br\/wp-content\/uploads\/2026\/03\/fd100506-aefe-4e43-bda7-7ff11a9683b7.jpeg?resize=1024%2C778&amp;ssl=1 1024w, https:\/\/i0.wp.com\/acatraia.ufac.br\/wp-content\/uploads\/2026\/03\/fd100506-aefe-4e43-bda7-7ff11a9683b7.jpeg?resize=300%2C228&amp;ssl=1 300w, https:\/\/i0.wp.com\/acatraia.ufac.br\/wp-content\/uploads\/2026\/03\/fd100506-aefe-4e43-bda7-7ff11a9683b7.jpeg?resize=768%2C584&amp;ssl=1 768w, https:\/\/i0.wp.com\/acatraia.ufac.br\/wp-content\/uploads\/2026\/03\/fd100506-aefe-4e43-bda7-7ff11a9683b7.jpeg?w=1080&amp;ssl=1 1080w\" sizes=\"(max-width: 740px) 100vw, 740px\" \/><\/figure>\n\n\n\n<p><em>Imagem cedida pela entrevistada<\/em><\/p>\n\n\n\n<p>Ao longo de quatro anos, o grupo acompanhou um crescimento significativo dos brech\u00f3s no Acre, especialmente ap\u00f3s a cria\u00e7\u00e3o do Encontro. A proposta vai al\u00e9m da comercializa\u00e7\u00e3o de roupas e inclui mentoria e fortalecimento coletivo.&nbsp;<\/p>\n\n\n\n<p>\u201cMuitas mulheres come\u00e7aram apenas desapegando pe\u00e7as pessoais e hoje j\u00e1 t\u00eam fornecedores, estruturaram uma din\u00e2mica comercial pr\u00f3pria e atuam tamb\u00e9m no online, utilizando estrat\u00e9gias de comunica\u00e7\u00e3o e posicionamento\u201d, destaca G\u00e9lly Caf\u00e9.<\/p>\n\n\n\n<p>\u201cNo brech\u00f3, as pessoas conseguem se vestir bem, com qualidade e pagando pouco. A moda se torna acess\u00edvel, inclusive para fam\u00edlias que muitas vezes n\u00e3o conseguem comprar roupas em lojas convencionais\u201d, afirma.<\/p>\n\n\n\n<figure class=\"wp-block-image size-large\"><img data-recalc-dims=\"1\" decoding=\"async\" width=\"740\" height=\"416\" src=\"https:\/\/i0.wp.com\/acatraia.ufac.br\/wp-content\/uploads\/2026\/03\/48953629-3b92-4f6d-8f01-707292d8db18.jpeg?resize=740%2C416&#038;ssl=1\" alt=\"\" class=\"wp-image-5984\" srcset=\"https:\/\/i0.wp.com\/acatraia.ufac.br\/wp-content\/uploads\/2026\/03\/48953629-3b92-4f6d-8f01-707292d8db18.jpeg?resize=1024%2C576&amp;ssl=1 1024w, https:\/\/i0.wp.com\/acatraia.ufac.br\/wp-content\/uploads\/2026\/03\/48953629-3b92-4f6d-8f01-707292d8db18.jpeg?resize=300%2C169&amp;ssl=1 300w, https:\/\/i0.wp.com\/acatraia.ufac.br\/wp-content\/uploads\/2026\/03\/48953629-3b92-4f6d-8f01-707292d8db18.jpeg?resize=768%2C432&amp;ssl=1 768w, https:\/\/i0.wp.com\/acatraia.ufac.br\/wp-content\/uploads\/2026\/03\/48953629-3b92-4f6d-8f01-707292d8db18.jpeg?w=1280&amp;ssl=1 1280w\" sizes=\"(max-width: 740px) 100vw, 740px\" \/><\/figure>\n\n\n\n<p><em>Imagem cedida pela entrevistada<\/em><\/p>\n\n\n\n<p>Al\u00e9m da economia para os consumidores, o reaproveitamento de roupas tamb\u00e9m contribui para reduzir o descarte de pe\u00e7as que ainda est\u00e3o em bom estado.<\/p>\n\n\n\n<p>Para muitas mulheres, o brech\u00f3 representa gera\u00e7\u00e3o de renda, autonomia financeira e fortalecimento pessoal. O Encontro das Brecholeiras tamb\u00e9m promove uma rede de apoio e colabora\u00e7\u00e3o entre as participantes.<\/p>\n\n\n\n<p>As agendas e informa\u00e7\u00f5es sobre os eventos s\u00e3o divulgadas no Instagram, por meio do perfil @encontrodasbrecholeiras, onde tamb\u00e9m s\u00e3o divulgadas as pr\u00f3ximas edi\u00e7\u00f5es realizadas na cidade.<\/p>\n\n\n\n<p>Entre os diferentes p\u00fablicos atendidos pelos brech\u00f3s, tamb\u00e9m h\u00e1 iniciativas voltadas para roupas e itens infantis. Como as crian\u00e7as crescem rapidamente, muitas pe\u00e7as s\u00e3o usadas por pouco tempo, o que torna o reaproveitamento mais comum. Por isso, os brech\u00f3s acabam sendo uma alternativa para pais e respons\u00e1veis venderem roupas que j\u00e1 n\u00e3o servem mais e, ao mesmo tempo, permitem que outras fam\u00edlias encontrem pe\u00e7as infantis em bom estado por pre\u00e7os mais acess\u00edveis.<\/p>\n\n\n\n<p>A presen\u00e7a dos brech\u00f3s em Rio Branco mostra diferentes formas de consumo e gera\u00e7\u00e3o de renda na cidade. Mais do que uma op\u00e7\u00e3o econ\u00f4mica, esses espa\u00e7os incentivam o consumo consciente, fortalecem o empreendedorismo feminino e permitem que consumidores tenham acesso a pe\u00e7as de marcas conhecidas e em bom estado por pre\u00e7os mais acess\u00edveis.<\/p>\n","protected":false},"excerpt":{"rendered":"<p>Pe\u00e7as de marcas conhecidas chegam a custar at\u00e9 80% menos nos brech\u00f3s da capital acreana<\/p>\n","protected":false},"author":24,"featured_media":5980,"comment_status":"open","ping_status":"open","sticky":false,"template":"","format":"standard","meta":{"_jetpack_memberships_contains_paid_content":false,"footnotes":"","jetpack_publicize_message":"","jetpack_publicize_feature_enabled":true,"jetpack_social_post_already_shared":true,"jetpack_social_options":{"image_generator_settings":{"template":"highway","default_image_id":0,"enabled":false},"version":2}},"categories":[3,1],"tags":[40,8,32],"coauthors":[136],"class_list":["post-5979","post","type-post","status-publish","format-standard","has-post-thumbnail","hentry","category-corriqueiras","category-ultimas-noticias","tag-acre","tag-destaque","tag-economia"],"jetpack_publicize_connections":[],"jetpack_featured_media_url":"https:\/\/i0.wp.com\/acatraia.ufac.br\/wp-content\/uploads\/2026\/03\/8f470b76-d4e5-45ee-91b0-1302b4dc9a15.jpeg?fit=1280%2C854&ssl=1","jetpack_sharing_enabled":true,"amp_enabled":true,"_links":{"self":[{"href":"https:\/\/acatraia.ufac.br\/index.php?rest_route=\/wp\/v2\/posts\/5979","targetHints":{"allow":["GET"]}}],"collection":[{"href":"https:\/\/acatraia.ufac.br\/index.php?rest_route=\/wp\/v2\/posts"}],"about":[{"href":"https:\/\/acatraia.ufac.br\/index.php?rest_route=\/wp\/v2\/types\/post"}],"author":[{"embeddable":true,"href":"https:\/\/acatraia.ufac.br\/index.php?rest_route=\/wp\/v2\/users\/24"}],"replies":[{"embeddable":true,"href":"https:\/\/acatraia.ufac.br\/index.php?rest_route=%2Fwp%2Fv2%2Fcomments&post=5979"}],"version-history":[{"count":1,"href":"https:\/\/acatraia.ufac.br\/index.php?rest_route=\/wp\/v2\/posts\/5979\/revisions"}],"predecessor-version":[{"id":5985,"href":"https:\/\/acatraia.ufac.br\/index.php?rest_route=\/wp\/v2\/posts\/5979\/revisions\/5985"}],"wp:featuredmedia":[{"embeddable":true,"href":"https:\/\/acatraia.ufac.br\/index.php?rest_route=\/wp\/v2\/media\/5980"}],"wp:attachment":[{"href":"https:\/\/acatraia.ufac.br\/index.php?rest_route=%2Fwp%2Fv2%2Fmedia&parent=5979"}],"wp:term":[{"taxonomy":"category","embeddable":true,"href":"https:\/\/acatraia.ufac.br\/index.php?rest_route=%2Fwp%2Fv2%2Fcategories&post=5979"},{"taxonomy":"post_tag","embeddable":true,"href":"https:\/\/acatraia.ufac.br\/index.php?rest_route=%2Fwp%2Fv2%2Ftags&post=5979"},{"taxonomy":"author","embeddable":true,"href":"https:\/\/acatraia.ufac.br\/index.php?rest_route=%2Fwp%2Fv2%2Fcoauthors&post=5979"}],"curies":[{"name":"wp","href":"https:\/\/api.w.org\/{rel}","templated":true}]}}