{"id":5949,"date":"2026-03-14T16:17:24","date_gmt":"2026-03-14T21:17:24","guid":{"rendered":"https:\/\/acatraia.ufac.br\/?p=5949"},"modified":"2026-03-16T15:36:22","modified_gmt":"2026-03-16T20:36:22","slug":"chapa-dialogando-com-as-pessoas-e-construindo-o-futuro-apresenta-propostas-voltadas-ao-dialogo-institucional-e-fortalecimento-academico","status":"publish","type":"post","link":"https:\/\/acatraia.ufac.br\/?p=5949","title":{"rendered":"Chapa \u201cDialogando com as Pessoas e Construindo o Futuro\u201d apresenta propostas voltadas ao di\u00e1logo institucional e fortalecimento acad\u00eamico"},"content":{"rendered":"\n<p><strong><em>Por Rhawan Vital<\/em><\/strong><\/p>\n\n\n\n<p>A Universidade Federal do Acre (Ufac) realiza no dia 19 de mar\u00e7o a vota\u00e7\u00e3o para a escolha do novo reitor e vice-reitor da institui\u00e7\u00e3o para o quadri\u00eanio 2026\/2030. Entre as chapas concorrentes est\u00e1 <strong>\u201cDialogando com as Pessoas e Construindo o Futuro\u201d<\/strong>, formada pelo professor Josimar Batista Ferreira, concorrente a reitor, e pelo professor Marco Ant\u00f4nio Amaro, candidato a vice-reitor.<\/p>\n\n\n\n<p>A chapa destaca como eixo central da proposta de gest\u00e3o o fortalecimento do di\u00e1logo entre a administra\u00e7\u00e3o universit\u00e1ria e a comunidade acad\u00eamica, envolvendo estudantes, docentes e t\u00e9cnicos administrativos.<\/p>\n\n\n\n<h4 class=\"wp-block-heading\">Propostas e eixos de gest\u00e3o<\/h4>\n\n\n\n<p>Entre as propostas apresentadas pela chapa est\u00e3o a\u00e7\u00f5es voltadas \u00e0 valoriza\u00e7\u00e3o das atividades de ensino, pesquisa e extens\u00e3o desenvolvidas na universidade.<\/p>\n\n\n\n<p>O plano tamb\u00e9m menciona a amplia\u00e7\u00e3o de pol\u00edticas de perman\u00eancia e assist\u00eancia estudantil, al\u00e9m do incentivo \u00e0 produ\u00e7\u00e3o cient\u00edfica e ao fortalecimento da p\u00f3s-gradua\u00e7\u00e3o.<\/p>\n\n\n\n<p>Outro ponto destacado \u00e9 a moderniza\u00e7\u00e3o da gest\u00e3o administrativa da universidade, com foco em efici\u00eancia institucional e melhoria das condi\u00e7\u00f5es de trabalho para servidores.<\/p>\n\n\n\n<p>A chapa tamb\u00e9m defende investimentos na infraestrutura acad\u00eamica e no desenvolvimento de iniciativas voltadas \u00e0 inova\u00e7\u00e3o cient\u00edfica e tecnol\u00f3gica, com o objetivo de fortalecer o papel da universidade no desenvolvimento regional.<\/p>\n\n\n\n<h4 class=\"wp-block-heading\">Perfil dos candidatos<\/h4>\n\n\n\n<p>Josimar Batista Ferreira \u00e9 professor titular do curso de Engenharia Agron\u00f4mica da Ufac. Ao longo de sua trajet\u00f3ria na universidade, j\u00e1 atuou como coordenador de curso, diretor de centro, pr\u00f3-reitor e vice-reitor da institui\u00e7\u00e3o.<\/p>\n\n\n\n<p>Marco Antonio Amaro \u00e9 professor do curso de Engenharia Florestal da Ufac desde 2004. Durante sua carreira acad\u00eamica, tamb\u00e9m ocupou cargos de coordena\u00e7\u00e3o de curso, vice-dire\u00e7\u00e3o e dire\u00e7\u00e3o de centro. Suas atividades acad\u00eamicas est\u00e3o ligadas a pesquisas e forma\u00e7\u00e3o profissional na \u00e1rea ambiental e florestal da Amaz\u00f4nia.<\/p>\n\n\n\n<h4 class=\"wp-block-heading\">Elei\u00e7\u00e3o na Ufac<\/h4>\n\n\n\n<p>A vota\u00e7\u00e3o ocorrer\u00e1 das 8h \u00e0s 21h (hor\u00e1rio do Acre). O processo ser\u00e1 realizado de forma totalmente on-line, por meio da plataforma Helios Voting System, acessada pelo portal de elei\u00e7\u00f5es da universidade. Para votar, estudantes, professores e t\u00e9cnicos administrativos devem utilizar o login institucional da Ufac.<\/p>\n\n\n\n<p>De acordo com o edital do processo eleitoral, o voto \u00e9 individual, secreto e intransfer\u00edvel. Cada eleitor poder\u00e1 votar apenas uma vez, mesmo que possua mais de um v\u00ednculo com a universidade.<\/p>\n\n\n\n<p>A disputa pela reitoria da Universidade Federal do Acre conta com tr\u00eas chapas. Concorrem \u201c<strong>Juntos pela Ufac<\/strong>\u201d, encabe\u00e7ada pelo professor Carlos Moraes; \u201c<strong>Radical \u00e9 a mudan\u00e7a<\/strong>\u201d, liderada pela professora Raquel Alves; e \u201c<strong>Dialogando com as Pessoas e Construindo o Futuro<\/strong>\u201d, encabe\u00e7ada pelo professor Josimar Ferreira.<\/p>\n\n\n\n<p>Caso nenhuma chapa obtenha mais de 50% dos votos v\u00e1lidos, haver\u00e1 um segundo turno, previsto para o dia 26 de mar\u00e7o de 2026.<\/p>\n\n\n\n<p><em>*A equipe do A Catraia entrou em contato com os candidatos da chapa para obter coment\u00e1rios sobre a candidatura e as propostas apresentadas, bem como para conhecer um pouco mais da hist\u00f3ria e trajet\u00f3ria dos integrantes da chapa, mas n\u00e3o houve resposta at\u00e9 o fechamento desta mat\u00e9ria. O canal segue aberto para manifesta\u00e7\u00e3o e a mat\u00e9ria poder\u00e1 ser atualizada caso o posicionamento seja enviado.<\/em><\/p>\n","protected":false},"excerpt":{"rendered":"<p>Plano de gest\u00e3o destaca valoriza\u00e7\u00e3o do ensino, pesquisa e extens\u00e3o, al\u00e9m de melhorias na estrutura universit\u00e1ria<\/p>\n","protected":false},"author":24,"featured_media":5961,"comment_status":"open","ping_status":"open","sticky":false,"template":"","format":"standard","meta":{"_jetpack_memberships_contains_paid_content":false,"footnotes":"","jetpack_publicize_message":"","jetpack_publicize_feature_enabled":true,"jetpack_social_post_already_shared":true,"jetpack_social_options":{"image_generator_settings":{"template":"highway","default_image_id":0,"enabled":false},"version":2}},"categories":[199,1],"tags":[98,47],"coauthors":[136],"class_list":["post-5949","post","type-post","status-publish","format-standard","has-post-thumbnail","hentry","category-eleicao-ufac","category-ultimas-noticias","tag-politica","tag-ufac"],"jetpack_publicize_connections":[],"jetpack_featured_media_url":"https:\/\/i0.wp.com\/acatraia.ufac.br\/wp-content\/uploads\/2026\/03\/WhatsApp-Image-2026-03-14-at-4.09.49-PM.jpeg?fit=1280%2C853&ssl=1","jetpack_sharing_enabled":true,"amp_enabled":true,"_links":{"self":[{"href":"https:\/\/acatraia.ufac.br\/index.php?rest_route=\/wp\/v2\/posts\/5949","targetHints":{"allow":["GET"]}}],"collection":[{"href":"https:\/\/acatraia.ufac.br\/index.php?rest_route=\/wp\/v2\/posts"}],"about":[{"href":"https:\/\/acatraia.ufac.br\/index.php?rest_route=\/wp\/v2\/types\/post"}],"author":[{"embeddable":true,"href":"https:\/\/acatraia.ufac.br\/index.php?rest_route=\/wp\/v2\/users\/24"}],"replies":[{"embeddable":true,"href":"https:\/\/acatraia.ufac.br\/index.php?rest_route=%2Fwp%2Fv2%2Fcomments&post=5949"}],"version-history":[{"count":3,"href":"https:\/\/acatraia.ufac.br\/index.php?rest_route=\/wp\/v2\/posts\/5949\/revisions"}],"predecessor-version":[{"id":5970,"href":"https:\/\/acatraia.ufac.br\/index.php?rest_route=\/wp\/v2\/posts\/5949\/revisions\/5970"}],"wp:featuredmedia":[{"embeddable":true,"href":"https:\/\/acatraia.ufac.br\/index.php?rest_route=\/wp\/v2\/media\/5961"}],"wp:attachment":[{"href":"https:\/\/acatraia.ufac.br\/index.php?rest_route=%2Fwp%2Fv2%2Fmedia&parent=5949"}],"wp:term":[{"taxonomy":"category","embeddable":true,"href":"https:\/\/acatraia.ufac.br\/index.php?rest_route=%2Fwp%2Fv2%2Fcategories&post=5949"},{"taxonomy":"post_tag","embeddable":true,"href":"https:\/\/acatraia.ufac.br\/index.php?rest_route=%2Fwp%2Fv2%2Ftags&post=5949"},{"taxonomy":"author","embeddable":true,"href":"https:\/\/acatraia.ufac.br\/index.php?rest_route=%2Fwp%2Fv2%2Fcoauthors&post=5949"}],"curies":[{"name":"wp","href":"https:\/\/api.w.org\/{rel}","templated":true}]}}