{"id":5948,"date":"2026-03-14T16:16:19","date_gmt":"2026-03-14T21:16:19","guid":{"rendered":"https:\/\/acatraia.ufac.br\/?p=5948"},"modified":"2026-03-16T15:36:16","modified_gmt":"2026-03-16T20:36:16","slug":"chapa-juntos-pela-ufac-apresenta-propostas-voltadas-a-inovacao-infraestrutura-e-permanencia-estudantil","status":"publish","type":"post","link":"https:\/\/acatraia.ufac.br\/?p=5948","title":{"rendered":"Chapa \u201cJuntos pela Ufac\u201d apresenta propostas voltadas \u00e0 inova\u00e7\u00e3o, infraestrutura e perman\u00eancia estudantil"},"content":{"rendered":"\n<p><strong><em>Por Andr\u00e9 Gonzaga<\/em><\/strong><\/p>\n\n\n\n<p>A comunidade acad\u00eamica da Universidade Federal do Acre (Ufac) vai \u00e0s urnas no dia 19 de mar\u00e7o para escolher o novo reitor e vice-reitor da institui\u00e7\u00e3o para o quadri\u00eanio 2026\/2030. Entre as chapas concorrentes est\u00e1 <strong>\u201cJuntos pela Ufac\u201d<\/strong>, encabe\u00e7ada pelo professor Carlos Moraes, candidato a reitor, e pela professora Almecina Balbino Silva, concorrente a vice-reitora.<\/p>\n\n\n\n<p>Segundo a chapa, o plano de gest\u00e3o busca reposicionar a universidade como refer\u00eancia regional em produ\u00e7\u00e3o cient\u00edfica, inova\u00e7\u00e3o tecnol\u00f3gica e compromisso social na Amaz\u00f4nia.<\/p>\n\n\n\n<h4 class=\"wp-block-heading\">Propostas e eixos de gest\u00e3o<\/h4>\n\n\n\n<p>Entre as propostas apresentadas est\u00e3o a\u00e7\u00f5es voltadas \u00e0 moderniza\u00e7\u00e3o da infraestrutura acad\u00eamica, amplia\u00e7\u00e3o de pol\u00edticas de perman\u00eancia estudantil e fortalecimento da pesquisa.<\/p>\n\n\n\n<p>Na \u00e1rea de tecnologia educacional, o programa Ufac Conectada prev\u00ea a distribui\u00e7\u00e3o de tablets para estudantes e notebooks para servidores, al\u00e9m da cria\u00e7\u00e3o da Sala do Futuro, equipada para metodologias de ensino h\u00edbrido.<\/p>\n\n\n\n<p>O plano tamb\u00e9m inclui a\u00e7\u00f5es voltadas \u00e0 seguran\u00e7a nos campi por meio do programa Ufac Segura, que prev\u00ea rotas iluminadas, bot\u00e3o de emerg\u00eancia em aplicativo institucional e mapeamento de \u00e1reas de risco.<\/p>\n\n\n\n<p>No campo da assist\u00eancia estudantil, a chapa prop\u00f5e a cria\u00e7\u00e3o de uma creche universit\u00e1ria no campus de Rio Branco, amplia\u00e7\u00e3o de pol\u00edticas de moradia estudantil e refor\u00e7o no atendimento psicol\u00f3gico, social e pedag\u00f3gico.<\/p>\n\n\n\n<p>Entre os projetos estruturais apresentados est\u00e3o ainda a implanta\u00e7\u00e3o de um Hospital Veterin\u00e1rio, a retomada do debate sobre o Hospital Universit\u00e1rio, al\u00e9m da cria\u00e7\u00e3o de um centro de pesquisa cl\u00ednica.<\/p>\n\n\n\n<p>O plano de gest\u00e3o tamb\u00e9m prev\u00ea iniciativas voltadas \u00e0 sustentabilidade nos campi, com uso de energia solar, gest\u00e3o de res\u00edduos e pol\u00edticas ambientais.<\/p>\n\n\n\n<h4 class=\"wp-block-heading\">Perfil dos candidatos<\/h4>\n\n\n\n<p>Carlos Moraes \u00e9 professor de Filosofia da Ufac e atua nas \u00e1reas de \u00c9tica, Bio\u00e9tica e Hist\u00f3ria da Filosofia Medieval. Possui doutorado em Filosofia pela Universidade de S\u00e3o Paulo (USP) e doutorado em Teologia Moral pela Academia Alfonsiana de Roma. Na universidade, j\u00e1 ocupou cargos como pr\u00f3-reitor de Gradua\u00e7\u00e3o e pr\u00f3-reitor de Extens\u00e3o e Cultura.<\/p>\n\n\n\n<p>Almecina Balbino Silva \u00e9 engenheira agr\u00f4noma formada pela Ufac, com mestrado e doutorado em Agronomia pela Universidade Estadual Paulista (Unesp). Professora do Centro de Ci\u00eancias Biol\u00f3gicas e da Natureza, desenvolve pesquisas relacionadas \u00e0 biodiversidade amaz\u00f4nica, etnobot\u00e2nica e bioeconomia. Tamb\u00e9m atua na \u00e1rea de inova\u00e7\u00e3o e tecnologia na universidade.<\/p>\n\n\n\n<h4 class=\"wp-block-heading\">Elei\u00e7\u00e3o na Ufac<\/h4>\n\n\n\n<p>A vota\u00e7\u00e3o ocorrer\u00e1 das 8h \u00e0s 21h (hor\u00e1rio do Acre). O processo ser\u00e1 realizado de forma totalmente on-line, por meio da plataforma Helios Voting System, acessada pelo portal de elei\u00e7\u00f5es da universidade. Para votar, estudantes, professores e t\u00e9cnicos administrativos devem utilizar o login institucional da Ufac.<\/p>\n\n\n\n<p>De acordo com o edital do processo eleitoral, o voto \u00e9 individual, secreto e intransfer\u00edvel. Cada eleitor poder\u00e1 votar apenas uma vez, mesmo que possua mais de um v\u00ednculo com a universidade.<\/p>\n\n\n\n<p>A disputa pela reitoria da Universidade Federal do Acre conta com tr\u00eas chapas. Concorrem \u201c<strong>Juntos pela Ufac<\/strong>\u201d, encabe\u00e7ada pelo professor Carlos Moraes; \u201c<strong>Radical \u00e9 a mudan\u00e7a<\/strong>\u201d, liderada pela professora Raquel Alves; e \u201c<strong>Dialogando com as Pessoas e Construindo o Futuro<\/strong>\u201d, encabe\u00e7ada pelo professor Josimar Ferreira.<\/p>\n\n\n\n<p>Caso nenhuma chapa obtenha mais de 50% dos votos v\u00e1lidos, haver\u00e1 um segundo turno, previsto para o dia 26 de mar\u00e7o de 2026.<\/p>\n\n\n\n<p><em>*A equipe do A Catraia entrou em contato com os candidatos da chapa para obter coment\u00e1rios sobre a candidatura e as propostas apresentadas, bem como para conhecer um pouco mais da hist\u00f3ria e trajet\u00f3ria dos integrantes da chapa, mas n\u00e3o houve resposta at\u00e9 o fechamento desta mat\u00e9ria. O canal segue aberto para manifesta\u00e7\u00e3o e a mat\u00e9ria poder\u00e1 ser atualizada caso o posicionamento seja enviado.<\/em><\/p>\n","protected":false},"excerpt":{"rendered":"<p>Plano de gest\u00e3o destaca tecnologia educacional, seguran\u00e7a nos campi e amplia\u00e7\u00e3o de pol\u00edticas de inclus\u00e3o e assist\u00eancia aos estudantes<\/p>\n","protected":false},"author":24,"featured_media":5954,"comment_status":"open","ping_status":"open","sticky":false,"template":"","format":"standard","meta":{"_jetpack_memberships_contains_paid_content":false,"footnotes":"","jetpack_publicize_message":"","jetpack_publicize_feature_enabled":true,"jetpack_social_post_already_shared":true,"jetpack_social_options":{"image_generator_settings":{"template":"highway","default_image_id":0,"enabled":false},"version":2}},"categories":[199,1],"tags":[98,47],"coauthors":[136],"class_list":["post-5948","post","type-post","status-publish","format-standard","has-post-thumbnail","hentry","category-eleicao-ufac","category-ultimas-noticias","tag-politica","tag-ufac"],"jetpack_publicize_connections":[],"jetpack_featured_media_url":"https:\/\/i0.wp.com\/acatraia.ufac.br\/wp-content\/uploads\/2026\/03\/WhatsApp-Image-2026-03-14-at-4.01.54-PM.jpeg?fit=1280%2C960&ssl=1","jetpack_sharing_enabled":true,"amp_enabled":true,"_links":{"self":[{"href":"https:\/\/acatraia.ufac.br\/index.php?rest_route=\/wp\/v2\/posts\/5948","targetHints":{"allow":["GET"]}}],"collection":[{"href":"https:\/\/acatraia.ufac.br\/index.php?rest_route=\/wp\/v2\/posts"}],"about":[{"href":"https:\/\/acatraia.ufac.br\/index.php?rest_route=\/wp\/v2\/types\/post"}],"author":[{"embeddable":true,"href":"https:\/\/acatraia.ufac.br\/index.php?rest_route=\/wp\/v2\/users\/24"}],"replies":[{"embeddable":true,"href":"https:\/\/acatraia.ufac.br\/index.php?rest_route=%2Fwp%2Fv2%2Fcomments&post=5948"}],"version-history":[{"count":5,"href":"https:\/\/acatraia.ufac.br\/index.php?rest_route=\/wp\/v2\/posts\/5948\/revisions"}],"predecessor-version":[{"id":5973,"href":"https:\/\/acatraia.ufac.br\/index.php?rest_route=\/wp\/v2\/posts\/5948\/revisions\/5973"}],"wp:featuredmedia":[{"embeddable":true,"href":"https:\/\/acatraia.ufac.br\/index.php?rest_route=\/wp\/v2\/media\/5954"}],"wp:attachment":[{"href":"https:\/\/acatraia.ufac.br\/index.php?rest_route=%2Fwp%2Fv2%2Fmedia&parent=5948"}],"wp:term":[{"taxonomy":"category","embeddable":true,"href":"https:\/\/acatraia.ufac.br\/index.php?rest_route=%2Fwp%2Fv2%2Fcategories&post=5948"},{"taxonomy":"post_tag","embeddable":true,"href":"https:\/\/acatraia.ufac.br\/index.php?rest_route=%2Fwp%2Fv2%2Ftags&post=5948"},{"taxonomy":"author","embeddable":true,"href":"https:\/\/acatraia.ufac.br\/index.php?rest_route=%2Fwp%2Fv2%2Fcoauthors&post=5948"}],"curies":[{"name":"wp","href":"https:\/\/api.w.org\/{rel}","templated":true}]}}