{"id":5920,"date":"2026-03-13T17:28:21","date_gmt":"2026-03-13T22:28:21","guid":{"rendered":"https:\/\/acatraia.ufac.br\/?p=5920"},"modified":"2026-03-14T14:35:18","modified_gmt":"2026-03-14T19:35:18","slug":"cidade-do-povo-do-refugio-das-enchentes-ao-medo-da-violencia","status":"publish","type":"post","link":"https:\/\/acatraia.ufac.br\/?p=5920","title":{"rendered":"Cidade do Povo: do ref\u00fagio das enchentes ao medo da viol\u00eancia"},"content":{"rendered":"\n<p><strong><em>Por Diogo Jos\u00e9 e Vit\u00f3ria Messias<\/em><\/strong><\/p>\n\n\n\n<p>Ap\u00f3s perder a casa onde morava com a m\u00e3e no bairro Taquari durante a grande enchente de 2015, M.J., que prefere n\u00e3o se identificar, encontrou na Cidade do Povo a oportunidade de recome\u00e7ar. Naquele ano, o Rio Acre atingiu a marca hist\u00f3rica de 18,40 metros, a maior registrada, segundo a Defesa Civil do Acre. A \u00e1gua cobriu completamente a resid\u00eancia da fam\u00edlia, destruindo grande parte dos pertences.<\/p>\n\n\n<div class=\"wp-block-image\">\n<figure class=\"aligncenter size-full\"><img data-recalc-dims=\"1\" fetchpriority=\"high\" decoding=\"async\" width=\"620\" height=\"465\" src=\"https:\/\/i0.wp.com\/acatraia.ufac.br\/wp-content\/uploads\/2026\/03\/image-1.png?resize=620%2C465&#038;ssl=1\" alt=\"\" class=\"wp-image-5922\" srcset=\"https:\/\/i0.wp.com\/acatraia.ufac.br\/wp-content\/uploads\/2026\/03\/image-1.png?w=620&amp;ssl=1 620w, https:\/\/i0.wp.com\/acatraia.ufac.br\/wp-content\/uploads\/2026\/03\/image-1.png?resize=300%2C225&amp;ssl=1 300w\" sizes=\"(max-width: 620px) 100vw, 620px\" \/><\/figure>\n<\/div>\n\n\n<p class=\"has-text-align-center\"><em>Lixo e entulhos acumulados no bairro Taquari ap\u00f3s a enchente de 2015 em Rio Branco. Foto: Aline Nascimento.<\/em><\/p>\n\n\n\n<p>Sem reposi\u00e7\u00e3o dos bens perdidos, a fam\u00edlia foi inclu\u00edda no cadastro de programas habitacionais do governo, assim como outros moradores das \u00e1reas atingidas pela cheia. No entanto, passados 11 anos da inaugura\u00e7\u00e3o do bairro, M.J. afirma que parte dos residentes da Cidade do Povo convivem atualmente com outro tipo de preocupa\u00e7\u00e3o: a seguran\u00e7a.<\/p>\n\n\n\n<p>\u201cExistem regras aqui dentro: se voc\u00ea n\u00e3o mexer com ningu\u00e9m, ningu\u00e9m mexe com voc\u00ea. Acaba que temos que aprender a lidar com isso no dia a dia, com essa inseguran\u00e7a\u201d, afirma.<\/p>\n\n\n\n<p>O que para muitas fam\u00edlias que vivem em \u00e1reas consideradas de risco parecia representar um novo come\u00e7o, com o passar dos anos passou a ser visto por parte da popula\u00e7\u00e3o como \u00faltima alternativa. M.J. afirma que, apesar de morar no bairro e n\u00e3o ter planos de sair, a Cidade do Povo ainda enfrenta desafios relacionados tamb\u00e9m \u00e0 infraestrutura e \u00e0 localiza\u00e7\u00e3o.<\/p>\n\n\n\n<p>\u201cApesar de ter sa\u00eddo do Taquari por conta da cheia, ainda assim tem vezes que chove muito aqui e tamb\u00e9m alaga. Sem contar a dist\u00e2ncia. Aqui \u00e9 muito longe de tudo, principalmente se n\u00e3o tiver transporte\u201d, relata.<\/p>\n\n\n<div class=\"wp-block-image\">\n<figure class=\"aligncenter size-full\"><img data-recalc-dims=\"1\" decoding=\"async\" width=\"740\" height=\"453\" src=\"https:\/\/i0.wp.com\/acatraia.ufac.br\/wp-content\/uploads\/2026\/03\/image-3.png?resize=740%2C453&#038;ssl=1\" alt=\"\" class=\"wp-image-5925\" srcset=\"https:\/\/i0.wp.com\/acatraia.ufac.br\/wp-content\/uploads\/2026\/03\/image-3.png?w=843&amp;ssl=1 843w, https:\/\/i0.wp.com\/acatraia.ufac.br\/wp-content\/uploads\/2026\/03\/image-3.png?resize=300%2C184&amp;ssl=1 300w, https:\/\/i0.wp.com\/acatraia.ufac.br\/wp-content\/uploads\/2026\/03\/image-3.png?resize=768%2C470&amp;ssl=1 768w\" sizes=\"(max-width: 740px) 100vw, 740px\" \/><\/figure>\n<\/div>\n\n\n<p class=\"has-text-align-center\"><em>Vista a\u00e9rea do bairro Cidade do Povo, em Rio Branco. Imagem: Google Earth.<\/em><\/p>\n\n\n\n<p>Dados do Minist\u00e9rio P\u00fablico do Acre (MPAC), divulgados no \u00faltimo Anu\u00e1rio de Indicadores de Viol\u00eancia, mostram que a Cidade do Povo aparece entre os bairros com maior incid\u00eancia de Crimes Violentos Letais Intencionais (CVLI) em Rio Branco entre os anos de 2021 e 2024.<\/p>\n\n\n\n<p>Segundo o levantamento, em 2021 foram registrados cinco casos no bairro, o que corresponde a 8,6% do total de ocorr\u00eancias. Em 2022, o n\u00famero se manteve em cinco registros, representando 11,9%. J\u00e1 em 2023 houve aumento significativo, com 13 casos, correspondendo a 21% das ocorr\u00eancias. Em 2024, o n\u00famero caiu para seis casos, equivalente a 12% do total.<\/p>\n\n\n<div class=\"wp-block-image\">\n<figure class=\"aligncenter size-large\"><img data-recalc-dims=\"1\" decoding=\"async\" width=\"740\" height=\"444\" src=\"https:\/\/i0.wp.com\/acatraia.ufac.br\/wp-content\/uploads\/2026\/03\/image.png?resize=740%2C444&#038;ssl=1\" alt=\"\" class=\"wp-image-5921\" srcset=\"https:\/\/i0.wp.com\/acatraia.ufac.br\/wp-content\/uploads\/2026\/03\/image.png?resize=1024%2C614&amp;ssl=1 1024w, https:\/\/i0.wp.com\/acatraia.ufac.br\/wp-content\/uploads\/2026\/03\/image.png?resize=300%2C180&amp;ssl=1 300w, https:\/\/i0.wp.com\/acatraia.ufac.br\/wp-content\/uploads\/2026\/03\/image.png?resize=768%2C461&amp;ssl=1 768w, https:\/\/i0.wp.com\/acatraia.ufac.br\/wp-content\/uploads\/2026\/03\/image.png?resize=1536%2C922&amp;ssl=1 1536w, https:\/\/i0.wp.com\/acatraia.ufac.br\/wp-content\/uploads\/2026\/03\/image.png?resize=1000%2C600&amp;ssl=1 1000w, https:\/\/i0.wp.com\/acatraia.ufac.br\/wp-content\/uploads\/2026\/03\/image.png?resize=590%2C354&amp;ssl=1 590w, https:\/\/i0.wp.com\/acatraia.ufac.br\/wp-content\/uploads\/2026\/03\/image.png?resize=400%2C240&amp;ssl=1 400w, https:\/\/i0.wp.com\/acatraia.ufac.br\/wp-content\/uploads\/2026\/03\/image.png?w=1600&amp;ssl=1 1600w, https:\/\/i0.wp.com\/acatraia.ufac.br\/wp-content\/uploads\/2026\/03\/image.png?w=1480&amp;ssl=1 1480w\" sizes=\"(max-width: 740px) 100vw, 740px\" \/><\/figure>\n<\/div>\n\n\n<p class=\"has-text-align-center\"><em>Dados: MPAC. Gr\u00e1fico: IA Google Gemini<\/em><\/p>\n\n\n\n<p>Um caso recente de viol\u00eancia refor\u00e7ou a preocupa\u00e7\u00e3o de moradores com a seguran\u00e7a no bairro. Na noite da \u00faltima quinta-feira, 12, dois trabalhadores da constru\u00e7\u00e3o civil foram sequestrados e executados em uma \u00e1rea de mata pr\u00f3xima \u00e0 rua Geraldo Leite, no bairro Cidade do Povo.<\/p>\n\n\n<div class=\"wp-block-image\">\n<figure class=\"aligncenter size-large\"><img data-recalc-dims=\"1\" loading=\"lazy\" decoding=\"async\" width=\"740\" height=\"321\" src=\"https:\/\/i0.wp.com\/acatraia.ufac.br\/wp-content\/uploads\/2026\/03\/image-2.png?resize=740%2C321&#038;ssl=1\" alt=\"\" class=\"wp-image-5923\" srcset=\"https:\/\/i0.wp.com\/acatraia.ufac.br\/wp-content\/uploads\/2026\/03\/image-2.png?resize=1024%2C444&amp;ssl=1 1024w, https:\/\/i0.wp.com\/acatraia.ufac.br\/wp-content\/uploads\/2026\/03\/image-2.png?resize=300%2C130&amp;ssl=1 300w, https:\/\/i0.wp.com\/acatraia.ufac.br\/wp-content\/uploads\/2026\/03\/image-2.png?resize=768%2C333&amp;ssl=1 768w, https:\/\/i0.wp.com\/acatraia.ufac.br\/wp-content\/uploads\/2026\/03\/image-2.png?w=1364&amp;ssl=1 1364w\" sizes=\"(max-width: 740px) 100vw, 740px\" \/><\/figure>\n<\/div>\n\n\n<p class=\"has-text-align-center\"><em>Remo\u00e7\u00e3o dos corpos das v\u00edtimas pelo Instituto M\u00e9dico Legal (IML), ap\u00f3s o crime registrado nesta quinta-feira, 12. Imagem: TV Gazeta<\/em><\/p>\n\n\n\n<p>O crime repercutiu nas redes sociais e gerou como\u00e7\u00e3o entre moradores e internautas. Em uma publica\u00e7\u00e3o sobre o caso no Instagram do portal de not\u00edcias ContilNet, diversos coment\u00e1rios expressaram indigna\u00e7\u00e3o e preocupa\u00e7\u00e3o com a situa\u00e7\u00e3o de seguran\u00e7a na regi\u00e3o. Entre as manifesta\u00e7\u00f5es, internautas criticaram a falta de pol\u00edticas p\u00fablicas eficazes para enfrentar a criminalidade.<\/p>\n\n\n\n<p>Coment\u00e1rios como \u201cEsse povoado deveria ser extinto\u201d, \u201cE o governo construindo casa num lugar desse\u201d, \u201cCidade do Povo foi criada para isolar a criminalidade, no entanto a seguran\u00e7a p\u00fablica n\u00e3o deu conta\u201d e \u201cDaqui a pouco ningu\u00e9m nem vai querer entrar nesse bairro\u201d ilustram a percep\u00e7\u00e3o de parte da popula\u00e7\u00e3o diante da viol\u00eancia registrada na regi\u00e3o. O epis\u00f3dio refor\u00e7a o debate sobre os desafios enfrentados pela Cidade do Povo.&nbsp;<\/p>\n\n\n<div class=\"wp-block-image\">\n<figure class=\"aligncenter size-large\"><img data-recalc-dims=\"1\" loading=\"lazy\" decoding=\"async\" width=\"740\" height=\"416\" src=\"https:\/\/i0.wp.com\/acatraia.ufac.br\/wp-content\/uploads\/2026\/03\/image-4.png?resize=740%2C416&#038;ssl=1\" alt=\"\" class=\"wp-image-5926\" srcset=\"https:\/\/i0.wp.com\/acatraia.ufac.br\/wp-content\/uploads\/2026\/03\/image-4.png?resize=1024%2C576&amp;ssl=1 1024w, https:\/\/i0.wp.com\/acatraia.ufac.br\/wp-content\/uploads\/2026\/03\/image-4.png?resize=300%2C169&amp;ssl=1 300w, https:\/\/i0.wp.com\/acatraia.ufac.br\/wp-content\/uploads\/2026\/03\/image-4.png?resize=768%2C432&amp;ssl=1 768w, https:\/\/i0.wp.com\/acatraia.ufac.br\/wp-content\/uploads\/2026\/03\/image-4.png?resize=1536%2C864&amp;ssl=1 1536w, https:\/\/i0.wp.com\/acatraia.ufac.br\/wp-content\/uploads\/2026\/03\/image-4.png?w=2048&amp;ssl=1 2048w, https:\/\/i0.wp.com\/acatraia.ufac.br\/wp-content\/uploads\/2026\/03\/image-4.png?w=1480&amp;ssl=1 1480w\" sizes=\"(max-width: 740px) 100vw, 740px\" \/><\/figure>\n<\/div>\n\n\n<p class=\"has-text-align-center\"><em>Coment\u00e1rios de internautas na publica\u00e7\u00e3o da not\u00edcia nas redes sociais. Imagem: Instagram\/ContilNet.<\/em><\/p>\n\n\n\n<h4 class=\"wp-block-heading\">Um bairro que nasceu da esperan\u00e7a<\/h4>\n\n\n\n<p>Planejada inicialmente com o lema \u201cum recome\u00e7o com dignidade\u201d, o bairro Cidade do Povo foi criado em 2014 por meio do programa Pr\u00f3-Moradia do Governo Federal brasileiro, que busca financiar projetos habitacionais voltados para fam\u00edlias de baixa renda e garantir melhor qualidade de vida a moradores de \u00e1reas de risco, principalmente aqueles afetados pelas enchentes que atingem a capital acreana. Com mais de 4 mil casas, a Cidade do Povo abriga atualmente mais de 15 mil moradores.<\/p>\n\n\n<div class=\"wp-block-image\">\n<figure class=\"aligncenter size-large\"><img data-recalc-dims=\"1\" loading=\"lazy\" decoding=\"async\" width=\"740\" height=\"460\" src=\"https:\/\/i0.wp.com\/acatraia.ufac.br\/wp-content\/uploads\/2026\/03\/image-2.jpeg?resize=740%2C460&#038;ssl=1\" alt=\"\" class=\"wp-image-5924\" srcset=\"https:\/\/i0.wp.com\/acatraia.ufac.br\/wp-content\/uploads\/2026\/03\/image-2.jpeg?resize=1024%2C636&amp;ssl=1 1024w, https:\/\/i0.wp.com\/acatraia.ufac.br\/wp-content\/uploads\/2026\/03\/image-2.jpeg?resize=300%2C186&amp;ssl=1 300w, https:\/\/i0.wp.com\/acatraia.ufac.br\/wp-content\/uploads\/2026\/03\/image-2.jpeg?resize=768%2C477&amp;ssl=1 768w, https:\/\/i0.wp.com\/acatraia.ufac.br\/wp-content\/uploads\/2026\/03\/image-2.jpeg?resize=1536%2C954&amp;ssl=1 1536w, https:\/\/i0.wp.com\/acatraia.ufac.br\/wp-content\/uploads\/2026\/03\/image-2.jpeg?w=2048&amp;ssl=1 2048w, https:\/\/i0.wp.com\/acatraia.ufac.br\/wp-content\/uploads\/2026\/03\/image-2.jpeg?w=1480&amp;ssl=1 1480w\" sizes=\"(max-width: 740px) 100vw, 740px\" \/><\/figure>\n<\/div>\n\n\n<p class=\"has-text-align-center\"><em>Casas da Cidade do Povo, entregues em 2014. Foto: Secretaria de Habita\u00e7\u00e3o do Acre (Sehab)<\/em><\/p>\n\n\n\n<p>Apesar disso, o cen\u00e1rio revela uma realidade mais complexa, o que tem influenciado tamb\u00e9m a ades\u00e3o dessas fam\u00edlias vulner\u00e1veis ao programa. Fazendo com que algumas pessoas prefiram permanecer em \u00e1reas consideradas de risco.<\/p>\n\n\n\n<p>Kessya Patr\u00edcia, que vive no bairro Cadeia Velha h\u00e1 21 anos, n\u00e3o pensa em deixar a regi\u00e3o, apesar das cheias recorrentes. \u201cO bairro \u00e9 atingido pela enchente, e durante a cheia a gente precisa sair de casa. Nossa casa s\u00f3 foi invadida pela \u00e1gua uma vez, mas a rua alaga e fica imposs\u00edvel sair para trabalhar ou estudar\u201d, explica.<\/p>\n\n\n\n<p>Para ela, apesar de ter direito ao benef\u00edcio, a perman\u00eancia no bairro, al\u00e9m de ter rela\u00e7\u00e3o direta com a fam\u00edlia, que vive pr\u00f3xima a casa, \u00e9 um local bem localizado e seguro. \u201cMesmo com os riscos, nosso bairro \u00e9 bem assistido e tem seus pr\u00f3s e contras\u201d, conclui.<\/p>\n\n\n\n<h4 class=\"wp-block-heading\">Reassentamento habitacional<\/h4>\n\n\n\n<p>As pessoas atingidas pelas enchentes est\u00e3o entre os principais p\u00fablicos da pol\u00edtica chamada de reassentamento habitacional. Segundo o coordenador de Gest\u00e3o de Riscos e Desastres da Defesa Civil do Acre, Pedro Henrique Corr\u00eaa, retirar fam\u00edlias de \u00e1reas vulner\u00e1veis \u00e9 uma estrat\u00e9gia importante dentro das a\u00e7\u00f5es de adapta\u00e7\u00e3o \u00e0s mudan\u00e7as clim\u00e1ticas.<\/p>\n\n\n\n<p>\u201cQuando falamos de reassentamento habitacional como pol\u00edtica de adapta\u00e7\u00e3o a enchentes como as do Rio Acre, uma das medidas \u00e9 exatamente remover o risco, ou seja, retirar as pessoas de \u00e1reas vulner\u00e1veis. No entanto, essa medida sozinha n\u00e3o \u00e9 suficiente como pol\u00edtica de adapta\u00e7\u00e3o clim\u00e1tica, porque existem muitas outras vari\u00e1veis envolvidas\u201d, afirma.<\/p>\n\n\n\n<p>Ele tamb\u00e9m aponta que h\u00e1 rela\u00e7\u00e3o entre o aumento desses epis\u00f3dios e as mudan\u00e7as clim\u00e1ticas, que t\u00eam intensificado fen\u00f4menos naturais extremos. \u201cAs mudan\u00e7as clim\u00e1ticas t\u00eam feito com que os fen\u00f4menos sejam cada vez maiores e mais prejudiciais. Desde 2019, todos os anos, Rio Branco tem registrado uma ou mais enchentes. Em 2025, por exemplo, tivemos tr\u00eas transbordamentos do rio\u201d, explica.<\/p>\n\n\n<div class=\"wp-block-image\">\n<figure class=\"aligncenter size-full\"><img data-recalc-dims=\"1\" loading=\"lazy\" decoding=\"async\" width=\"740\" height=\"416\" src=\"https:\/\/i0.wp.com\/acatraia.ufac.br\/wp-content\/uploads\/2026\/03\/image-6.png?resize=740%2C416&#038;ssl=1\" alt=\"\" class=\"wp-image-5928\" srcset=\"https:\/\/i0.wp.com\/acatraia.ufac.br\/wp-content\/uploads\/2026\/03\/image-6.png?w=984&amp;ssl=1 984w, https:\/\/i0.wp.com\/acatraia.ufac.br\/wp-content\/uploads\/2026\/03\/image-6.png?resize=300%2C169&amp;ssl=1 300w, https:\/\/i0.wp.com\/acatraia.ufac.br\/wp-content\/uploads\/2026\/03\/image-6.png?resize=768%2C432&amp;ssl=1 768w\" sizes=\"(max-width: 740px) 100vw, 740px\" \/><\/figure>\n<\/div>\n\n\n<p class=\"has-text-align-center\"><em>Enchente do Rio Acre em 2026. Foto: Dayane Leite<\/em><\/p>\n\n\n\n<p>Outro ponto destacado \u00e9 que \u00e1reas consideradas seguras atualmente podem se tornar vulner\u00e1veis no futuro, dependendo das transforma\u00e7\u00f5es ambientais ou urbanas. Segundo ele, h\u00e1 um plano governamental integrado para retirar popula\u00e7\u00f5es dessas \u00e1reas mais vulner\u00e1veis.<\/p>\n\n\n\n<p>\u201cExiste um planejamento envolvendo governo federal, estadual e municipal por meio de projetos habitacionais. Nessas iniciativas, as popula\u00e7\u00f5es que vivem em \u00e1reas vulner\u00e1veis costumam ter prioridade\u201d, acrescenta.<\/p>\n\n\n\n<h4 class=\"wp-block-heading\">Espa\u00e7os de vulnerabilidade<\/h4>\n\n\n\n<p>Para o cientista social e professor da Universidade Federal do Acre (Ufac), Nilson Euclides, o fen\u00f4meno envolvendo projetos habitacionais e criminalidade n\u00e3o \u00e9 exclusivo do local, muito menos do Acre. \u201cO aumento da criminalidade est\u00e1 ligado a transforma\u00e7\u00f5es sociais, econ\u00f4micas e tecnol\u00f3gicas que o estado n\u00e3o acompanhou. \u00c9 um fen\u00f4meno complexo, que se reproduz por d\u00e9cadas, e envolve desde pol\u00edticas equivocadas de seguran\u00e7a p\u00fablica at\u00e9 o crescimento das organiza\u00e7\u00f5es criminosas\u201d, explica.<\/p>\n\n\n\n<p>Segundo ele, a forma como bairros planejados como a Cidade do Povo foram ocupados, afastados de centros urbanos, com infraestrutura inicial custosa e servi\u00e7os p\u00fablicos pouco mantidos, contribui para criar \u201cespa\u00e7os de vulnerabilidade\u201d, onde jovens e fam\u00edlias muitas vezes encontram poucas oportunidades de educa\u00e7\u00e3o, emprego e lazer. \u00c9 nesse vazio que grupos organizados se instalam, controlando territ\u00f3rios e impondo medo.<\/p>\n\n\n\n<p>\u201cN\u00e3o se trata apenas de criminalidade. \u00c9 a sociedade que, por desigualdade e abandono, oferece terreno f\u00e9rtil para essas atividades. O crime organizado preenche lacunas que o estado deixou, do acesso \u00e0 justi\u00e7a \u00e0 presen\u00e7a da pol\u00edcia, passando por educa\u00e7\u00e3o e assist\u00eancia social\u201d, acrescenta Euclides.<\/p>\n\n\n\n<p>Para ele, pol\u00edticas p\u00fablicas que priorizem a manuten\u00e7\u00e3o de servi\u00e7os, o engajamento comunit\u00e1rio e a integra\u00e7\u00e3o urbana poderiam reduzir esses riscos. \u201cInvestir apenas em repress\u00e3o \u00e9 combater o efeito, n\u00e3o a causa. \u00c9 preciso desenvolver projetos que envolvam a comunidade, escolas, sa\u00fade, seguran\u00e7a e o pr\u00f3prio espa\u00e7o p\u00fablico. Um bairro planejado que n\u00e3o garante cidadania, acaba virando territ\u00f3rio de disputa\u201d, resume.<\/p>\n\n\n\n<h4 class=\"wp-block-heading\">A busca por seguran\u00e7a<\/h4>\n\n\n\n<p>Diante desse cen\u00e1rio, \u00f3rg\u00e3os de seguran\u00e7a p\u00fablica t\u00eam buscado ampliar estrat\u00e9gias de combate \u00e0 atua\u00e7\u00e3o de organiza\u00e7\u00f5es criminosas no estado. Uma das iniciativas recentes \u00e9 a cria\u00e7\u00e3o de um canal espec\u00edfico para recebimento de den\u00fancias da popula\u00e7\u00e3o.<\/p>\n\n\n\n<p>O canal Investigador Cidad\u00e3o foi lan\u00e7ado pelo Minist\u00e9rio P\u00fablico do Estado do Acre (MPAC) em 2025, voltado ao enfrentamento de organiza\u00e7\u00f5es criminosas que atuam no estado. A ferramenta permite que moradores enviem informa\u00e7\u00f5es an\u00f4nimas que possam auxiliar investiga\u00e7\u00f5es conduzidas pelo Grupo de Atua\u00e7\u00e3o Especial de Combate ao Crime Organizado (Gaeco) ou por outros \u00f3rg\u00e3os de seguran\u00e7a p\u00fablica.<\/p>\n\n\n<div class=\"wp-block-image\">\n<figure class=\"aligncenter size-large\"><img data-recalc-dims=\"1\" loading=\"lazy\" decoding=\"async\" width=\"740\" height=\"412\" src=\"https:\/\/i0.wp.com\/acatraia.ufac.br\/wp-content\/uploads\/2026\/03\/image-5.png?resize=740%2C412&#038;ssl=1\" alt=\"\" class=\"wp-image-5927\" srcset=\"https:\/\/i0.wp.com\/acatraia.ufac.br\/wp-content\/uploads\/2026\/03\/image-5.png?resize=1024%2C570&amp;ssl=1 1024w, https:\/\/i0.wp.com\/acatraia.ufac.br\/wp-content\/uploads\/2026\/03\/image-5.png?resize=300%2C167&amp;ssl=1 300w, https:\/\/i0.wp.com\/acatraia.ufac.br\/wp-content\/uploads\/2026\/03\/image-5.png?resize=768%2C428&amp;ssl=1 768w, https:\/\/i0.wp.com\/acatraia.ufac.br\/wp-content\/uploads\/2026\/03\/image-5.png?w=1536&amp;ssl=1 1536w, https:\/\/i0.wp.com\/acatraia.ufac.br\/wp-content\/uploads\/2026\/03\/image-5.png?w=1480&amp;ssl=1 1480w\" sizes=\"(max-width: 740px) 100vw, 740px\" \/><\/figure>\n<\/div>\n\n\n<p class=\"has-text-align-center\"><em>Canal Investigador Cidad\u00e3o permite o envio de den\u00fancias an\u00f4nimas para auxiliar investiga\u00e7\u00f5es contra o crime organizado no Acre. Imagem: MPAC<\/em><\/p>\n\n\n\n<p>Por meio do canal, \u00e9 poss\u00edvel encaminhar textos, v\u00eddeos e \u00e1udios, al\u00e9m de realizar den\u00fancias de forma an\u00f4nima pelo WhatsApp, (68) 99993-2414. Segundo o site do MPAC, o objetivo da iniciativa \u00e9 incentivar a participa\u00e7\u00e3o da popula\u00e7\u00e3o no combate ao crime organizado e ampliar a rede de informa\u00e7\u00f5es que auxiliam as investiga\u00e7\u00f5es.<\/p>\n\n\n\n<p>Entre os tipos de den\u00fancias que podem ser feitas est\u00e3o a identifica\u00e7\u00e3o de membros de organiza\u00e7\u00f5es criminosas, informa\u00e7\u00f5es sobre lideran\u00e7as e hierarquias dentro das fac\u00e7\u00f5es, al\u00e9m da localiza\u00e7\u00e3o de foragidos da Justi\u00e7a.&nbsp;<\/p>\n\n\n\n<p>O canal tamb\u00e9m recebe relatos sobre torturas aplicadas por integrantes de grupos criminosos, bem como den\u00fancias de crimes como homic\u00eddios, tr\u00e1fico de drogas, sequestros, roubos e extors\u00e3o de comerciantes.<\/p>\n\n\n\n<h4 class=\"wp-block-heading\">Casas erguidas, esperan\u00e7a em constru\u00e7\u00e3o<\/h4>\n\n\n\n<p>Entre enchentes que for\u00e7am partidas, pol\u00edticas p\u00fablicas que tentam oferecer novos caminhos e desafios que persistem no cotidiano, a hist\u00f3ria da Cidade do Povo revela uma realidade marcada por contradi\u00e7\u00f5es: o bairro que nasceu como s\u00edmbolo de recome\u00e7o tamb\u00e9m convive com dificuldades estruturais, dist\u00e2ncia e preocupa\u00e7\u00f5es com a seguran\u00e7a.&nbsp;<\/p>\n\n\n\n<p>Ainda assim, para muitas fam\u00edlias que perderam tudo nas \u00e1guas do Rio Acre, o lugar representou a possibilidade concreta de reconstruir a vida pouco a pouco. M.J., que viu a antiga casa desaparecer sob a cheia de 2015, reafirma que permanecer ali \u00e9 tamb\u00e9m um exerc\u00edcio de esperan\u00e7a.&nbsp;<\/p>\n\n\n\n<p>\u201cA gente perdeu muita coisa naquela enchente, mas aqui pelo menos tivemos a chance de come\u00e7ar de novo. A esperan\u00e7a da gente \u00e9 que, com o tempo, o bairro tamb\u00e9m melhore e vire de verdade o lugar seguro que prometeram pra gente\u201d.&nbsp;<\/p>\n\n\n\n<p>Assim como o rio que um dia levou sua casa, a esperan\u00e7a tamb\u00e9m segue correndo em meio a inseguran\u00e7a da Cidade do Povo.<\/p>\n\n\n\n<p><em>*A equipe do A Catraia entrou em contato com o Minist\u00e9rio P\u00fablico do Estado do Acre (MPAC) para saber como o \u00f3rg\u00e3o avalia os \u00edndices de viol\u00eancia registrados na Cidade do Povo. No entanto, at\u00e9 o fechamento desta mat\u00e9ria, n\u00e3o houve retorno. O espa\u00e7o permanece aberto para eventuais manifesta\u00e7\u00f5es.<\/em><\/p>\n","protected":false},"excerpt":{"rendered":"<p>Criado para receber fam\u00edlias retiradas de \u00e1reas de risco do Rio Acre, conjunto habitacional enfrenta altos \u00edndices de criminalidade e volta ao debate p\u00fablico ap\u00f3s epis\u00f3dio recente<\/p>\n","protected":false},"author":24,"featured_media":5929,"comment_status":"open","ping_status":"open","sticky":false,"template":"","format":"standard","meta":{"_jetpack_memberships_contains_paid_content":false,"footnotes":"","jetpack_publicize_message":"","jetpack_publicize_feature_enabled":true,"jetpack_social_post_already_shared":true,"jetpack_social_options":{"image_generator_settings":{"template":"highway","default_image_id":0,"enabled":false},"version":2}},"categories":[53,6,1],"tags":[8,134,132],"coauthors":[136],"class_list":["post-5920","post","type-post","status-publish","format-standard","has-post-thumbnail","hentry","category-especiais","category-margens","category-ultimas-noticias","tag-destaque","tag-inseguranca","tag-seguranca"],"jetpack_publicize_connections":[],"jetpack_featured_media_url":"https:\/\/i0.wp.com\/acatraia.ufac.br\/wp-content\/uploads\/2026\/03\/WhatsApp-Image-2024-06-13-at-09.06.01-2-scaled-1.jpeg?fit=2560%2C1439&ssl=1","jetpack_sharing_enabled":true,"amp_enabled":true,"_links":{"self":[{"href":"https:\/\/acatraia.ufac.br\/index.php?rest_route=\/wp\/v2\/posts\/5920","targetHints":{"allow":["GET"]}}],"collection":[{"href":"https:\/\/acatraia.ufac.br\/index.php?rest_route=\/wp\/v2\/posts"}],"about":[{"href":"https:\/\/acatraia.ufac.br\/index.php?rest_route=\/wp\/v2\/types\/post"}],"author":[{"embeddable":true,"href":"https:\/\/acatraia.ufac.br\/index.php?rest_route=\/wp\/v2\/users\/24"}],"replies":[{"embeddable":true,"href":"https:\/\/acatraia.ufac.br\/index.php?rest_route=%2Fwp%2Fv2%2Fcomments&post=5920"}],"version-history":[{"count":11,"href":"https:\/\/acatraia.ufac.br\/index.php?rest_route=\/wp\/v2\/posts\/5920\/revisions"}],"predecessor-version":[{"id":5947,"href":"https:\/\/acatraia.ufac.br\/index.php?rest_route=\/wp\/v2\/posts\/5920\/revisions\/5947"}],"wp:featuredmedia":[{"embeddable":true,"href":"https:\/\/acatraia.ufac.br\/index.php?rest_route=\/wp\/v2\/media\/5929"}],"wp:attachment":[{"href":"https:\/\/acatraia.ufac.br\/index.php?rest_route=%2Fwp%2Fv2%2Fmedia&parent=5920"}],"wp:term":[{"taxonomy":"category","embeddable":true,"href":"https:\/\/acatraia.ufac.br\/index.php?rest_route=%2Fwp%2Fv2%2Fcategories&post=5920"},{"taxonomy":"post_tag","embeddable":true,"href":"https:\/\/acatraia.ufac.br\/index.php?rest_route=%2Fwp%2Fv2%2Ftags&post=5920"},{"taxonomy":"author","embeddable":true,"href":"https:\/\/acatraia.ufac.br\/index.php?rest_route=%2Fwp%2Fv2%2Fcoauthors&post=5920"}],"curies":[{"name":"wp","href":"https:\/\/api.w.org\/{rel}","templated":true}]}}