{"id":5911,"date":"2026-03-13T12:14:24","date_gmt":"2026-03-13T17:14:24","guid":{"rendered":"https:\/\/acatraia.ufac.br\/?p=5911"},"modified":"2026-03-16T15:59:52","modified_gmt":"2026-03-16T20:59:52","slug":"um-abraco-invisivel-a-importancia-da-doacao-de-plaquetas-por-aferese","status":"publish","type":"post","link":"https:\/\/acatraia.ufac.br\/?p=5911","title":{"rendered":"Um abra\u00e7o invis\u00edvel: a import\u00e2ncia da doa\u00e7\u00e3o de plaquetas por af\u00e9rese"},"content":{"rendered":"\n<p><strong><em>Por Alessandra Akemi, Ana Rita Balbino, Gilliane Silva, Jos\u00e9 Victor Albuquerque, Larissa Rodrigues e Maria Naiara Santos<\/em><\/strong>*<\/p>\n\n\n\n<p>Devido ao estado cr\u00edtico do estoque do Hemocentro, o Centro de Hematologia e Hemoterapia do Estado do Acre (Hemoacre) est\u00e1 em busca de novos doadores volunt\u00e1rios de plaquetas por af\u00e9rese. A mobiliza\u00e7\u00e3o ocorre durante todo o ano e tem como finalidade ajudar pacientes em tratamentos oncol\u00f3gicos e emergenciais que dependem desse componente, cuja validade \u00e9 de apenas cinco dias, necessitando de reposi\u00e7\u00e3o constante para garantir a continuidade dos tratamentos.<\/p>\n\n\n\n<p>Gerente do setor de Capta\u00e7\u00e3o de Doadores do Hemoracre, Qu\u00e9sia Nogueira, destaca que a doa\u00e7\u00e3o de plaquetas por af\u00e9rese \u00e9 essencial. Segundo ela, uma \u00fanica bolsa coletada pode equivaler a seis ou sete doa\u00e7\u00f5es de sangue total, permitindo que o paciente receba plaquetas de apenas um doador, reduzindo riscos transfusionais e garantindo maior qualidade e seguran\u00e7a. <\/p>\n\n\n\n<figure class=\"wp-block-image size-large is-resized\"><img data-recalc-dims=\"1\" fetchpriority=\"high\" decoding=\"async\" width=\"740\" height=\"766\" src=\"https:\/\/i0.wp.com\/acatraia.ufac.br\/wp-content\/uploads\/2026\/03\/FOTO-02.-Quesia.jpeg?resize=740%2C766&#038;ssl=1\" alt=\"\" class=\"wp-image-5913\" style=\"aspect-ratio:0.9658210294477527;width:491px;height:auto\" srcset=\"https:\/\/i0.wp.com\/acatraia.ufac.br\/wp-content\/uploads\/2026\/03\/FOTO-02.-Quesia.jpeg?resize=989%2C1024&amp;ssl=1 989w, https:\/\/i0.wp.com\/acatraia.ufac.br\/wp-content\/uploads\/2026\/03\/FOTO-02.-Quesia.jpeg?resize=290%2C300&amp;ssl=1 290w, https:\/\/i0.wp.com\/acatraia.ufac.br\/wp-content\/uploads\/2026\/03\/FOTO-02.-Quesia.jpeg?resize=768%2C795&amp;ssl=1 768w, https:\/\/i0.wp.com\/acatraia.ufac.br\/wp-content\/uploads\/2026\/03\/FOTO-02.-Quesia.jpeg?w=1199&amp;ssl=1 1199w\" sizes=\"(max-width: 740px) 100vw, 740px\" \/><\/figure>\n\n\n\n<p><em>Qu\u00e9sia Nogueira, Gerente do setor de Capta\u00e7\u00e3o de Doadores do Hemoacre. Foto: Larissa Paiva<\/em><\/p>\n\n\n\n<p>De acordo com a profissional, para se tornar doador \u00e9 necess\u00e1rio possuir boa rela\u00e7\u00e3o entre peso e altura, acesso venoso adequado e disponibilidade de tempo, j\u00e1 que o procedimento dura cerca de 60 minutos. Ela ressalta ainda a import\u00e2ncia do comprometimento com o agendamento, pois cada coleta costuma ser destinada a um paciente espec\u00edfico.<\/p>\n\n\n\n<p>Qu\u00e9sia explica que o incentivo \u00e0 doa\u00e7\u00e3o de plaquetas come\u00e7a, geralmente, pela doa\u00e7\u00e3o de sangue total, momento em que o volunt\u00e1rio conhece o servi\u00e7o, perde o medo do procedimento e realiza seus primeiros exames. Campanhas informativas, divulga\u00e7\u00e3o nos meios de comunica\u00e7\u00e3o e o compartilhamento de experi\u00eancias entre os pr\u00f3prios doadores s\u00e3o estrat\u00e9gias fundamentais para ampliar o n\u00famero de volunt\u00e1rios. De acordo com ela, a informa\u00e7\u00e3o acess\u00edvel e o contato direto entre profissionais e popula\u00e7\u00e3o s\u00e3o essenciais para despertar o interesse e fortalecer a cultura da doa\u00e7\u00e3o regular.<\/p>\n\n\n\n<p>Enfermeira formada pela Universidade Federal do Acre com P\u00f3s Gradua\u00e7\u00e3o em Cl\u00ednica Transfusional, Elba Luiza \u00e9 a profissional refer\u00eancia no Hemocentro do Acre quando o assunto \u00e9 \u201cplaquetaf\u00e9rese\u201d. \u201cAs plaquetas s\u00e3o o hemocomponente respons\u00e1vel pela coagula\u00e7\u00e3o sangu\u00ednea. Esse tipo de doa\u00e7\u00e3o \u00e9 completamente segura. Com o uso de kits descart\u00e1veis s\u00e3o realizadas duas etapas: extra\u00e7\u00e3o e retorno &#8211; A m\u00e1quina far\u00e1 todo o procedimento sozinha\u201d, explica.<\/p>\n\n\n\n<figure class=\"wp-block-image size-full is-resized\"><img data-recalc-dims=\"1\" decoding=\"async\" width=\"740\" height=\"496\" src=\"https:\/\/i0.wp.com\/acatraia.ufac.br\/wp-content\/uploads\/2026\/03\/FOTO-03.-Elba.jpeg?resize=740%2C496&#038;ssl=1\" alt=\"\" class=\"wp-image-5914\" style=\"aspect-ratio:1.490714510544539;width:523px;height:auto\" srcset=\"https:\/\/i0.wp.com\/acatraia.ufac.br\/wp-content\/uploads\/2026\/03\/FOTO-03.-Elba.jpeg?w=960&amp;ssl=1 960w, https:\/\/i0.wp.com\/acatraia.ufac.br\/wp-content\/uploads\/2026\/03\/FOTO-03.-Elba.jpeg?resize=300%2C201&amp;ssl=1 300w, https:\/\/i0.wp.com\/acatraia.ufac.br\/wp-content\/uploads\/2026\/03\/FOTO-03.-Elba.jpeg?resize=768%2C515&amp;ssl=1 768w\" sizes=\"(max-width: 740px) 100vw, 740px\" \/><\/figure>\n\n\n\n<p><em>Enfermeira Elba Luiza de Souza Oliveira, especialista em Cl\u00ednica Transfusional. Foto: Larissa Paiva<\/em><\/p>\n\n\n\n<p>Em considera\u00e7\u00e3o \u00e0 baixa procura ou falta de conhecimento por parte da popula\u00e7\u00e3o, Elba alerta: \u201cEstamos com o estoque do Hemocentro em estado cr\u00edtico. As plaquetas t\u00eam uma vida de cinco dias \u00fateis, por isso precisamos de comprometimento dos doadores. Pedimos que o volunt\u00e1rio venha realizar a doa\u00e7\u00e3o sem pressa, pois essa \u00e9 uma doa\u00e7\u00e3o especial de suma import\u00e2ncia para tratamento em pacientes oncol\u00f3gicos\u201d.<\/p>\n\n\n\n<p><strong>Motiva\u00e7\u00f5es para doar plaquetas<\/strong><\/p>\n\n\n\n<p>Josu\u00e9 Azevedo, t\u00e9cnico em an\u00e1lises cl\u00ednicas e doador de plaquetas por af\u00e9rese h\u00e1 dois anos, conta que conheceu o procedimento por meio do trabalho na \u00e1rea da sa\u00fade. Segundo ele, apesar da doa\u00e7\u00e3o durar um pouco mais que a convencional, a experi\u00eancia \u00e9 tranquila e segura. \u201cSaber que uma \u00fanica doa\u00e7\u00e3o pode ajudar v\u00e1rias pessoas \u00e9 o que me motiva a continuar\u201d, ressalta.<\/p>\n\n\n\n<p>O arquiteto Ille Derze \u00e9 doador de sangue h\u00e1 tr\u00eas anos e decidiu aumentar sua contribui\u00e7\u00e3o e se tornar um doador de plaquetas ap\u00f3s ser convidado pelos profissionais do Hemocentro. Segundo ele, a principal motiva\u00e7\u00e3o \u00e9 ajudar pacientes em tratamento contra o c\u00e2ncer. \u201cEu j\u00e1 doava sangue h\u00e1 muitos anos. Quando me explicaram que as plaquetas s\u00e3o muito usadas no tratamento de crian\u00e7as com c\u00e2ncer, isso mexeu muito comigo\u201d, relata.<\/p>\n\n\n\n<p>O doador realiza o procedimento sempre que \u00e9 convocado pelo Hemocentro. Com o tempo, a experi\u00eancia tamb\u00e9m mudou sua postura sobre o tema. Ele passou a incentivar familiares e amigos a se tornarem doadores. \u201cEu virei um testemunho de doador. Fico convidando todo mundo. J\u00e1 trouxe v\u00e1rios amigos\u201d, conta.<\/p>\n\n\n\n<p>Thatyane Nobre descobriu o linfoma de Hodgkin durante a gesta\u00e7\u00e3o e precisou iniciar imediatamente o tratamento contra o c\u00e2ncer. Durante esse per\u00edodo, recebeu diversas transfus\u00f5es de sangue e plaquetas.&nbsp; <\/p>\n\n\n\n<figure class=\"wp-block-image size-full is-resized\"><img data-recalc-dims=\"1\" decoding=\"async\" width=\"740\" height=\"654\" src=\"https:\/\/i0.wp.com\/acatraia.ufac.br\/wp-content\/uploads\/2026\/03\/FOTO-04.-Thatyane-1-1.jpeg?resize=740%2C654&#038;ssl=1\" alt=\"\" class=\"wp-image-5916\" style=\"aspect-ratio:1.131255225128389;width:527px;height:auto\" srcset=\"https:\/\/i0.wp.com\/acatraia.ufac.br\/wp-content\/uploads\/2026\/03\/FOTO-04.-Thatyane-1-1.jpeg?w=974&amp;ssl=1 974w, https:\/\/i0.wp.com\/acatraia.ufac.br\/wp-content\/uploads\/2026\/03\/FOTO-04.-Thatyane-1-1.jpeg?resize=300%2C265&amp;ssl=1 300w, https:\/\/i0.wp.com\/acatraia.ufac.br\/wp-content\/uploads\/2026\/03\/FOTO-04.-Thatyane-1-1.jpeg?resize=768%2C679&amp;ssl=1 768w\" sizes=\"(max-width: 740px) 100vw, 740px\" \/><\/figure>\n\n\n\n<p><em>Thatyane Nobre enfrentou o linfoma de Hodgkin e recebeu transfus\u00f5es durante o tratamento. Hoje, incentiva a doa\u00e7\u00e3o de sangue e plaquetas. Foto: arquivo pessoal<\/em><\/p>\n\n\n\n<p>\u201cCada bolsa que eu recebi era como um abra\u00e7o invis\u00edvel de pessoas que eu nem conhecia. Foram esses doadores que me mantiveram de p\u00e9\u201d, relata. Ela, que j\u00e1 foi doadora, passou a ser receptora e hoje refor\u00e7a a import\u00e2ncia de manter os estoques abastecidos. \u201cA gente nunca sabe o dia de amanh\u00e3. Uma bolsa de sangue pode salvar at\u00e9 quatro vidas\u201d, finaliza.<\/p>\n\n\n\n<p><em>*Mat\u00e9ria escrita sob orienta\u00e7\u00e3o do professor Wagner Costa e da monitora Ranelly Pinheiro, para a disciplina de Fundamentos do Jornalismo.<\/em><\/p>\n","protected":false},"excerpt":{"rendered":"<p>Com validade de apenas cinco dias, as plaquetas exigem reposi\u00e7\u00e3o constante para garantir o tratamento de pacientes<\/p>\n","protected":false},"author":24,"featured_media":5912,"comment_status":"open","ping_status":"open","sticky":false,"template":"","format":"standard","meta":{"_jetpack_memberships_contains_paid_content":false,"footnotes":"","jetpack_publicize_message":"","jetpack_publicize_feature_enabled":true,"jetpack_social_post_already_shared":true,"jetpack_social_options":{"image_generator_settings":{"template":"highway","default_image_id":0,"enabled":false},"version":2}},"categories":[176,1],"tags":[40,8,89],"coauthors":[136],"class_list":["post-5911","post","type-post","status-publish","format-standard","has-post-thumbnail","hentry","category-saude","category-ultimas-noticias","tag-acre","tag-destaque","tag-saude"],"jetpack_publicize_connections":[],"jetpack_featured_media_url":"https:\/\/i0.wp.com\/acatraia.ufac.br\/wp-content\/uploads\/2026\/03\/FOTO-01.-Josue.jpeg?fit=960%2C941&ssl=1","jetpack_sharing_enabled":true,"amp_enabled":true,"_links":{"self":[{"href":"https:\/\/acatraia.ufac.br\/index.php?rest_route=\/wp\/v2\/posts\/5911","targetHints":{"allow":["GET"]}}],"collection":[{"href":"https:\/\/acatraia.ufac.br\/index.php?rest_route=\/wp\/v2\/posts"}],"about":[{"href":"https:\/\/acatraia.ufac.br\/index.php?rest_route=\/wp\/v2\/types\/post"}],"author":[{"embeddable":true,"href":"https:\/\/acatraia.ufac.br\/index.php?rest_route=\/wp\/v2\/users\/24"}],"replies":[{"embeddable":true,"href":"https:\/\/acatraia.ufac.br\/index.php?rest_route=%2Fwp%2Fv2%2Fcomments&post=5911"}],"version-history":[{"count":4,"href":"https:\/\/acatraia.ufac.br\/index.php?rest_route=\/wp\/v2\/posts\/5911\/revisions"}],"predecessor-version":[{"id":5987,"href":"https:\/\/acatraia.ufac.br\/index.php?rest_route=\/wp\/v2\/posts\/5911\/revisions\/5987"}],"wp:featuredmedia":[{"embeddable":true,"href":"https:\/\/acatraia.ufac.br\/index.php?rest_route=\/wp\/v2\/media\/5912"}],"wp:attachment":[{"href":"https:\/\/acatraia.ufac.br\/index.php?rest_route=%2Fwp%2Fv2%2Fmedia&parent=5911"}],"wp:term":[{"taxonomy":"category","embeddable":true,"href":"https:\/\/acatraia.ufac.br\/index.php?rest_route=%2Fwp%2Fv2%2Fcategories&post=5911"},{"taxonomy":"post_tag","embeddable":true,"href":"https:\/\/acatraia.ufac.br\/index.php?rest_route=%2Fwp%2Fv2%2Ftags&post=5911"},{"taxonomy":"author","embeddable":true,"href":"https:\/\/acatraia.ufac.br\/index.php?rest_route=%2Fwp%2Fv2%2Fcoauthors&post=5911"}],"curies":[{"name":"wp","href":"https:\/\/api.w.org\/{rel}","templated":true}]}}