{"id":5903,"date":"2026-03-12T14:21:20","date_gmt":"2026-03-12T19:21:20","guid":{"rendered":"https:\/\/acatraia.ufac.br\/?p=5903"},"modified":"2026-03-14T14:47:06","modified_gmt":"2026-03-14T19:47:06","slug":"grupo-ocupa-antigo-terminal-com-patinacao-em-rio-branco","status":"publish","type":"post","link":"https:\/\/acatraia.ufac.br\/?p=5903","title":{"rendered":"Grupo ocupa antigo terminal com patina\u00e7\u00e3o em Rio Branco"},"content":{"rendered":"\n<p><strong><em>Por Fhagner Euripedes, Juliane Br\u00edgido, Joana Kelly e Sharda Oliveira<\/em><\/strong>*<\/p>\n\n\n\n<p>O som das rodinhas riscando o ch\u00e3o ecoa no antigo Terminal de Integra\u00e7\u00e3o do bairro Adalberto Sena em Rio Branco duas vezes por semana. O projeto Patins Integra\u00e7\u00e3o nasceu da necessidade de Joice Souza, 42 anos, combater a ansiedade durante a pandemia.<\/p>\n\n\n\n<p>O que come\u00e7ou com v\u00eddeos na internet virou um movimento que hoje re\u00fane mais de 100 pessoas no grupo de mensagens do projeto e, ativamente, de modo presencial, 50 participantes, entre jovens, adultos e crian\u00e7as.<\/p>\n\n\n\n<p>A din\u00e2mica \u00e9 simples e baseada na autogest\u00e3o: n\u00e3o h\u00e1 cobran\u00e7a de mensalidade nem verba externa, por isso cada participante custeia seus pr\u00f3prios patins e acess\u00f3rios de seguran\u00e7a. O aprendizado acontece no sistema de colabora\u00e7\u00e3o, onde os praticantes mais experientes orientam os mais novos, e os pais participam ativamente das atividades com seus filhos.<\/p>\n\n\n\n<h4 class=\"wp-block-heading\"><a><\/a><strong>Intera\u00e7\u00e3o social e seguran\u00e7a<\/strong><\/h4>\n\n\n\n<figure class=\"wp-block-image size-full\"><img data-recalc-dims=\"1\" fetchpriority=\"high\" decoding=\"async\" width=\"602\" height=\"329\" src=\"https:\/\/i0.wp.com\/acatraia.ufac.br\/wp-content\/uploads\/2026\/03\/image.jpeg?resize=602%2C329&#038;ssl=1\" alt=\"\" class=\"wp-image-5904\" srcset=\"https:\/\/i0.wp.com\/acatraia.ufac.br\/wp-content\/uploads\/2026\/03\/image.jpeg?w=602&amp;ssl=1 602w, https:\/\/i0.wp.com\/acatraia.ufac.br\/wp-content\/uploads\/2026\/03\/image.jpeg?resize=300%2C164&amp;ssl=1 300w\" sizes=\"(max-width: 602px) 100vw, 602px\" \/><\/figure>\n\n\n\n<p><em>Movimenta\u00e7\u00e3o de patinadores no antigo Terminal de Integra\u00e7\u00e3o do Adalberto Sena. Foto: Juliane Br\u00edgido<\/em><\/p>\n\n\n\n<p>Os encontros fixos acontecem \u00e0s segundas e quartas-feiras no antigo terminal do Adalberto Sena. J\u00e1 \u00e0s sextas-feiras s\u00e3o reservadas para a Ufac, onde o grupo aproveita para conhecer melhor os per\u00edmetros urbanos. Para participar, \u00e9 regra obrigat\u00f3ria o uso de kit de seguran\u00e7a: capacete, joelheiras e cotoveleiras.<\/p>\n\n\n\n<p>Alex Pimentel \u00e9 um dos pais que transformou sua rotina atrav\u00e9s do projeto. Ele levava a filha para patinar e acabou realizando um sonho de inf\u00e2ncia ao comprar seu pr\u00f3prio par de patins. Hoje, Alex ajuda na organiza\u00e7\u00e3o e destaca como o grupo acolhe crian\u00e7as com autismo e jovens que enfrentam a depress\u00e3o. \u201cSempre quis andar de patins, mas nunca tinha andado. Realizei esse sonho de inf\u00e2ncia e hoje \u00e9 gratificante ver minha filha evoluindo e poder patinar ao lado dela \u00e9 muito bom!\u201d<\/p>\n\n\n\n<p><a><\/a>A pr\u00e1tica esportiva tamb\u00e9m oportuniza as rela\u00e7\u00f5es sociais. A pequena Ayla Sofia come\u00e7ou a frequentar por influ\u00eancia de amigas e hoje sente falta quando as companheiras n\u00e3o aparecem. O grupo prova que o esporte \u00e9, al\u00e9m de uma ferramenta de pertencimento e ocupa\u00e7\u00e3o de espa\u00e7os p\u00fablicos que antes eram&nbsp; apenas locais vazios e de passagem, meio de intera\u00e7\u00e3o e conex\u00e3o social.<\/p>\n\n\n\n<figure class=\"wp-block-image size-full\"><img data-recalc-dims=\"1\" decoding=\"async\" width=\"364\" height=\"510\" src=\"https:\/\/i0.wp.com\/acatraia.ufac.br\/wp-content\/uploads\/2026\/03\/image-1.jpeg?resize=364%2C510&#038;ssl=1\" alt=\"\" class=\"wp-image-5905\" srcset=\"https:\/\/i0.wp.com\/acatraia.ufac.br\/wp-content\/uploads\/2026\/03\/image-1.jpeg?w=364&amp;ssl=1 364w, https:\/\/i0.wp.com\/acatraia.ufac.br\/wp-content\/uploads\/2026\/03\/image-1.jpeg?resize=214%2C300&amp;ssl=1 214w\" sizes=\"(max-width: 364px) 100vw, 364px\" \/><\/figure>\n\n\n\n<p><em>\u00c0s sextas-feiras, o grupo ocupa os espa\u00e7os da Ufac para explorar o per\u00edmetro urbano e fortalecer os la\u00e7os. Foto: Juliane Br\u00edgido<\/em><\/p>\n\n\n\n<p>Para quem deseja encontrar mais informa\u00e7\u00f5es ou entrar no grupo, o contato principal \u00e9 o perfil do Instagram <strong><a href=\"https:\/\/www.instagram.com\/patins_integracao.ac\/\" data-type=\"link\" data-id=\"https:\/\/www.instagram.com\/patins_integracao.ac\/\">@patins_integracao.ac<\/a><\/strong>. Basta ter o equipamento, o interesse em aprender e respeitar as normas de seguran\u00e7a coletiva para come\u00e7ar a deslizar com a turma.<\/p>\n\n\n\n<p>*<em>Mat\u00e9ria escrita sob orienta\u00e7\u00e3o da professora Giselle Lucena, para a disciplina de Reda\u00e7\u00e3o 1.<\/em><\/p>\n","protected":false},"excerpt":{"rendered":"<p>Projeto \u201cPatins Integra\u00e7\u00e3o\u201d nasceu na pandemia e hoje re\u00fane crian\u00e7as, jovens e adultos em encontros semanais<\/p>\n","protected":false},"author":24,"featured_media":5906,"comment_status":"open","ping_status":"open","sticky":false,"template":"","format":"standard","meta":{"_jetpack_memberships_contains_paid_content":false,"footnotes":"","jetpack_publicize_message":"","jetpack_publicize_feature_enabled":true,"jetpack_social_post_already_shared":true,"jetpack_social_options":{"image_generator_settings":{"template":"highway","default_image_id":0,"enabled":false},"version":2}},"categories":[123,1],"tags":[40,8,121,89],"coauthors":[136],"class_list":["post-5903","post","type-post","status-publish","format-standard","has-post-thumbnail","hentry","category-fluxo","category-ultimas-noticias","tag-acre","tag-destaque","tag-esporte","tag-saude"],"jetpack_publicize_connections":[],"jetpack_featured_media_url":"https:\/\/i0.wp.com\/acatraia.ufac.br\/wp-content\/uploads\/2026\/03\/Imagem1.jpg?fit=469%2C661&ssl=1","jetpack_sharing_enabled":true,"amp_enabled":true,"_links":{"self":[{"href":"https:\/\/acatraia.ufac.br\/index.php?rest_route=\/wp\/v2\/posts\/5903","targetHints":{"allow":["GET"]}}],"collection":[{"href":"https:\/\/acatraia.ufac.br\/index.php?rest_route=\/wp\/v2\/posts"}],"about":[{"href":"https:\/\/acatraia.ufac.br\/index.php?rest_route=\/wp\/v2\/types\/post"}],"author":[{"embeddable":true,"href":"https:\/\/acatraia.ufac.br\/index.php?rest_route=\/wp\/v2\/users\/24"}],"replies":[{"embeddable":true,"href":"https:\/\/acatraia.ufac.br\/index.php?rest_route=%2Fwp%2Fv2%2Fcomments&post=5903"}],"version-history":[{"count":2,"href":"https:\/\/acatraia.ufac.br\/index.php?rest_route=\/wp\/v2\/posts\/5903\/revisions"}],"predecessor-version":[{"id":5910,"href":"https:\/\/acatraia.ufac.br\/index.php?rest_route=\/wp\/v2\/posts\/5903\/revisions\/5910"}],"wp:featuredmedia":[{"embeddable":true,"href":"https:\/\/acatraia.ufac.br\/index.php?rest_route=\/wp\/v2\/media\/5906"}],"wp:attachment":[{"href":"https:\/\/acatraia.ufac.br\/index.php?rest_route=%2Fwp%2Fv2%2Fmedia&parent=5903"}],"wp:term":[{"taxonomy":"category","embeddable":true,"href":"https:\/\/acatraia.ufac.br\/index.php?rest_route=%2Fwp%2Fv2%2Fcategories&post=5903"},{"taxonomy":"post_tag","embeddable":true,"href":"https:\/\/acatraia.ufac.br\/index.php?rest_route=%2Fwp%2Fv2%2Ftags&post=5903"},{"taxonomy":"author","embeddable":true,"href":"https:\/\/acatraia.ufac.br\/index.php?rest_route=%2Fwp%2Fv2%2Fcoauthors&post=5903"}],"curies":[{"name":"wp","href":"https:\/\/api.w.org\/{rel}","templated":true}]}}