{"id":5899,"date":"2026-03-11T11:48:26","date_gmt":"2026-03-11T16:48:26","guid":{"rendered":"https:\/\/acatraia.ufac.br\/?p=5899"},"modified":"2026-03-11T11:48:27","modified_gmt":"2026-03-11T16:48:27","slug":"com-31-da-populacao-dependente-de-transporte-publico-mobilidade-urbana-expoe-desafios-em-rio-branco","status":"publish","type":"post","link":"https:\/\/acatraia.ufac.br\/?p=5899","title":{"rendered":"Com 31% da popula\u00e7\u00e3o dependente de transporte p\u00fablico, mobilidade urbana exp\u00f5e desafios em Rio Branco"},"content":{"rendered":"\n<p><strong><em>Por Davi Mansour e Daniel Alysson&nbsp;<\/em><\/strong><\/p>\n\n\n\n<p>Mesmo sem registrar os congestionamentos t\u00edpicos das grandes metr\u00f3poles brasileiras, Rio Branco enfrenta desafios significativos na mobilidade urbana. O modo como os moradores se deslocam pela cidade evidencia limita\u00e7\u00f5es no planejamento urbano e no sistema de transporte p\u00fablico, resultado de fatores como tempo de trajeto, seguran\u00e7a no tr\u00e2nsito e centraliza\u00e7\u00e3o de atividades econ\u00f4micas.<\/p>\n\n\n\n<p>Dados do Censo Demogr\u00e1fico de 2022, divulgados pelo Instituto Brasileiro de Geografia e Estat\u00edstica (IBGE), indicam que grande parte dos trabalhadores da capital acreana realiza deslocamentos relativamente curtos.&nbsp;<\/p>\n\n\n\n<p>Em Rio Branco, cerca de 39% da popula\u00e7\u00e3o leva entre 15 e 30 minutos para chegar ao trabalho, enquanto aproximadamente 30% gastam entre 6 e 15 minutos no trajeto di\u00e1rio. Apesar disso, cerca de 21% dos moradores levam mais de 30 minutos para chegar ao trabalho, e uma pequena parcela chega a gastar at\u00e9 duas horas no deslocamento.<\/p>\n\n\n\n<p>Os n\u00fameros mostram que, embora o tempo m\u00e9dio de deslocamento ainda seja inferior ao observado em grandes centros urbanos, existem sinais de desigualdade no acesso \u00e0 mobilidade e desafios relacionados ao crescimento da cidade.<\/p>\n\n\n\n<p>Outro dado relevante sobre o perfil da mobilidade na capital acreana foi apontado por pesquisa da Federa\u00e7\u00e3o do Com\u00e9rcio de Bens, Servi\u00e7os e Turismo do Acre (Fecom\u00e9rcio-AC). O levantamento mostra que o transporte coletivo \u00e9 o principal meio de deslocamento para cerca de 31,4% dos trabalhadores da cidade. Em seguida aparecem a motocicleta, utilizada por aproximadamente 16% da popula\u00e7\u00e3o, o carro pr\u00f3prio, com cerca de 8,5%, e a bicicleta, com aproximadamente 4,3%.<\/p>\n\n\n\n<p>A predomin\u00e2ncia do transporte coletivo demonstra a import\u00e2ncia desse servi\u00e7o para a popula\u00e7\u00e3o. Ao mesmo tempo, a forte presen\u00e7a das motocicletas no cotidiano da cidade revela mudan\u00e7as no padr\u00e3o de mobilidade urbana, muitas vezes associadas \u00e0 busca por alternativas mais r\u00e1pidas diante das limita\u00e7\u00f5es do transporte p\u00fablico.<\/p>\n\n\n\n<p><strong>Usu\u00e1rios relatam atrasos e superlota\u00e7\u00e3o<\/strong><\/p>\n\n\n\n<p>Quem sente os impactos dessas limita\u00e7\u00f5es diariamente s\u00e3o os pr\u00f3prios usu\u00e1rios do sistema. Paulo Reis, que depende dos \u00f4nibus para se locomover pela cidade, relata as dificuldades enfrentadas no dia a dia.<\/p>\n\n\n\n<p>\u201cOs \u00f4nibus demoram muito para passar e, quando chegam, est\u00e3o superlotados. Muitas vezes, tenho que sair de casa duas horas antes do meu compromisso para n\u00e3o correr o risco de me atrasar. O transporte p\u00fablico precisa melhorar para que possamos ter mais dignidade no nosso dia a dia\u201d, afirma.<\/p>\n\n\n\n<p>Al\u00e9m das dificuldades relacionadas ao transporte coletivo, a mobilidade urbana tamb\u00e9m est\u00e1 diretamente ligada \u00e0 seguran\u00e7a no tr\u00e2nsito. Dados do Minist\u00e9rio P\u00fablico do Estado do Acre indicam que Rio Branco registrou 2.743 ocorr\u00eancias de tr\u00e2nsito com v\u00edtimas em 2023, o que representa cerca de 69% de todos os casos registrados no estado.&nbsp;<\/p>\n\n\n\n<p>O n\u00famero de mortes tamb\u00e9m apresentou crescimento, passando de 39 em 2022 para 46 em 2023. No primeiro semestre de 2024, j\u00e1 haviam sido registradas 47 mortes no tr\u00e2nsito na capital acreana.<\/p>\n\n\n\n<p>Esse cen\u00e1rio evidencia que a mobilidade urbana n\u00e3o envolve apenas o deslocamento das pessoas, mas tamb\u00e9m quest\u00f5es relacionadas \u00e0 seguran\u00e7a vi\u00e1ria, organiza\u00e7\u00e3o do tr\u00e1fego e planejamento urbano.<\/p>\n\n\n\n<p>Outro fator que influencia diretamente o deslocamento dos moradores \u00e9 a concentra\u00e7\u00e3o de atividades econ\u00f4micas e servi\u00e7os em determinadas \u00e1reas da cidade, especialmente na regi\u00e3o central.&nbsp;<\/p>\n\n\n\n<p>Esse padr\u00e3o faz com que muitos trabalhadores precisem se deslocar diariamente para os mesmos p\u00f3los urbanos, aumentando a press\u00e3o sobre as principais vias e sobre o sistema de transporte coletivo.<\/p>\n\n\n\n<p>Ao mesmo tempo, novas formas de deslocamento t\u00eam ganhado espa\u00e7o em Rio Branco. O crescimento do uso de aplicativos de transporte e motot\u00e1xis tem alterado a din\u00e2mica da mobilidade urbana, oferecendo alternativas ao transporte coletivo tradicional. Essas mudan\u00e7as refletem transforma\u00e7\u00f5es no comportamento dos usu\u00e1rios e na forma como a popula\u00e7\u00e3o se desloca pela cidade.<\/p>\n\n\n\n<p>Discutir mobilidade urbana em Rio Branco, portanto, significa discutir o futuro da cidade. Investir em planejamento, infraestrutura e pol\u00edticas p\u00fablicas voltadas ao transporte e \u00e0 acessibilidade \u00e9 essencial para garantir deslocamentos mais eficientes, seguros e sustent\u00e1veis. Mais do que uma quest\u00e3o de tr\u00e2nsito, a mobilidade urbana est\u00e1 diretamente ligada \u00e0 qualidade de vida da popula\u00e7\u00e3o e ao desenvolvimento social e econ\u00f4mico da capital acreana.<\/p>\n","protected":false},"excerpt":{"rendered":"<p>Dados mostram crescimento do uso de motocicletas, aumento de acidentes e dificuldades enfrentadas por usu\u00e1rios do transporte p\u00fablico na capital acreana.<\/p>\n","protected":false},"author":24,"featured_media":5900,"comment_status":"open","ping_status":"open","sticky":false,"template":"","format":"standard","meta":{"_jetpack_memberships_contains_paid_content":false,"footnotes":"","jetpack_publicize_message":"","jetpack_publicize_feature_enabled":true,"jetpack_social_post_already_shared":true,"jetpack_social_options":{"image_generator_settings":{"template":"highway","default_image_id":0,"enabled":false},"version":2}},"categories":[3,1],"tags":[40,8,197],"coauthors":[136],"class_list":["post-5899","post","type-post","status-publish","format-standard","has-post-thumbnail","hentry","category-corriqueiras","category-ultimas-noticias","tag-acre","tag-destaque","tag-mobilidade"],"jetpack_publicize_connections":[],"jetpack_featured_media_url":"https:\/\/i0.wp.com\/acatraia.ufac.br\/wp-content\/uploads\/2026\/03\/WhatsApp-Image-2026-03-11-at-10.36.37.jpeg?fit=1919%2C2191&ssl=1","jetpack_sharing_enabled":true,"amp_enabled":true,"_links":{"self":[{"href":"https:\/\/acatraia.ufac.br\/index.php?rest_route=\/wp\/v2\/posts\/5899","targetHints":{"allow":["GET"]}}],"collection":[{"href":"https:\/\/acatraia.ufac.br\/index.php?rest_route=\/wp\/v2\/posts"}],"about":[{"href":"https:\/\/acatraia.ufac.br\/index.php?rest_route=\/wp\/v2\/types\/post"}],"author":[{"embeddable":true,"href":"https:\/\/acatraia.ufac.br\/index.php?rest_route=\/wp\/v2\/users\/24"}],"replies":[{"embeddable":true,"href":"https:\/\/acatraia.ufac.br\/index.php?rest_route=%2Fwp%2Fv2%2Fcomments&post=5899"}],"version-history":[{"count":1,"href":"https:\/\/acatraia.ufac.br\/index.php?rest_route=\/wp\/v2\/posts\/5899\/revisions"}],"predecessor-version":[{"id":5901,"href":"https:\/\/acatraia.ufac.br\/index.php?rest_route=\/wp\/v2\/posts\/5899\/revisions\/5901"}],"wp:featuredmedia":[{"embeddable":true,"href":"https:\/\/acatraia.ufac.br\/index.php?rest_route=\/wp\/v2\/media\/5900"}],"wp:attachment":[{"href":"https:\/\/acatraia.ufac.br\/index.php?rest_route=%2Fwp%2Fv2%2Fmedia&parent=5899"}],"wp:term":[{"taxonomy":"category","embeddable":true,"href":"https:\/\/acatraia.ufac.br\/index.php?rest_route=%2Fwp%2Fv2%2Fcategories&post=5899"},{"taxonomy":"post_tag","embeddable":true,"href":"https:\/\/acatraia.ufac.br\/index.php?rest_route=%2Fwp%2Fv2%2Ftags&post=5899"},{"taxonomy":"author","embeddable":true,"href":"https:\/\/acatraia.ufac.br\/index.php?rest_route=%2Fwp%2Fv2%2Fcoauthors&post=5899"}],"curies":[{"name":"wp","href":"https:\/\/api.w.org\/{rel}","templated":true}]}}