{"id":5891,"date":"2026-03-11T10:50:57","date_gmt":"2026-03-11T15:50:57","guid":{"rendered":"https:\/\/acatraia.ufac.br\/?p=5891"},"modified":"2026-03-12T21:43:48","modified_gmt":"2026-03-13T02:43:48","slug":"jovens-digitalizam-acervo-e-ajudam-a-preservar-historia-de-emissora-de-televisao-no-acre","status":"publish","type":"post","link":"https:\/\/acatraia.ufac.br\/?p=5891","title":{"rendered":"Jovens digitalizam acervo e ajudam a preservar hist\u00f3ria de emissora de televis\u00e3o no Acre"},"content":{"rendered":"\n<p><em><strong>Por Carlos Eduardo, Thays Nogueira e Luis Guilherme<\/strong><\/em>*<\/p>\n\n\n\n<p>Os jovens Rafael Santillo Justo, 20, e Guilherme Barros, 21, iniciaram, em fevereiro de 2026, um projeto independente para digitalizar arquivos audiovisuais das d\u00e9cadas de 1980 e 1990 da televis\u00e3o acreana.\u200b A iniciativa busca preencher a aus\u00eancia de registros hist\u00f3ricos do estado na internet e se baseia no conceito de &#8216;Lost Media&#8217; (m\u00eddias perdidas), termo que se popularizou na internet nos \u00faltimos anos e que define conte\u00fados que existiram, mas, por falta de preserva\u00e7\u00e3o ou distribui\u00e7\u00e3o, tornaram-se inacess\u00edveis ou s\u00e3o considerados desaparecidos. O material recuperado, que inclui acervos da TV Rio Branco, est\u00e1 sendo disponibilizado no YouTube nos canais M\u00eddia da TV, Gpbtv e TV Acreana.<\/p>\n\n\n\n<p>A motiva\u00e7\u00e3o para o projeto surgiu ap\u00f3s Rafael Justo notar uma escassez significativa em rela\u00e7\u00e3o aos registros da televis\u00e3o local dispon\u00edveis para consulta p\u00fablica na internet. &#8220;S\u00e3o poucas coisas e normalmente trechos pequenos de digitaliza\u00e7\u00f5es caseiras&#8221;, conta Rafael. Segundo Guilherme Barros, a preserva\u00e7\u00e3o depende quase exclusivamente desses acervos das emissoras, j\u00e1 que o acesso limitado da popula\u00e7\u00e3o a aparelhos de v\u00eddeo na \u00e9poca impediu a cria\u00e7\u00e3o de arquivos dom\u00e9sticos. &#8220;A televis\u00e3o era um artigo de luxo. Se as pessoas mal tinham TV, quem dir\u00e1 um v\u00eddeo cassete para gravar\u201d. Guilherme pontua que em estados do Sudeste e Sul existe uma cultura de &#8220;arquivistas amadores\u201d e muita coisa est\u00e1 preservada na internet por esse motivo.<\/p>\n\n\n\n<figure class=\"wp-block-image size-full\"><img data-recalc-dims=\"1\" fetchpriority=\"high\" decoding=\"async\" width=\"740\" height=\"552\" src=\"https:\/\/i0.wp.com\/acatraia.ufac.br\/wp-content\/uploads\/2026\/03\/IMG-20260306-WA0051.jpg?resize=740%2C552&#038;ssl=1\" alt=\"\" class=\"wp-image-5895\" srcset=\"https:\/\/i0.wp.com\/acatraia.ufac.br\/wp-content\/uploads\/2026\/03\/IMG-20260306-WA0051.jpg?w=989&amp;ssl=1 989w, https:\/\/i0.wp.com\/acatraia.ufac.br\/wp-content\/uploads\/2026\/03\/IMG-20260306-WA0051.jpg?resize=300%2C224&amp;ssl=1 300w, https:\/\/i0.wp.com\/acatraia.ufac.br\/wp-content\/uploads\/2026\/03\/IMG-20260306-WA0051.jpg?resize=768%2C573&amp;ssl=1 768w\" sizes=\"(max-width: 740px) 100vw, 740px\" \/><\/figure>\n\n\n\n<p>Trechos j\u00e1 recuperados do acervo da televis\u00e3o acreana est\u00e3o sendo publicados nos canais M\u00eddia da TV, Gpbtv e TV Acreana no YouTube, ampliando o acesso p\u00fablico \u00e0 mem\u00f3ria audiovisual do estado. Foto: cedida<\/p>\n\n\n\n<p>O processo t\u00e9cnico \u00e9 complexo e de alto custo, exigindo o envio do material para a empresa Procimar Cine V\u00eddeo, em S\u00e3o Paulo, devido \u00e0 aus\u00eancia de equipamentos que reproduzam o formato U-matic no Acre. &#8220;A digitaliza\u00e7\u00e3o \u00e9 feita por equipamentos profissionais e \u00e9 obrigat\u00f3rio fazer a limpeza, porque as fitas estavam em um estado de conserva\u00e7\u00e3o ruim. S\u00e3o fitas com mais de 30 anos que acabam mofando&#8221;, afirma Rafael. O custo para digitalizar as nove fitas que o projeto conseguiu ultrapassa mil reais, e o projeto sobrevive de recursos pr\u00f3prios e de doa\u00e7\u00f5es feitas por uma &#8220;vaquinha&#8221; virtual. &#8220;Das nove fitas, s\u00f3 conseguimos digitalizar duas e elas sa\u00edram pelo valor de 550 reais, ou seja, \u00e9 um processo muito caro&#8221;, completa o idealizador.<\/p>\n\n\n\n<p>At\u00e9 o momento, a digitaliza\u00e7\u00e3o priorizou fitas master de vinhetas e trechos das primeiras imagens da emissora fundada em 1989, mas o acervo ainda possui registros de relev\u00e2ncia hist\u00f3rica. Entre os materiais pendentes de digitaliza\u00e7\u00e3o est\u00e3o document\u00e1rios sobre o governador Edmundo Pinto, o jogador Rei Arthur e ainda trechos de telejornais da emissora nos anos 90. &#8220;Tem outras fitas com assuntos muito interessantes ainda. \u00c9 preciso fazer uma limpeza, muitas vezes manual, e algumas vezes at\u00e9 com tratamento qu\u00edmico para recuperar a imagem&#8221;, explica Rafael.<\/p>\n\n\n\n<figure class=\"wp-block-image size-large\"><img data-recalc-dims=\"1\" decoding=\"async\" width=\"740\" height=\"416\" src=\"https:\/\/i0.wp.com\/acatraia.ufac.br\/wp-content\/uploads\/2026\/03\/20260305_100843.jpg?resize=740%2C416&#038;ssl=1\" alt=\"\" class=\"wp-image-5896\" srcset=\"https:\/\/i0.wp.com\/acatraia.ufac.br\/wp-content\/uploads\/2026\/03\/20260305_100843.jpg?resize=1024%2C576&amp;ssl=1 1024w, https:\/\/i0.wp.com\/acatraia.ufac.br\/wp-content\/uploads\/2026\/03\/20260305_100843.jpg?resize=300%2C169&amp;ssl=1 300w, https:\/\/i0.wp.com\/acatraia.ufac.br\/wp-content\/uploads\/2026\/03\/20260305_100843.jpg?resize=768%2C432&amp;ssl=1 768w, https:\/\/i0.wp.com\/acatraia.ufac.br\/wp-content\/uploads\/2026\/03\/20260305_100843.jpg?resize=1536%2C864&amp;ssl=1 1536w, https:\/\/i0.wp.com\/acatraia.ufac.br\/wp-content\/uploads\/2026\/03\/20260305_100843.jpg?w=1600&amp;ssl=1 1600w, https:\/\/i0.wp.com\/acatraia.ufac.br\/wp-content\/uploads\/2026\/03\/20260305_100843.jpg?w=1480&amp;ssl=1 1480w\" sizes=\"(max-width: 740px) 100vw, 740px\" \/><\/figure>\n\n\n\n<p><em>Fitas antigas da TV Rio Branco fazem parte do acervo que est\u00e1 sendo recuperado e digitalizado pelos jovens para evitar que registros hist\u00f3ricos da TV acreana se tornem \u201clost media\u201d. Foto: cedida<\/em><\/p>\n\n\n\n<p>Embora o foco atual seja a TV Rio Branco, os jovens pretendem expandir a iniciativa para outras emissoras como TV Acre, TV5 e TV Gazeta. O projeto n\u00e3o possui fins lucrativos e \u00e9 mantido por eles apenas como um hobby e conta com o apoio de ex-funcion\u00e1rios e profissionais do setor que auxiliam na identifica\u00e7\u00e3o dos conte\u00fados.&nbsp; &#8220;A repercuss\u00e3o tem sido muito positiva e desperta a aten\u00e7\u00e3o de jovens que t\u00eam curiosidade sobre o passado, e dos contempor\u00e2neos das imagens que sentem nostalgia ao rever as imagens. Estamos abertos para quem tiver algum acervo particular ou emissora que queira conversar sobre a disponibiliza\u00e7\u00e3o de materiais, e tamb\u00e9m para quem quiser ajudar financeiramente atrav\u00e9s da nossa vaquinha que est\u00e1 dispon\u00edvel no Youtube&#8221;, finaliza Rafael Justo.<\/p>\n\n\n\n<figure class=\"wp-block-image size-full\"><img data-recalc-dims=\"1\" decoding=\"async\" width=\"740\" height=\"555\" src=\"https:\/\/i0.wp.com\/acatraia.ufac.br\/wp-content\/uploads\/2026\/03\/IMG-20260306-WA0049.jpg?resize=740%2C555&#038;ssl=1\" alt=\"\" class=\"wp-image-5897\" srcset=\"https:\/\/i0.wp.com\/acatraia.ufac.br\/wp-content\/uploads\/2026\/03\/IMG-20260306-WA0049.jpg?w=984&amp;ssl=1 984w, https:\/\/i0.wp.com\/acatraia.ufac.br\/wp-content\/uploads\/2026\/03\/IMG-20260306-WA0049.jpg?resize=300%2C225&amp;ssl=1 300w, https:\/\/i0.wp.com\/acatraia.ufac.br\/wp-content\/uploads\/2026\/03\/IMG-20260306-WA0049.jpg?resize=768%2C576&amp;ssl=1 768w\" sizes=\"(max-width: 740px) 100vw, 740px\" \/><\/figure>\n\n\n\n<p>Trechos j\u00e1 recuperados do acervo da televis\u00e3o acreana est\u00e3o sendo publicados nos canais M\u00eddia da TV, Gpbtv e TV Acreana no YouTube, ampliando o acesso p\u00fablico \u00e0 mem\u00f3ria audiovisual do estado. Foto: cedida<\/p>\n\n\n\n<p><a href=\"https:\/\/youtu.be\/a5AG4rif4ZY?si=Pn9gOSoWc3abYnmH\" data-type=\"link\" data-id=\"https:\/\/youtu.be\/a5AG4rif4ZY?si=Pn9gOSoWc3abYnmH\">Para acessar a playlist com os v\u00eddeos j\u00e1 digitalizados, clique aqui.<\/a><\/p>\n\n\n\n<p>*<em>Mat\u00e9ria escrita sob orienta\u00e7\u00e3o da professora Giselle Lucena, para a disciplina de Reda\u00e7\u00e3o 1.<\/em><\/p>\n","protected":false},"excerpt":{"rendered":"<p>Iniciativa independente enfrenta altos custos e supera limita\u00e7\u00f5es t\u00e9cnicas com envio de fitas para S\u00e3o Paulo. Materiais t\u00eam mais de 30 anos<\/p>\n","protected":false},"author":24,"featured_media":5894,"comment_status":"open","ping_status":"open","sticky":false,"template":"","format":"standard","meta":{"_jetpack_memberships_contains_paid_content":false,"footnotes":"","jetpack_publicize_message":"","jetpack_publicize_feature_enabled":true,"jetpack_social_post_already_shared":true,"jetpack_social_options":{"image_generator_settings":{"template":"highway","default_image_id":0,"enabled":false},"version":2}},"categories":[5,1],"tags":[40,115,8],"coauthors":[136],"class_list":["post-5891","post","type-post","status-publish","format-standard","has-post-thumbnail","hentry","category-afluentes","category-ultimas-noticias","tag-acre","tag-cultura","tag-destaque"],"jetpack_publicize_connections":[],"jetpack_featured_media_url":"https:\/\/i0.wp.com\/acatraia.ufac.br\/wp-content\/uploads\/2026\/03\/IMG-20260108-WA0029.jpg?fit=1600%2C900&ssl=1","jetpack_sharing_enabled":true,"amp_enabled":true,"_links":{"self":[{"href":"https:\/\/acatraia.ufac.br\/index.php?rest_route=\/wp\/v2\/posts\/5891","targetHints":{"allow":["GET"]}}],"collection":[{"href":"https:\/\/acatraia.ufac.br\/index.php?rest_route=\/wp\/v2\/posts"}],"about":[{"href":"https:\/\/acatraia.ufac.br\/index.php?rest_route=\/wp\/v2\/types\/post"}],"author":[{"embeddable":true,"href":"https:\/\/acatraia.ufac.br\/index.php?rest_route=\/wp\/v2\/users\/24"}],"replies":[{"embeddable":true,"href":"https:\/\/acatraia.ufac.br\/index.php?rest_route=%2Fwp%2Fv2%2Fcomments&post=5891"}],"version-history":[{"count":2,"href":"https:\/\/acatraia.ufac.br\/index.php?rest_route=\/wp\/v2\/posts\/5891\/revisions"}],"predecessor-version":[{"id":5909,"href":"https:\/\/acatraia.ufac.br\/index.php?rest_route=\/wp\/v2\/posts\/5891\/revisions\/5909"}],"wp:featuredmedia":[{"embeddable":true,"href":"https:\/\/acatraia.ufac.br\/index.php?rest_route=\/wp\/v2\/media\/5894"}],"wp:attachment":[{"href":"https:\/\/acatraia.ufac.br\/index.php?rest_route=%2Fwp%2Fv2%2Fmedia&parent=5891"}],"wp:term":[{"taxonomy":"category","embeddable":true,"href":"https:\/\/acatraia.ufac.br\/index.php?rest_route=%2Fwp%2Fv2%2Fcategories&post=5891"},{"taxonomy":"post_tag","embeddable":true,"href":"https:\/\/acatraia.ufac.br\/index.php?rest_route=%2Fwp%2Fv2%2Ftags&post=5891"},{"taxonomy":"author","embeddable":true,"href":"https:\/\/acatraia.ufac.br\/index.php?rest_route=%2Fwp%2Fv2%2Fcoauthors&post=5891"}],"curies":[{"name":"wp","href":"https:\/\/api.w.org\/{rel}","templated":true}]}}