{"id":5856,"date":"2026-03-09T15:45:57","date_gmt":"2026-03-09T20:45:57","guid":{"rendered":"https:\/\/acatraia.ufac.br\/?p=5856"},"modified":"2026-03-11T00:30:08","modified_gmt":"2026-03-11T05:30:08","slug":"renda-media-de-r-25-mil-e-gasolina-acima-de-r-669-o-peso-do-custo-de-vida-em-rio-branco","status":"publish","type":"post","link":"https:\/\/acatraia.ufac.br\/?p=5856","title":{"rendered":"Renda m\u00e9dia de R$ 2,5 mil e gasolina acima de R$ 6,69: o peso do custo de vida em Rio Branco"},"content":{"rendered":"\n<p><strong><em>Por Rosely Cabral e Beatriz Ohrana<\/em><\/strong><\/p>\n\n\n\n<p>Viver em Rio Branco, capital do Acre, envolve desafios que v\u00e3o al\u00e9m da dist\u00e2ncia geogr\u00e1fica em rela\u00e7\u00e3o aos grandes centros do pa\u00eds. O custo de vida elevado pressiona o or\u00e7amento das fam\u00edlias e evidencia um descompasso entre renda m\u00e9dia e despesas b\u00e1sicas. Alimenta\u00e7\u00e3o, combust\u00edvel, moradia e mercado de trabalho s\u00e3o fatores que ajudam a explicar o peso crescente no bolso da popula\u00e7\u00e3o.<\/p>\n\n\n\n<p>Segundo dados do Instituto Brasileiro de Geografia e Estat\u00edstica (IBGE), o rendimento m\u00e9dio mensal dos trabalhadores no Acre foi de aproximadamente <strong>R$2.563 em 2024<\/strong>. J\u00e1 a Pesquisa Nacional por Amostra de Domic\u00edlios (PNAD), mostra que o valor est\u00e1 <strong>R$662 abaixo da m\u00e9dia nacional<\/strong>, estimada em <strong>R$3.225<\/strong>.<\/p>\n\n\n<div class=\"wp-block-image\">\n<figure class=\"aligncenter size-full is-resized\"><img data-recalc-dims=\"1\" fetchpriority=\"high\" decoding=\"async\" width=\"640\" height=\"480\" src=\"https:\/\/i0.wp.com\/acatraia.ufac.br\/wp-content\/uploads\/2026\/03\/grafico_renda_media.png?resize=640%2C480&#038;ssl=1\" alt=\"\" class=\"wp-image-5859\" style=\"width:640px;height:auto\" srcset=\"https:\/\/i0.wp.com\/acatraia.ufac.br\/wp-content\/uploads\/2026\/03\/grafico_renda_media.png?w=640&amp;ssl=1 640w, https:\/\/i0.wp.com\/acatraia.ufac.br\/wp-content\/uploads\/2026\/03\/grafico_renda_media.png?resize=300%2C225&amp;ssl=1 300w\" sizes=\"(max-width: 640px) 100vw, 640px\" \/><\/figure>\n<\/div>\n\n\n<p class=\"has-text-align-center\"><em>Fonte: IBGE\/PNAD. Gr\u00e1fico: Jornal A Catraia<\/em><\/p>\n\n\n\n<p>Essa realidade \u00e9 sentida diariamente pela popula\u00e7\u00e3o e aparece de forma direta no or\u00e7amento de trabalhadores, fam\u00edlias e at\u00e9 estudantes.<\/p>\n\n\n\n<p>\u201cA gente sente no bolso todo m\u00eas. O sal\u00e1rio praticamente acaba s\u00f3 com as contas b\u00e1sicas. Quando paga aluguel, energia e mercado, j\u00e1 sobra muito pouco para outras coisas\u201d, afirma a auxiliar administrativa Maria das Dores Silva, moradora de Rio Branco.<\/p>\n\n\n\n<h2 class=\"wp-block-heading\"><strong>Alimenta\u00e7\u00e3o fora de casa<\/strong><\/h2>\n\n\n\n<p>O custo das refei\u00e7\u00f5es tamb\u00e9m reflete esse cen\u00e1rio. Em restaurantes considerados de padr\u00e3o m\u00e9dio ou elevado na capital acreana, o valor de uma refei\u00e7\u00e3o varia entre <strong>R$45 e R$100<\/strong>.<\/p>\n\n\n\n<p>Embora os pre\u00e7os sejam menores do que os de outras capitais brasileiras, o impacto \u00e9 proporcionalmente maior quando comparado \u00e0 renda m\u00e9dia do estado.<\/p>\n\n\n\n<h2 class=\"wp-block-heading\"><strong>Combust\u00edveis entre os mais caros do pa\u00eds<\/strong><\/h2>\n\n\n\n<p>Outro fator que influencia diretamente o custo de vida \u00e9 o pre\u00e7o dos combust\u00edveis. A gasolina comercializada em Rio Branco figura entre as mais caras do pa\u00eds, reflexo das dificuldades log\u00edsticas da regi\u00e3o Norte.<\/p>\n\n\n\n<p>Atualmente, o litro \u00e9 vendido em m\u00e9dia entre <strong>R$6,69 e R$7,68<\/strong>, dependendo do posto e da localiza\u00e7\u00e3o. Em munic\u00edpios do interior, especialmente durante o per\u00edodo do ver\u00e3o amaz\u00f4nico, o pre\u00e7o pode alcan\u00e7ar <strong>R$10 por litro<\/strong>.<\/p>\n\n\n\n<p>Esse custo elevado impacta toda a cadeia de pre\u00e7os, desde o transporte individual at\u00e9 o valor final de alimentos, servi\u00e7os e deslocamentos em comunidades mais isoladas.<\/p>\n\n\n<div class=\"wp-block-image\">\n<figure class=\"aligncenter size-full is-resized\"><img data-recalc-dims=\"1\" decoding=\"async\" width=\"640\" height=\"480\" src=\"https:\/\/i0.wp.com\/acatraia.ufac.br\/wp-content\/uploads\/2026\/03\/grafico_gasolina.png?resize=640%2C480&#038;ssl=1\" alt=\"\" class=\"wp-image-5860\" style=\"width:640px;height:auto\" srcset=\"https:\/\/i0.wp.com\/acatraia.ufac.br\/wp-content\/uploads\/2026\/03\/grafico_gasolina.png?w=640&amp;ssl=1 640w, https:\/\/i0.wp.com\/acatraia.ufac.br\/wp-content\/uploads\/2026\/03\/grafico_gasolina.png?resize=300%2C225&amp;ssl=1 300w\" sizes=\"(max-width: 640px) 100vw, 640px\" \/><\/figure>\n<\/div>\n\n\n<p class=\"has-text-align-center\"><em>Fonte: IBGE\/PNAD. Gr\u00e1fico: Jornal A Catraia<\/em><\/p>\n\n\n\n<h2 class=\"wp-block-heading\"><strong>Aluguel compromete grande parte da renda<\/strong><\/h2>\n\n\n\n<p>A moradia tamb\u00e9m representa uma parcela significativa das despesas. Em Rio Branco, o aluguel de um apartamento de um quarto varia entre <strong>R$700 e R$1.200<\/strong>, enquanto im\u00f3veis maiores podem alcan\u00e7ar <strong>R$2.000 ou R$2.500<\/strong>, dependendo da localiza\u00e7\u00e3o e da infraestrutura.<\/p>\n\n\n\n<p>Em cidades como Florian\u00f3polis ou Santos, im\u00f3veis semelhantes podem custar entre <strong>R$1.800 e R$3.000<\/strong>. No entanto, nesses munic\u00edpios a renda m\u00e9dia da popula\u00e7\u00e3o \u00e9 significativamente maior.Em Rio Branco, trabalhadores com rendimento mensal pr\u00f3ximo de <strong>R$2.500<\/strong> podem comprometer <strong>entre 30% e 50% da renda apenas com aluguel<\/strong>, o que limita o acesso a moradias pr\u00f3ximas ao trabalho ou a \u00e1reas com melhor oferta de servi\u00e7os p\u00fablicos.<\/p>\n\n\n<div class=\"wp-block-image\">\n<figure class=\"aligncenter size-full\"><img data-recalc-dims=\"1\" decoding=\"async\" width=\"640\" height=\"480\" src=\"https:\/\/i0.wp.com\/acatraia.ufac.br\/wp-content\/uploads\/2026\/03\/grafico_aluguel.png?resize=640%2C480&#038;ssl=1\" alt=\"\" class=\"wp-image-5861\" srcset=\"https:\/\/i0.wp.com\/acatraia.ufac.br\/wp-content\/uploads\/2026\/03\/grafico_aluguel.png?w=640&amp;ssl=1 640w, https:\/\/i0.wp.com\/acatraia.ufac.br\/wp-content\/uploads\/2026\/03\/grafico_aluguel.png?resize=300%2C225&amp;ssl=1 300w\" sizes=\"(max-width: 640px) 100vw, 640px\" \/><\/figure>\n<\/div>\n\n\n<p class=\"has-text-align-center\"><em>Fonte: IBGE\/PNAD. Gr\u00e1fico: Jornal A Catraia<\/em><\/p>\n\n\n\n<h2 class=\"wp-block-heading\"><strong>Mercado de trabalho ainda apresenta desafios<\/strong><\/h2>\n\n\n\n<p>O cen\u00e1rio econ\u00f4mico tamb\u00e9m \u00e9 influenciado pelo mercado de trabalho. Dados do IBGE indicam que a taxa de desocupa\u00e7\u00e3o no Acre variou entre <strong>7,3% e 8,2% no primeiro semestre de 2025<\/strong>, o que representa cerca de <strong>30 mil pessoas fora do mercado de trabalho<\/strong>.<\/p>\n\n\n\n<p>Mesmo em per\u00edodos de leve redu\u00e7\u00e3o da taxa de desemprego, a pesquisa aponta que os indicadores devem ser analisados em conjunto com outros fatores, como informalidade, renda m\u00e9dia e oferta de empregos qualificados.<\/p>\n\n\n<div class=\"wp-block-image\">\n<figure class=\"aligncenter size-full\"><img data-recalc-dims=\"1\" loading=\"lazy\" decoding=\"async\" width=\"640\" height=\"480\" src=\"https:\/\/i0.wp.com\/acatraia.ufac.br\/wp-content\/uploads\/2026\/03\/grafico_desemprego.png?resize=640%2C480&#038;ssl=1\" alt=\"\" class=\"wp-image-5862\" srcset=\"https:\/\/i0.wp.com\/acatraia.ufac.br\/wp-content\/uploads\/2026\/03\/grafico_desemprego.png?w=640&amp;ssl=1 640w, https:\/\/i0.wp.com\/acatraia.ufac.br\/wp-content\/uploads\/2026\/03\/grafico_desemprego.png?resize=300%2C225&amp;ssl=1 300w\" sizes=\"(max-width: 640px) 100vw, 640px\" \/><\/figure>\n<\/div>\n\n\n<p class=\"has-text-align-center\"><em>Fonte: IBGE\/PNAD. Gr\u00e1fico: Jornal A Catraia<\/em><\/p>\n\n\n\n<p>A dificuldade de conseguir emprego ou de encontrar trabalhos com melhor remunera\u00e7\u00e3o tamb\u00e9m afeta diretamente jovens que ainda est\u00e3o em processo de forma\u00e7\u00e3o.<\/p>\n\n\n\n<p>\u201cN\u00e3o \u00e9 s\u00f3 o custo de vida que pesa, \u00e9 a dificuldade de encontrar um trabalho que pague melhor. Muita gente acaba aceitando o que aparece para conseguir se manter\u201d, avalia a estudante de economia Carla Mendes, de 23 anos.<\/p>\n\n\n\n<p>Para ela, enfrentar o alto custo de vida no estado depende de uma combina\u00e7\u00e3o de fatores, incluindo investimentos em infraestrutura log\u00edstica, incentivo \u00e0 produ\u00e7\u00e3o regional e amplia\u00e7\u00e3o de oportunidades de trabalho e renda.<\/p>\n\n\n\n<p>Enquanto essas medidas n\u00e3o avan\u00e7am de forma consistente, o custo de vida segue sendo um dos principais desafios para quem vive na capital acreana.<\/p>\n\n\n\n<p><\/p>\n","protected":false},"excerpt":{"rendered":"<p>Diferen\u00e7a entre renda e despesas exp\u00f5e os desafios econ\u00f4micos enfrentados pela popula\u00e7\u00e3o na capital acreana<\/p>\n","protected":false},"author":24,"featured_media":5857,"comment_status":"open","ping_status":"open","sticky":false,"template":"","format":"standard","meta":{"_jetpack_memberships_contains_paid_content":false,"footnotes":"","jetpack_publicize_message":"","jetpack_publicize_feature_enabled":true,"jetpack_social_post_already_shared":true,"jetpack_social_options":{"image_generator_settings":{"template":"highway","default_image_id":0,"enabled":false},"version":2}},"categories":[3,1],"tags":[40,8,32],"coauthors":[136],"class_list":["post-5856","post","type-post","status-publish","format-standard","has-post-thumbnail","hentry","category-corriqueiras","category-ultimas-noticias","tag-acre","tag-destaque","tag-economia"],"jetpack_publicize_connections":[],"jetpack_featured_media_url":"https:\/\/i0.wp.com\/acatraia.ufac.br\/wp-content\/uploads\/2026\/03\/20241128_135854.jpg-scaled.jpeg?fit=2560%2C1735&ssl=1","jetpack_sharing_enabled":true,"amp_enabled":true,"_links":{"self":[{"href":"https:\/\/acatraia.ufac.br\/index.php?rest_route=\/wp\/v2\/posts\/5856","targetHints":{"allow":["GET"]}}],"collection":[{"href":"https:\/\/acatraia.ufac.br\/index.php?rest_route=\/wp\/v2\/posts"}],"about":[{"href":"https:\/\/acatraia.ufac.br\/index.php?rest_route=\/wp\/v2\/types\/post"}],"author":[{"embeddable":true,"href":"https:\/\/acatraia.ufac.br\/index.php?rest_route=\/wp\/v2\/users\/24"}],"replies":[{"embeddable":true,"href":"https:\/\/acatraia.ufac.br\/index.php?rest_route=%2Fwp%2Fv2%2Fcomments&post=5856"}],"version-history":[{"count":2,"href":"https:\/\/acatraia.ufac.br\/index.php?rest_route=\/wp\/v2\/posts\/5856\/revisions"}],"predecessor-version":[{"id":5882,"href":"https:\/\/acatraia.ufac.br\/index.php?rest_route=\/wp\/v2\/posts\/5856\/revisions\/5882"}],"wp:featuredmedia":[{"embeddable":true,"href":"https:\/\/acatraia.ufac.br\/index.php?rest_route=\/wp\/v2\/media\/5857"}],"wp:attachment":[{"href":"https:\/\/acatraia.ufac.br\/index.php?rest_route=%2Fwp%2Fv2%2Fmedia&parent=5856"}],"wp:term":[{"taxonomy":"category","embeddable":true,"href":"https:\/\/acatraia.ufac.br\/index.php?rest_route=%2Fwp%2Fv2%2Fcategories&post=5856"},{"taxonomy":"post_tag","embeddable":true,"href":"https:\/\/acatraia.ufac.br\/index.php?rest_route=%2Fwp%2Fv2%2Ftags&post=5856"},{"taxonomy":"author","embeddable":true,"href":"https:\/\/acatraia.ufac.br\/index.php?rest_route=%2Fwp%2Fv2%2Fcoauthors&post=5856"}],"curies":[{"name":"wp","href":"https:\/\/api.w.org\/{rel}","templated":true}]}}