{"id":5824,"date":"2026-03-06T09:47:59","date_gmt":"2026-03-06T14:47:59","guid":{"rendered":"https:\/\/acatraia.ufac.br\/?p=5824"},"modified":"2026-03-06T09:48:02","modified_gmt":"2026-03-06T14:48:02","slug":"fotografos-registram-momentos-no-parque-do-ipe-e-vendem-imagens-pela-plataforma-foco-radical","status":"publish","type":"post","link":"https:\/\/acatraia.ufac.br\/?p=5824","title":{"rendered":"Fot\u00f3grafos registram momentos no Parque do Ip\u00ea e vendem imagens pela plataforma Foco Radical"},"content":{"rendered":"\n<p><strong><em>Por Priscila Pinheiro<\/em><\/strong><\/p>\n\n\n\n<p>Fot\u00f3grafos aut\u00f4nomos est\u00e3o transformando as caminhadas e corridas realizadas na pista do Ip\u00ea, em Rio Branco, em oportunidade de renda por meio da comercializa\u00e7\u00e3o de imagens na plataforma digital Foco Radical. Os profissionais registram corredores, ciclistas e frequentadores durante as atividades f\u00edsicas e disponibilizam as fotos para venda no site.<\/p>\n\n\n\n<p>Francisco do Nascimento, de 26 anos, atua na \u00e1rea h\u00e1 cerca de um ano e meio. Segundo ele, o trabalho come\u00e7ou como uma forma de complementar a renda e passou a se consolidar com o apoio da plataforma. \u201c\u00c9 um trabalho que come\u00e7ou como uma forma de ganhar dinheiro e acabou dando certo\u201d, afirma. Ele destaca ainda que o sistema facilita o processo, j\u00e1 que \u201ca gente faz o registro e a plataforma cuida da parte da venda\u201d.<\/p>\n\n\n\n<p><strong>Sistema digital facilita busca e compra das fotografias<\/strong><\/p>\n\n\n\n<figure class=\"wp-block-image size-large\"><img data-recalc-dims=\"1\" fetchpriority=\"high\" decoding=\"async\" width=\"740\" height=\"363\" src=\"https:\/\/i0.wp.com\/acatraia.ufac.br\/wp-content\/uploads\/2026\/03\/Imagem1-1.png?resize=740%2C363&#038;ssl=1\" alt=\"\" class=\"wp-image-5827\" srcset=\"https:\/\/i0.wp.com\/acatraia.ufac.br\/wp-content\/uploads\/2026\/03\/Imagem1-1.png?resize=1024%2C503&amp;ssl=1 1024w, https:\/\/i0.wp.com\/acatraia.ufac.br\/wp-content\/uploads\/2026\/03\/Imagem1-1.png?resize=300%2C147&amp;ssl=1 300w, https:\/\/i0.wp.com\/acatraia.ufac.br\/wp-content\/uploads\/2026\/03\/Imagem1-1.png?resize=768%2C377&amp;ssl=1 768w, https:\/\/i0.wp.com\/acatraia.ufac.br\/wp-content\/uploads\/2026\/03\/Imagem1-1.png?w=1299&amp;ssl=1 1299w\" sizes=\"(max-width: 740px) 100vw, 740px\" \/><\/figure>\n\n\n\n<p><em>P\u00e1gina inicial da plataforma Foco Radical. Foto: site do Foco Radical.<\/em><\/p>\n\n\n\n<p>Ap\u00f3s os registros feitos com c\u00e2mera profissional, as imagens s\u00e3o enviadas ao site, onde ficam organizadas por data e local, al\u00e9m de ferramentas que auxiliam na identifica\u00e7\u00e3o dos participantes. O cliente acessa a plataforma, localiza a foto e escolhe o formato dispon\u00edvel, geralmente em arquivo digital de alta resolu\u00e7\u00e3o.<\/p>\n\n\n\n<p>O pagamento \u00e9 realizado diretamente pelo sistema, com op\u00e7\u00f5es via Pix, boleto banc\u00e1rio ou cart\u00e3o de cr\u00e9dito. A empresa intermedeia a transa\u00e7\u00e3o e repassa ao fot\u00f3grafo o valor correspondente \u00e0s vendas efetuadas.<\/p>\n\n\n\n<p>Os dados da plataforma mostram a dimens\u00e3o do servi\u00e7o: s\u00e3o mais de 6 mil fot\u00f3grafos ativos, mais de 50 milh\u00f5es de fotos publicadas mensalmente, mais de 140 mil eventos esportivos cadastrados, um acervo superior a 1 bilh\u00e3o de imagens, mais de 2 milh\u00f5es de clientes e mais de 15 milh\u00f5es de fotos vendidas.<\/p>\n\n\n\n<p><strong>Experi\u00eancia surpreende e agrada praticantes de atividade f\u00edsica<\/strong><\/p>\n\n\n\n<figure class=\"wp-block-image size-large\"><img data-recalc-dims=\"1\" decoding=\"async\" width=\"740\" height=\"963\" src=\"https:\/\/i0.wp.com\/acatraia.ufac.br\/wp-content\/uploads\/2026\/03\/20250620_173342.jpg.jpeg?resize=740%2C963&#038;ssl=1\" alt=\"\" class=\"wp-image-5828\" srcset=\"https:\/\/i0.wp.com\/acatraia.ufac.br\/wp-content\/uploads\/2026\/03\/20250620_173342.jpg-scaled.jpeg?resize=787%2C1024&amp;ssl=1 787w, https:\/\/i0.wp.com\/acatraia.ufac.br\/wp-content\/uploads\/2026\/03\/20250620_173342.jpg-scaled.jpeg?resize=230%2C300&amp;ssl=1 230w, https:\/\/i0.wp.com\/acatraia.ufac.br\/wp-content\/uploads\/2026\/03\/20250620_173342.jpg-scaled.jpeg?resize=768%2C1000&amp;ssl=1 768w, https:\/\/i0.wp.com\/acatraia.ufac.br\/wp-content\/uploads\/2026\/03\/20250620_173342.jpg-scaled.jpeg?resize=1180%2C1536&amp;ssl=1 1180w, https:\/\/i0.wp.com\/acatraia.ufac.br\/wp-content\/uploads\/2026\/03\/20250620_173342.jpg-scaled.jpeg?resize=1573%2C2048&amp;ssl=1 1573w, https:\/\/i0.wp.com\/acatraia.ufac.br\/wp-content\/uploads\/2026\/03\/20250620_173342.jpg-scaled.jpeg?w=1967&amp;ssl=1 1967w, https:\/\/i0.wp.com\/acatraia.ufac.br\/wp-content\/uploads\/2026\/03\/20250620_173342.jpg-scaled.jpeg?w=1480&amp;ssl=1 1480w\" sizes=\"(max-width: 740px) 100vw, 740px\" \/><\/figure>\n\n\n\n<p><em>Parque do Ip\u00ea localizado na estrada Dias Martins. Foto: Diogo Jos\u00e9<\/em><\/p>\n\n\n\n<p>Entre os frequentadores que j\u00e1 adquiriram imagens est\u00e1 Lucas Ara\u00fajo, de 30 anos. Ele relata que ficou surpreso ao perceber que estava sendo fotografado durante o treino. \u201cFoi uma grande surpresa\u201d, comenta. Apesar disso, afirma que se sentiu confort\u00e1vel com a situa\u00e7\u00e3o.<\/p>\n\n\n\n<p>Ap\u00f3s acessar a plataforma e encontrar sua imagem, decidiu realizar a compra motivado pela qualidade do registro. Para o corredor, a fotografia representa mais do que um momento esportivo. \u201c\u00c9 um registro que faz parte da minha hist\u00f3ria\u201d, afirma. Ele tamb\u00e9m avalia de forma positiva a presen\u00e7a dos fot\u00f3grafos no local.<\/p>\n\n\n\n<p><strong>Plataforma concentra acervo bilion\u00e1rio de fotos esportivas<\/strong><\/p>\n\n\n\n<p>A pista do Ip\u00ea, localizada no Condom\u00ednio Ip\u00ea, \u00e9 um dos pontos mais movimentados para a pr\u00e1tica de atividades f\u00edsicas na capital acreana. O fluxo constante de pessoas transformou o espa\u00e7o em cen\u00e1rio favor\u00e1vel para registros fotogr\u00e1ficos, integrando esporte, tecnologia e gera\u00e7\u00e3o de renda em um mesmo ambiente.<\/p>\n","protected":false},"excerpt":{"rendered":"<p>Plataforma re\u00fane mais de 6 mil fot\u00f3grafos, publica cerca de 50 milh\u00f5es de imagens por m\u00eas e transforma registros de treinos em oportunidade de renda digital<\/p>\n","protected":false},"author":24,"featured_media":5825,"comment_status":"open","ping_status":"open","sticky":false,"template":"","format":"standard","meta":{"_jetpack_memberships_contains_paid_content":false,"footnotes":"","jetpack_publicize_message":"","jetpack_publicize_feature_enabled":true,"jetpack_social_post_already_shared":true,"jetpack_social_options":{"image_generator_settings":{"template":"highway","default_image_id":0,"enabled":false},"version":2}},"categories":[2,1],"tags":[40,8,32],"coauthors":[136],"class_list":["post-5824","post","type-post","status-publish","format-standard","has-post-thumbnail","hentry","category-rotas","category-ultimas-noticias","tag-acre","tag-destaque","tag-economia"],"jetpack_publicize_connections":[],"jetpack_featured_media_url":"https:\/\/i0.wp.com\/acatraia.ufac.br\/wp-content\/uploads\/2026\/03\/Imagem2.jpg.jpeg?fit=567%2C519&ssl=1","jetpack_sharing_enabled":true,"amp_enabled":true,"_links":{"self":[{"href":"https:\/\/acatraia.ufac.br\/index.php?rest_route=\/wp\/v2\/posts\/5824","targetHints":{"allow":["GET"]}}],"collection":[{"href":"https:\/\/acatraia.ufac.br\/index.php?rest_route=\/wp\/v2\/posts"}],"about":[{"href":"https:\/\/acatraia.ufac.br\/index.php?rest_route=\/wp\/v2\/types\/post"}],"author":[{"embeddable":true,"href":"https:\/\/acatraia.ufac.br\/index.php?rest_route=\/wp\/v2\/users\/24"}],"replies":[{"embeddable":true,"href":"https:\/\/acatraia.ufac.br\/index.php?rest_route=%2Fwp%2Fv2%2Fcomments&post=5824"}],"version-history":[{"count":1,"href":"https:\/\/acatraia.ufac.br\/index.php?rest_route=\/wp\/v2\/posts\/5824\/revisions"}],"predecessor-version":[{"id":5830,"href":"https:\/\/acatraia.ufac.br\/index.php?rest_route=\/wp\/v2\/posts\/5824\/revisions\/5830"}],"wp:featuredmedia":[{"embeddable":true,"href":"https:\/\/acatraia.ufac.br\/index.php?rest_route=\/wp\/v2\/media\/5825"}],"wp:attachment":[{"href":"https:\/\/acatraia.ufac.br\/index.php?rest_route=%2Fwp%2Fv2%2Fmedia&parent=5824"}],"wp:term":[{"taxonomy":"category","embeddable":true,"href":"https:\/\/acatraia.ufac.br\/index.php?rest_route=%2Fwp%2Fv2%2Fcategories&post=5824"},{"taxonomy":"post_tag","embeddable":true,"href":"https:\/\/acatraia.ufac.br\/index.php?rest_route=%2Fwp%2Fv2%2Ftags&post=5824"},{"taxonomy":"author","embeddable":true,"href":"https:\/\/acatraia.ufac.br\/index.php?rest_route=%2Fwp%2Fv2%2Fcoauthors&post=5824"}],"curies":[{"name":"wp","href":"https:\/\/api.w.org\/{rel}","templated":true}]}}