{"id":563,"date":"2021-06-22T17:31:25","date_gmt":"2021-06-22T22:31:25","guid":{"rendered":"http:\/\/acatraia.ufac.br\/?p=563"},"modified":"2021-08-05T21:52:16","modified_gmt":"2021-08-06T02:52:16","slug":"projetos-sociais-intensificam-acoes-solidarias-durante-a-pandemia","status":"publish","type":"post","link":"https:\/\/acatraia.ufac.br\/?p=563","title":{"rendered":"Projetos sociais intensificam a\u00e7\u00f5es solid\u00e1rias durante a pandemia"},"content":{"rendered":"\n<p>C<em>om o crescente n\u00famero de pessoas em situa\u00e7\u00e3o de pobreza, associa\u00e7\u00f5es acreanas de voluntariado se movimentam com doa\u00e7\u00f5es da sociedade para ajudar os que mais precisam de assist\u00eancia\u00a0<\/em> \/ Foto: Arquivo pessoal-Projeto Olhar Diferente<\/p>\n\n\n\n<p><strong>Por Gabriel Vercoza Alves e Renato Menezes<\/strong><\/p>\n\n\n\n<p>Em tempos de pandemia por Covid-19, muitas fam\u00edlias brasileiras conheceram a fome e a mis\u00e9ria de perto. De acordo com um <a href=\"http:\/\/olheparaafome.com.br\/#action\">estudo realizado pela Rede Brasileira de Pesquisa em Soberania e Seguran\u00e7a Alimentar e Nutricional (Penssan)<\/a>, somente em 2020 mais de 19 milh\u00f5es de brasileiros n\u00e3o tiveram o que comer e mais de 116 milh\u00f5es de pessoas tiveram algum tipo de inseguran\u00e7a alimentar, ou seja, deixaram de realizar alguma refei\u00e7\u00e3o. Com a alta dos pre\u00e7os movida pela retomada econ\u00f4mica global e com a queda do valor do Aux\u00edlio Emergencial do Governo Federal, que agora varia entre R$150 a R$375, a tend\u00eancia \u00e9 de que o <a href=\"https:\/\/www.cnnbrasil.com.br\/nacional\/2021\/04\/01\/inflacao-e-pandemia-podem-empurrar-brasil-de-volta-ao-mapa-da-fome\">Brasil retorne ao Mapa da Fome, onde n\u00e3o figura desde 2014<\/a>.<\/p>\n\n\n\n<p>No entanto, paralelo a esta crise, a solidariedade de grupos de voluntariado ainda funciona como um ref\u00fagio para que muitas fam\u00edlias enfrentem menos problemas. O projeto \u201c<a href=\"https:\/\/www.instagram.com\/projetoolhardiferente\">Olhar Diferente<\/a>\u201d \u00e9 um destes exemplos. Com mais de 50 volunt\u00e1rios atuando nas a\u00e7\u00f5es sociais, o movimento j\u00e1 alcan\u00e7ou, at\u00e9 dezembro de 2020, cerca de 35 mil acreanos com doa\u00e7\u00f5es de alimentos, iniciativas de comemora\u00e7\u00e3o a datas alusivas como o dia das crian\u00e7as e P\u00e1scoa, e agora, mais recentemente, com entregas de kits de material escolar para as crian\u00e7as e de higiene pessoal e m\u00e1scaras para o combate \u00e0 Covid.<\/p>\n\n\n\n<div class=\"wp-block-image\"><figure class=\"aligncenter\"><img decoding=\"async\" src=\"https:\/\/lh4.googleusercontent.com\/wck9a3jATB6eSqmjAP4Gd1qY2WkMiJDft56xOOmhgCnz2KNXpcKGu0ojGqhePSRd8HlI0HWc1GF95dPsd-rCd10_PExdS6tHfI-LNKZvJEH6uCLopW-7Erwq579ZZUHGgsJuGNY\" alt=\"\"\/><figcaption>Projeto Olhar Diferente atua em Rio Branco-AC e est\u00e1 em atividade desde 2015 \/ Foto: Arquivo pessoal-Projeto Olhar Diferente<\/figcaption><\/figure><\/div>\n\n\n\n<p>A idealizadora da associa\u00e7\u00e3o, Karoliny Oliveira, n\u00e3o esperava que o n\u00famero de doa\u00e7\u00f5es crescesse da forma como aconteceu em meio a um per\u00edodo t\u00e3o dif\u00edcil para todo mundo. \u201cEm contexto de pandemia, tivemos uma grande surpresa e nosso projeto cresceu em 1000%. Um crescimento que n\u00e3o estava nos nossos planos, mas que gra\u00e7as a Deus conseguimos administrar direitinho pois houve muitas doa\u00e7\u00f5es\u201d, disse.<\/p>\n\n\n\n<div class=\"wp-block-image\"><figure class=\"aligncenter\"><img decoding=\"async\" src=\"https:\/\/lh5.googleusercontent.com\/N0t874Mvkvfkjtgt52fNjPp1JqL9yOOnKeRUaxEJXhAAF5HmSS_F91Zw1z7Vbr7mFnoHsB0eYKUa-gUlFkcYtXDS8S4EOxZFSI0If2B64mV9AUOhVWWJAlEsl5u3PlEd-sYFaxk\" alt=\"Projeto Olhar Diferente - Transforma Brasil\"\/><figcaption>Desde o in\u00edcio da pandemia, o projeto \u201cdan\u00e7a conforme a m\u00fasica\u201d, fazendo a\u00e7\u00f5es que demandam mais urg\u00eancia \/ Foto: Reprodu\u00e7\u00e3o\/Internet<\/figcaption><\/figure><\/div>\n\n\n\n<p><strong>SENSA\u00c7\u00c3O DE FAZER O BEM AO PR\u00d3XIMO<\/strong><\/p>\n\n\n\n<p>E estas contribui\u00e7\u00f5es v\u00eam desde o in\u00edcio do projeto, quando Karoliny era apenas uma estudante que resolveu se juntar com algumas amigas para realizar um trabalho escolar em prol das crian\u00e7as carentes. Com resultados positivos oriundos da a\u00e7\u00e3o, ela resolveu distribuir, com a ajuda dos pais, algumas marmitas com as comidas em excedente das festas de fim de ano aos moradores de rua ao redor da Catedral Nossa Senhora de Nazar\u00e9, no centro de Rio Branco.<\/p>\n\n\n\n<p>\u201cMais uma vez, gostei muito da sensa\u00e7\u00e3o de fazer bem ao pr\u00f3ximo. Conversei com o meu pai, e ele disse que me daria R$150 mensais para eu fazer a\u00e7\u00e3o social. No primeiro m\u00eas, foi poss\u00edvel fazer 50 sopas. Resolvi postar no Facebook e, desde ent\u00e3o, n\u00e3o parei mais. Meu pai s\u00f3 precisou colaborar uma \u00fanica vez, depois disso sobrevivemos exclusivamente da doa\u00e7\u00e3o da sociedade civil\u201d, relatou.<\/p>\n\n\n\n<div class=\"wp-block-image\"><figure class=\"aligncenter\"><img decoding=\"async\" src=\"https:\/\/lh4.googleusercontent.com\/ZrqFhurxuKS10HMZ9_Ai1gs69eyYVRkUOGQ22kqayZNU-iofzViV5L6yvtsgqcFu8FpOfcbC6X1-68pkOuKC9TkvsdUzh-X6cLUkG4Rwg34VLH7PwDzRyyr8x3XtB_yXc789tec\" alt=\"\"\/><figcaption>Doa\u00e7\u00f5es mant\u00e9m a associa\u00e7\u00e3o que j\u00e1 impactou milhares de fam\u00edlias no Acre \/ Foto: Arquivo pessoal-Projeto Olhar Diferente<\/figcaption><\/figure><\/div>\n\n\n\n<p>De fato, o Projeto Olhar Diferente, que n\u00e3o tem liga\u00e7\u00e3o com partidos pol\u00edticos e nem com institui\u00e7\u00f5es religiosas, cresceu muito desde a cria\u00e7\u00e3o em 2015. Atualmente, o movimento est\u00e1 participando da campanha <a href=\"https:\/\/gerandofalcoes.com\/coronanoparedao\">\u201cCorona no pared\u00e3o, fome n\u00e3o\u201d<\/a>, do projeto nacional \u201c<a href=\"https:\/\/gerandofalcoes.com\/home\">Gerando Falc\u00f5es<\/a>\u201d, que distribuiu 200 <em>tickets<\/em> alimenta\u00e7\u00e3o para algumas fam\u00edlias carentes de bairros perif\u00e9ricos no valor de R$300, dividido em duas parcelas.<\/p>\n\n\n\n<div class=\"wp-block-image\"><figure class=\"aligncenter size-large\"><img data-recalc-dims=\"1\" fetchpriority=\"high\" decoding=\"async\" width=\"678\" height=\"1024\" src=\"https:\/\/i0.wp.com\/acatraia.ufac.br\/wp-content\/uploads\/2021\/06\/WhatsApp-Image-2021-06-21-at-21.28.36.jpeg?resize=678%2C1024&#038;ssl=1\" alt=\"\" class=\"wp-image-564\" srcset=\"https:\/\/i0.wp.com\/acatraia.ufac.br\/wp-content\/uploads\/2021\/06\/WhatsApp-Image-2021-06-21-at-21.28.36.jpeg?resize=678%2C1024&amp;ssl=1 678w, https:\/\/i0.wp.com\/acatraia.ufac.br\/wp-content\/uploads\/2021\/06\/WhatsApp-Image-2021-06-21-at-21.28.36.jpeg?resize=199%2C300&amp;ssl=1 199w, https:\/\/i0.wp.com\/acatraia.ufac.br\/wp-content\/uploads\/2021\/06\/WhatsApp-Image-2021-06-21-at-21.28.36.jpeg?resize=768%2C1161&amp;ssl=1 768w, https:\/\/i0.wp.com\/acatraia.ufac.br\/wp-content\/uploads\/2021\/06\/WhatsApp-Image-2021-06-21-at-21.28.36.jpeg?w=847&amp;ssl=1 847w\" sizes=\"(max-width: 678px) 100vw, 678px\" \/><figcaption><em>Doa\u00e7\u00f5es cresceram no per\u00edodo da pandemia<\/em>\/ Foto: Arquivo pessoal-Projeto Olhar Diferente<br><\/figcaption><\/figure><\/div>\n\n\n\n<p>A presidente do projeto comentou que a situa\u00e7\u00e3o de pobreza se intensificou ainda mais com o isolamento social, e que a ideia de ajudar as fam\u00edlias que enfrentam situa\u00e7\u00f5es de extrema-pobreza faz com que ela e os volunt\u00e1rios se movam para fazer alguma coisa em prol destas pessoas. \u201cAcredito que a mis\u00e9ria se intensificou na pandemia, pois pessoas que tinham um bico aqui ou ali se viram sem nenhum tipo de trabalho. Ent\u00e3o, piorou bastante a situa\u00e7\u00e3o das fam\u00edlias\u201d, ressaltou.<\/p>\n\n\n\n<div class=\"wp-block-image\"><figure class=\"aligncenter\"><img decoding=\"async\" src=\"https:\/\/lh3.googleusercontent.com\/8JPDncspeTba_UkiWwGQo4Vg65OhPmdVj90zp4gouQA-dgr67NmsMv6SQT52Y18u8kZedBq6N3rAKGAD4qcEMj6mlruxe0QW7OA2f7PYzQis5FuDrxwgDLYvhQrI-71GP2TdTf0\" alt=\"\"\/><figcaption>Fam\u00edlias dos bairros Sapol\u00e2ndia &#8211; H\u00e9lio Melo, Invas\u00e3o do Pinic\u00e3o do Tucum\u00e3, Favelinha do Mocinha Magalh\u00e3es e Seis de Agosto foram contempladas com a primeira remessa dos cart\u00f5es \/ Foto: Arquivo pessoal-Projeto Olhar Diferente<\/figcaption><\/figure><\/div>\n\n\n\n<p><strong>M\u00c3OS QUE AJUDAM<\/strong><\/p>\n\n\n\n<p>Lutar em favor dos menos favorecidos tamb\u00e9m \u00e9 o que move a idealizadora da Organiza\u00e7\u00e3o N\u00e3o-Governamental \u201c<a href=\"https:\/\/www.instagram.com\/ong.maos\/\">M\u00e3os que Ajudam<\/a>\u201d, Alessandra Mesquita. O grupo atua h\u00e1 mais de 10 anos no munic\u00edpio de Senador Guiomard e \u00e9 pautado em ajudar pessoas que estejam em situa\u00e7\u00e3o de vulnerabilidade social. \u201cO ser humano hoje n\u00e3o \u00e9 muito solid\u00e1rio, a n\u00e3o ser quando quer algo em troca, mas sempre fomos firmes e confiantes em seguir em frente\u201d, afirmou.&nbsp;<\/p>\n\n\n\n<p>A ideia do projeto nasceu ap\u00f3s participar de um programa evang\u00e9lico e , desde ent\u00e3o, n\u00e3o parou mais. \u201cTrabalho no projeto desde 2009 e meu objetivo sempre foi dar assist\u00eancia ao pr\u00f3ximo, este trabalho Deus colocou em meu cora\u00e7\u00e3o numa madrugada com um programa evang\u00e9lico. Poucos meses depois de vi\u00fava, ele tocou no meu cora\u00e7\u00e3o para ajudar o pr\u00f3ximo com muito amor\u201d.<\/p>\n\n\n\n<div class=\"wp-block-image\"><figure class=\"aligncenter\"><img decoding=\"async\" src=\"https:\/\/lh6.googleusercontent.com\/ZMFjFduw7950HBBjV-4oXsPX21TYURjiba1l2RkF3jyJywIqXajKqlJ5nKII4rLD-ucg2f873bUlCYD4mK46Qva6BEGT1q7K8B0iD6qOqOMLnRKDZD6oZysfCIu54TAaLhorEyg\" alt=\"\"\/><figcaption>ONG \u201cM\u00e3os que Ajudam\u201d atua h\u00e1 10 anos em Senador Guiomard-AC \/ Foto: Reprodu\u00e7\u00e3o\/Redes Sociais<\/figcaption><\/figure><\/div>\n\n\n\n<p>O grupo, que conta com cerca de 200 colaboradores que doam alimentos com certa frequ\u00eancia, conseguiu beneficiar um p\u00fablico aproximado de 600 pessoas em vulnerabilidade socioecon\u00f4mica. Alessandra falou que com o agravamento da Covid-19 no munic\u00edpio, o n\u00famero de indiv\u00edduos que viviam em situa\u00e7\u00e3o de pobreza acabou aumentando consideravelmente.<\/p>\n\n\n\n<div class=\"wp-block-image\"><figure class=\"aligncenter\"><img decoding=\"async\" src=\"https:\/\/lh4.googleusercontent.com\/nYVB1FhHLbwIBBWyOgWCzFulCNZ9Yl7vaALcRtmHVNNjZHRXou_t-rT-BS-eDkSE-cuaHNpXqfW_AkP4LWsFFw5QrIo3TS02zDTy2XRkW7VBZCTFy6qLQE2L6TBwplY7gAkei50\" alt=\"IMG-20210615-WA0152.jpg\"\/><figcaption>Projeto busca promover a inclus\u00e3o social na distribui\u00e7\u00e3o de presentes em datas comemorativas \/ Foto: Arquivo pessoal<\/figcaption><\/figure><\/div>\n\n\n\n<p>A presidente do projeto disse tamb\u00e9m que a aquisi\u00e7\u00e3o de um espa\u00e7o f\u00edsico \u00e9 muito importante para que futuros eventos sociais sejam realizados no local. Desta maneira, a promo\u00e7\u00e3o da \u201cFeijoada Solid\u00e1ria\u201d foi um dos caminhos encontrados para arrecadar fundos em prol da reforma do espa\u00e7o que foi cedido ao grupo. \u201cRealizaremos uma feijoada para levantar uma ajuda financeira, com o objetivo de fechar o espa\u00e7o. O local est\u00e1 precisando de uma reforma o mais breve poss\u00edvel\u201d, relatou.<\/p>\n\n\n\n<figure class=\"wp-block-image\"><img decoding=\"async\" src=\"https:\/\/lh4.googleusercontent.com\/vEC3yHYbWEGjQ3_qBTyuMn3UckDXNsuLEtjxPqSUfsoj3-Azay_x66V_PYvIanVEYxR7ovzMpggRXyrADRYOyCrka1oGTvVG4zrR4O0SM_uKEg99WE4B9DM8QrKDVGOIe6VOdv0\" alt=\"IMG-20210615-WA0156.jpg\"\/><figcaption>Apoiadores do projeto promovem eventos para as pessoas em situa\u00e7\u00e3o vulner\u00e1vel de Senador Guiomard \/ Foto: Arquivo pessoal<\/figcaption><\/figure>\n\n\n\n<p><\/p>\n","protected":false},"excerpt":{"rendered":"<p>Com o crescente n\u00famero de pessoas em situa\u00e7\u00e3o de pobreza, associa\u00e7\u00f5es acreanas de voluntariado se movimentam com doa\u00e7\u00f5es da sociedade para ajudar os que mais precisam de assist\u00eancia\u00a0 \/ Foto: Arquivo pessoal-Projeto Olhar Diferente Por Gabriel Vercoza Alves e Renato Menezes Em tempos de pandemia por Covid-19, muitas fam\u00edlias brasileiras conheceram a fome e a [&hellip;]<\/p>\n","protected":false},"author":24,"featured_media":582,"comment_status":"open","ping_status":"open","sticky":false,"template":"","format":"standard","meta":{"_jetpack_memberships_contains_paid_content":false,"footnotes":"","jetpack_publicize_message":"","jetpack_publicize_feature_enabled":true,"jetpack_social_post_already_shared":true,"jetpack_social_options":{"image_generator_settings":{"template":"highway","default_image_id":0,"enabled":false},"version":2}},"categories":[3],"tags":[8],"coauthors":[],"class_list":["post-563","post","type-post","status-publish","format-standard","has-post-thumbnail","hentry","category-corriqueiras","tag-destaque"],"jetpack_publicize_connections":[],"jetpack_featured_media_url":"https:\/\/i0.wp.com\/acatraia.ufac.br\/wp-content\/uploads\/2021\/06\/image2.jpg?fit=555%2C486&ssl=1","jetpack_sharing_enabled":true,"amp_enabled":true,"_links":{"self":[{"href":"https:\/\/acatraia.ufac.br\/index.php?rest_route=\/wp\/v2\/posts\/563","targetHints":{"allow":["GET"]}}],"collection":[{"href":"https:\/\/acatraia.ufac.br\/index.php?rest_route=\/wp\/v2\/posts"}],"about":[{"href":"https:\/\/acatraia.ufac.br\/index.php?rest_route=\/wp\/v2\/types\/post"}],"author":[{"embeddable":true,"href":"https:\/\/acatraia.ufac.br\/index.php?rest_route=\/wp\/v2\/users\/24"}],"replies":[{"embeddable":true,"href":"https:\/\/acatraia.ufac.br\/index.php?rest_route=%2Fwp%2Fv2%2Fcomments&post=563"}],"version-history":[{"count":14,"href":"https:\/\/acatraia.ufac.br\/index.php?rest_route=\/wp\/v2\/posts\/563\/revisions"}],"predecessor-version":[{"id":1427,"href":"https:\/\/acatraia.ufac.br\/index.php?rest_route=\/wp\/v2\/posts\/563\/revisions\/1427"}],"wp:featuredmedia":[{"embeddable":true,"href":"https:\/\/acatraia.ufac.br\/index.php?rest_route=\/wp\/v2\/media\/582"}],"wp:attachment":[{"href":"https:\/\/acatraia.ufac.br\/index.php?rest_route=%2Fwp%2Fv2%2Fmedia&parent=563"}],"wp:term":[{"taxonomy":"category","embeddable":true,"href":"https:\/\/acatraia.ufac.br\/index.php?rest_route=%2Fwp%2Fv2%2Fcategories&post=563"},{"taxonomy":"post_tag","embeddable":true,"href":"https:\/\/acatraia.ufac.br\/index.php?rest_route=%2Fwp%2Fv2%2Ftags&post=563"},{"taxonomy":"author","embeddable":true,"href":"https:\/\/acatraia.ufac.br\/index.php?rest_route=%2Fwp%2Fv2%2Fcoauthors&post=563"}],"curies":[{"name":"wp","href":"https:\/\/api.w.org\/{rel}","templated":true}]}}