{"id":5477,"date":"2026-01-26T15:24:42","date_gmt":"2026-01-26T20:24:42","guid":{"rendered":"https:\/\/acatraia.ufac.br\/?p=5477"},"modified":"2026-01-26T15:28:50","modified_gmt":"2026-01-26T20:28:50","slug":"rio-branco-sem-agua-saerb-admite-que-solucao-definitiva-exige-grandesreservatorios","status":"publish","type":"post","link":"https:\/\/acatraia.ufac.br\/?p=5477","title":{"rendered":"Rio Branco sem \u00e1gua: Saerb admite que solu\u00e7\u00e3o definitiva exige grandes reservat\u00f3rios"},"content":{"rendered":"\n<p><strong><em>Por Andr\u00e9 Gonzaga<\/em><\/strong><\/p>\n\n\n\n<p>Rio Branco convive com uma sucess\u00e3o de crises no abastecimento. <mark style=\"background-color:#eee\" class=\"has-inline-color\">Desde 2020<\/mark>, quando uma situa\u00e7\u00e3o de emerg\u00eancia foi decretada por causa da movimenta\u00e7\u00e3o de terra na <strong>Esta\u00e7\u00e3o de Tratamento de \u00c1gua (ETA) 2<\/strong>, a cidade passou a viver entre decretos e improvisos. <mark style=\"background-color:#eee\" class=\"has-inline-color\">Em 2024<\/mark>, o desabamento parcial da estrutura deixou hospitais, escolas e bairros inteiros sem fornecimento. O governo federal reconheceu a situa\u00e7\u00e3o cr\u00edtica e liberou recursos, mas a instabilidade do solo manteve o risco.&nbsp;&nbsp;<\/p>\n\n\n\n<p><mark style=\"background-color:#eee\" class=\"has-inline-color\">No segundo semestre de 2025<\/mark>, os problemas se multiplicaram. Em setembro, bairros como Calafate e Tucum\u00e3 enfrentaram tr\u00eas dias de torneiras secas. Em outubro, a turbidez elevada do Rio Acre deixou regi\u00f5es sem \u00e1gua por mais de nove dias. Em dezembro, o rompimento de uma adutora no Centro comprometeu o fornecimento na Cadeia Velha e Habitasa.&nbsp;&nbsp;<\/p>\n\n\n\n<figure class=\"wp-block-image size-large is-resized\"><img data-recalc-dims=\"1\" fetchpriority=\"high\" decoding=\"async\" width=\"740\" height=\"493\" src=\"https:\/\/i0.wp.com\/acatraia.ufac.br\/wp-content\/uploads\/2026\/01\/Remendo-profundo-ETA2-6.jpeg?resize=740%2C493&#038;ssl=1\" alt=\"\" class=\"wp-image-5484\" style=\"aspect-ratio:1.5014900767230994;width:489px;height:auto\" srcset=\"https:\/\/i0.wp.com\/acatraia.ufac.br\/wp-content\/uploads\/2026\/01\/Remendo-profundo-ETA2-6.jpeg?resize=1024%2C682&amp;ssl=1 1024w, https:\/\/i0.wp.com\/acatraia.ufac.br\/wp-content\/uploads\/2026\/01\/Remendo-profundo-ETA2-6.jpeg?resize=300%2C200&amp;ssl=1 300w, https:\/\/i0.wp.com\/acatraia.ufac.br\/wp-content\/uploads\/2026\/01\/Remendo-profundo-ETA2-6.jpeg?resize=768%2C512&amp;ssl=1 768w, https:\/\/i0.wp.com\/acatraia.ufac.br\/wp-content\/uploads\/2026\/01\/Remendo-profundo-ETA2-6.jpeg?w=1280&amp;ssl=1 1280w\" sizes=\"(max-width: 740px) 100vw, 740px\" \/><\/figure>\n\n\n\n<p><em>Esta\u00e7\u00e3o de Tratamento de \u00c1gua (ETA 2).<\/em> <em>Foto: Marcos Ara\u00fajo\/Secom<\/em><\/p>\n\n\n\n<h4 class=\"wp-block-heading\"><strong>Crise prolongada exp\u00f5e improvisos e escolhas pol\u00edticas<\/strong><\/h4>\n\n\n\n<p>Enquanto a popula\u00e7\u00e3o enfrentava a escassez, <strong>o prefeito Ti\u00e3o Bocalom (PL)<\/strong>, que \u00e9 um dos pr\u00e9-candidatos ao governo, destinou recursos milion\u00e1rios para a constru\u00e7\u00e3o de obras vi\u00e1rias. Do fim de 2024 para c\u00e1, o Executivo municipal j\u00e1 ergueu dois elevados: Mam\u00e9dio Bittar, em andamento, e Beth Bocalom, com custo de quase <strong>R$ 18 milh\u00f5es<\/strong>. J\u00e1 um terceiro est\u00e1 previsto na regi\u00e3o do Horto Florestal.<\/p>\n\n\n\n<p><mark style=\"background-color:#eee\" class=\"has-inline-color\">Em entrevista concedida ao <a href=\"https:\/\/acatraia.ufac.br\/\" data-type=\"link\" data-id=\"https:\/\/acatraia.ufac.br\/\">A Catraia<\/a> em janeiro de 2026<\/mark>, <strong>o diretor-presidente do Servi\u00e7o de \u00c1gua e Esgoto de Rio Branco, Enoque Pereira<\/strong>, reconheceu que as medidas s\u00e3o paliativas. Ele explicou que a capta\u00e7\u00e3o da ETA 2 foi substitu\u00edda por equipamentos flex\u00edveis, chamados PADs, que se adaptam ao terreno inst\u00e1vel.<\/p>\n\n\n\n<blockquote class=\"wp-block-quote is-layout-flow wp-block-quote-is-layout-flow\">\n<p>&#8220;Um novo desarenador ser\u00e1 constru\u00eddo em \u00e1rea mais segura, pr\u00f3ximo \u00e0 esta\u00e7\u00e3o, para reduzir at\u00e9 80% das impurezas da \u00e1gua antes do tratamento. A licita\u00e7\u00e3o j\u00e1 foi conclu\u00edda e pequenas interven\u00e7\u00f5es est\u00e3o em andamento na capta\u00e7\u00e3o&#8221;, diz.&nbsp;&nbsp;<\/p>\n<\/blockquote>\n\n\n\n<p>Pereira afirmou que estabilizar o solo da ETA 2 \u00e9 praticamente imposs\u00edvel e citou rachaduras em pr\u00e9dios pr\u00f3ximos, a exemplo do abandonado Comfort Hotel, como evid\u00eancia da <strong>fragilidade da regi\u00e3o<\/strong>. Estruturas de concreto, segundo ele, correm risco de ruir. Por isso, a estrat\u00e9gia tem sido investir em equipamentos m\u00f3veis, que podem ser transferidos para outro local caso seja necess\u00e1rio.&nbsp;&nbsp;<\/p>\n\n\n\n<figure class=\"wp-block-image size-large is-resized\"><img data-recalc-dims=\"1\" decoding=\"async\" width=\"740\" height=\"493\" src=\"https:\/\/i0.wp.com\/acatraia.ufac.br\/wp-content\/uploads\/2026\/01\/WhatsApp-Image-2026-01-26-at-14.39.16.jpeg?resize=740%2C493&#038;ssl=1\" alt=\"\" class=\"wp-image-5480\" style=\"aspect-ratio:1.5014900767230994;width:528px;height:auto\" srcset=\"https:\/\/i0.wp.com\/acatraia.ufac.br\/wp-content\/uploads\/2026\/01\/WhatsApp-Image-2026-01-26-at-14.39.16.jpeg?resize=1024%2C682&amp;ssl=1 1024w, https:\/\/i0.wp.com\/acatraia.ufac.br\/wp-content\/uploads\/2026\/01\/WhatsApp-Image-2026-01-26-at-14.39.16.jpeg?resize=300%2C200&amp;ssl=1 300w, https:\/\/i0.wp.com\/acatraia.ufac.br\/wp-content\/uploads\/2026\/01\/WhatsApp-Image-2026-01-26-at-14.39.16.jpeg?resize=768%2C512&amp;ssl=1 768w, https:\/\/i0.wp.com\/acatraia.ufac.br\/wp-content\/uploads\/2026\/01\/WhatsApp-Image-2026-01-26-at-14.39.16.jpeg?w=1280&amp;ssl=1 1280w\" sizes=\"(max-width: 740px) 100vw, 740px\" \/><\/figure>\n\n\n\n<p><em>Enoque Pereira, diretor-presidente do Servi\u00e7o de \u00c1gua e Esgoto de Rio Branco. Foto: Marcos Ara\u00fajo\/Secom<\/em><\/p>\n\n\n\n<p><mark style=\"background-color:#eee\" class=\"has-inline-color\">Para garantir estabilidade no fornecimento, o diretor defende a constru\u00e7\u00e3o de grandes reservat\u00f3rios ou a\u00e7udes.<\/mark> A proposta prev\u00ea cerca de <strong>600 hectares de l\u00e2mina d\u2019\u00e1gua<\/strong>, reduzindo a depend\u00eancia do Rio Acre e protegendo o sistema das cheias e secas. O projeto, por\u00e9m, exige recursos milion\u00e1rios e articula\u00e7\u00e3o pol\u00edtica, como emendas parlamentares.&nbsp;&nbsp;<\/p>\n\n\n\n<p>A cronologia mostra que <mark style=\"background-color:#eee\" class=\"has-inline-color\">a crise n\u00e3o \u00e9 apenas ambiental.<\/mark> \u00c9 tamb\u00e9m resultado de escolhas pol\u00edticas que deixaram de lado o essencial: <strong>\u00e1gua pot\u00e1vel<\/strong>. A fala de Enoque Pereira traz um horizonte de planejamento, mas refor\u00e7a que a solu\u00e7\u00e3o exige investimentos robustos e articula\u00e7\u00e3o pol\u00edtica.&nbsp;&nbsp;<\/p>\n\n\n\n<p>At\u00e9 l\u00e1, <strong>Rio Branco seguir\u00e1 ref\u00e9m de improvisos, decretos e da instabilidade de um terreno que amea\u00e7a ruir. <\/strong>Nas elei\u00e7\u00f5es deste ano, ser\u00e1 que algum candidato vai se comprometer com a resolu\u00e7\u00e3o do problema de forma definitiva? <mark style=\"background-color:#eee\" class=\"has-inline-color\">A resposta est\u00e1 no voto.<\/mark><\/p>\n\n\n\n<p><\/p>\n","protected":false},"excerpt":{"rendered":"<p>Diretor afirma que a capta\u00e7\u00e3o da ETA 2 funciona ap\u00f3s ajustes t\u00e9cnicos, mas o terreno<br \/>\ncontinua inst\u00e1vel<\/p>\n","protected":false},"author":24,"featured_media":5482,"comment_status":"open","ping_status":"open","sticky":false,"template":"","format":"standard","meta":{"_jetpack_memberships_contains_paid_content":false,"footnotes":"","jetpack_publicize_message":"","jetpack_publicize_feature_enabled":true,"jetpack_social_post_already_shared":true,"jetpack_social_options":{"image_generator_settings":{"template":"highway","default_image_id":0,"enabled":false},"version":2}},"categories":[6,1],"tags":[40,179,8,46],"coauthors":[136],"class_list":["post-5477","post","type-post","status-publish","format-standard","has-post-thumbnail","hentry","category-margens","category-ultimas-noticias","tag-acre","tag-denuncia","tag-destaque","tag-jornalismo"],"jetpack_publicize_connections":[],"jetpack_featured_media_url":"https:\/\/i0.wp.com\/acatraia.ufac.br\/wp-content\/uploads\/2026\/01\/Equipamentos-saerb-15.jpeg?fit=1600%2C1067&ssl=1","jetpack_sharing_enabled":true,"amp_enabled":true,"_links":{"self":[{"href":"https:\/\/acatraia.ufac.br\/index.php?rest_route=\/wp\/v2\/posts\/5477","targetHints":{"allow":["GET"]}}],"collection":[{"href":"https:\/\/acatraia.ufac.br\/index.php?rest_route=\/wp\/v2\/posts"}],"about":[{"href":"https:\/\/acatraia.ufac.br\/index.php?rest_route=\/wp\/v2\/types\/post"}],"author":[{"embeddable":true,"href":"https:\/\/acatraia.ufac.br\/index.php?rest_route=\/wp\/v2\/users\/24"}],"replies":[{"embeddable":true,"href":"https:\/\/acatraia.ufac.br\/index.php?rest_route=%2Fwp%2Fv2%2Fcomments&post=5477"}],"version-history":[{"count":4,"href":"https:\/\/acatraia.ufac.br\/index.php?rest_route=\/wp\/v2\/posts\/5477\/revisions"}],"predecessor-version":[{"id":5487,"href":"https:\/\/acatraia.ufac.br\/index.php?rest_route=\/wp\/v2\/posts\/5477\/revisions\/5487"}],"wp:featuredmedia":[{"embeddable":true,"href":"https:\/\/acatraia.ufac.br\/index.php?rest_route=\/wp\/v2\/media\/5482"}],"wp:attachment":[{"href":"https:\/\/acatraia.ufac.br\/index.php?rest_route=%2Fwp%2Fv2%2Fmedia&parent=5477"}],"wp:term":[{"taxonomy":"category","embeddable":true,"href":"https:\/\/acatraia.ufac.br\/index.php?rest_route=%2Fwp%2Fv2%2Fcategories&post=5477"},{"taxonomy":"post_tag","embeddable":true,"href":"https:\/\/acatraia.ufac.br\/index.php?rest_route=%2Fwp%2Fv2%2Ftags&post=5477"},{"taxonomy":"author","embeddable":true,"href":"https:\/\/acatraia.ufac.br\/index.php?rest_route=%2Fwp%2Fv2%2Fcoauthors&post=5477"}],"curies":[{"name":"wp","href":"https:\/\/api.w.org\/{rel}","templated":true}]}}