{"id":5037,"date":"2025-10-24T12:00:00","date_gmt":"2025-10-24T17:00:00","guid":{"rendered":"https:\/\/acatraia.ufac.br\/?p=5037"},"modified":"2025-10-25T11:26:14","modified_gmt":"2025-10-25T16:26:14","slug":"voce-sabia-que-o-e-titulo-foi-idealizado-por-uma-acriana","status":"publish","type":"post","link":"https:\/\/acatraia.ufac.br\/?p=5037","title":{"rendered":"Voc\u00ea sabia que o e-T\u00edtulo foi idealizado por uma acriana?"},"content":{"rendered":"\n<p><em>Por Francisca Samiele e Amanda Silva<\/em><\/p>\n\n\n\n<p>Talvez pouca gente saiba, mas uma das ferramentas digitais mais importantes da Justi\u00e7a Eleitoral no Brasil foi criada por uma mulher acriana. O e-T\u00edtulo, vers\u00e3o digital do t\u00edtulo de eleitor, que ajudou a modernizar a forma como milh\u00f5es de brasileiros votam, foi idealizado por Rosana Magalh\u00e3es, na \u00e9poca, secret\u00e1ria de tecnologia do Tribunal Regional Eleitoral do Acre (TRE-AC).<\/p>\n\n\n\n<p>Considerando que at\u00e9 1932 as mulheres sequer tinham direito ao voto no Brasil, \u00e9 ir\u00f4nico pensar que tenha sido justamente uma mulher a idealizar essa tecnologia, considerada essencial para o exerc\u00edcio da democracia ter se tornado t\u00e3o pr\u00e1tico.<\/p>\n\n\n\n<figure class=\"wp-block-image size-full\"><img data-recalc-dims=\"1\" fetchpriority=\"high\" decoding=\"async\" width=\"705\" height=\"470\" src=\"https:\/\/i0.wp.com\/acatraia.ufac.br\/wp-content\/uploads\/2025\/10\/Imagem-HEIF-1.jpeg?resize=705%2C470&#038;ssl=1\" alt=\"\" class=\"wp-image-5039\" srcset=\"https:\/\/i0.wp.com\/acatraia.ufac.br\/wp-content\/uploads\/2025\/10\/Imagem-HEIF-1.jpeg?w=705&amp;ssl=1 705w, https:\/\/i0.wp.com\/acatraia.ufac.br\/wp-content\/uploads\/2025\/10\/Imagem-HEIF-1.jpeg?resize=300%2C200&amp;ssl=1 300w\" sizes=\"(max-width: 705px) 100vw, 705px\" \/><figcaption class=\"wp-element-caption\"><em>O aplicativo e-T\u00edtulo foi lan\u00e7ado em dezembro de 2017. Foto: Internet<\/em><\/figcaption><\/figure>\n\n\n\n<p><strong>A idealizadora do e-T\u00edtulo<\/strong><\/p>\n\n\n\n<p>Rosana Magalh\u00e3es, hoje aposentada, trabalhou na Justi\u00e7a Eleitoral desde 1994 e acompanhou a evolu\u00e7\u00e3o do sistema de vota\u00e7\u00e3o, do papel \u00e0 urna eletr\u00f4nica. Como analista de sistemas, ela percebeu que o t\u00edtulo de papel era um documento que dificultava o acesso a alguns servi\u00e7os da Justi\u00e7a Eleitoral e a atualiza\u00e7\u00e3o de dados para muitas pessoas.<\/p>\n\n\n\n<p>\u201cEle (t\u00edtulo) n\u00e3o tinha foto e n\u00e3o tinha dados atualizados como estado civil, grau de escolaridade, nome em caso de mudan\u00e7a ap\u00f3s casamento. Era um documento est\u00e1tico. [\u2026] Era um papel que molhava e n\u00e3o tinha muita durabilidade\u201d, explicou Rosana Magalh\u00e3es. A servidora comenta que foi observando essas limita\u00e7\u00f5es que surgiu a ideia do e-T\u00edtulo, um documento digital que pudesse atualizar automaticamente informa\u00e7\u00f5es do eleitor e simplificar processos como emiss\u00e3o de certid\u00e3o de quita\u00e7\u00e3o eleitoral.<\/p>\n\n\n\n<figure class=\"wp-block-image size-large\"><img data-recalc-dims=\"1\" decoding=\"async\" width=\"740\" height=\"942\" src=\"https:\/\/i0.wp.com\/acatraia.ufac.br\/wp-content\/uploads\/2025\/10\/Imagem-HEIF-2.jpeg?resize=740%2C942&#038;ssl=1\" alt=\"\" class=\"wp-image-5040\" srcset=\"https:\/\/i0.wp.com\/acatraia.ufac.br\/wp-content\/uploads\/2025\/10\/Imagem-HEIF-2.jpeg?resize=804%2C1024&amp;ssl=1 804w, https:\/\/i0.wp.com\/acatraia.ufac.br\/wp-content\/uploads\/2025\/10\/Imagem-HEIF-2.jpeg?resize=236%2C300&amp;ssl=1 236w, https:\/\/i0.wp.com\/acatraia.ufac.br\/wp-content\/uploads\/2025\/10\/Imagem-HEIF-2.jpeg?resize=768%2C978&amp;ssl=1 768w, https:\/\/i0.wp.com\/acatraia.ufac.br\/wp-content\/uploads\/2025\/10\/Imagem-HEIF-2.jpeg?resize=1206%2C1536&amp;ssl=1 1206w, https:\/\/i0.wp.com\/acatraia.ufac.br\/wp-content\/uploads\/2025\/10\/Imagem-HEIF-2.jpeg?w=1256&amp;ssl=1 1256w\" sizes=\"(max-width: 740px) 100vw, 740px\" \/><figcaption class=\"wp-element-caption\"><em>Rosana Magalh\u00e3es em divulga\u00e7\u00e3o de campanha no Acre para o e-T\u00edtulo. Foto: Arquivo do TRE\/AC<\/em><\/figcaption><\/figure>\n\n\n\n<p>\u201cE outra coisa que observei durante toda essa minha experi\u00eancia de vida na Justi\u00e7a Eleitoral \u00e9 a dificuldade que as pessoas tinham em atualizar seus dados e, quando perdiam o t\u00edtulo de eleitor, ficavam numa fila enorme perto da elei\u00e7\u00e3o\u201d, relembra.<\/p>\n\n\n\n<p>O e-T\u00edtulo foi lan\u00e7ado em dezembro de 2017 e o projeto foi desenvolvido junto ao TRE-AC ap\u00f3s aprova\u00e7\u00e3o do Tribunal Superior Eleitoral (TSE). A primeira vers\u00e3o, desenvolvida em cerca de 40 dias, foi disponibilizada nas lojas de aplicativos e preparada para uso nacional, sendo adotado pelos estados de forma gradual.&nbsp;<\/p>\n\n\n\n<p>O e-T\u00edtulo \u00e9 acess\u00edvel para pessoas com defici\u00eancia visual, baixa visibilidade ou dalt\u00f4nicas e tamb\u00e9m \u00e9 permite acessar v\u00e1rios servi\u00e7os, tais como:<\/p>\n\n\n\n<p>\u2022 Apresenta\u00e7\u00e3o de justificativa eleitoral no dia das Elei\u00e7\u00f5es e ap\u00f3s o pleito;<br>\u2022 Consulta ao hist\u00f3rico de justificativas eleitorais;<br>\u2022 Consulta ao local de vota\u00e7\u00e3o;<br>\u2022 Emiss\u00e3o de certid\u00e3o de quita\u00e7\u00e3o e de crimes eleitorais;<br>\u2022 Gera\u00e7\u00e3o do T\u00edtulo Eleitoral em formato PDF para impress\u00e3o;<br>\u2022 Cadastrar mes\u00e1ria ou mes\u00e1rio volunt\u00e1rios;<br>\u2022 Emiss\u00e3o de declara\u00e7\u00e3o de trabalhos eleitorais;<br>\u2022 Gera\u00e7\u00e3o de c\u00f3digo de autentica\u00e7\u00e3o para sistemas parceiros;<br>\u2022 Consulta a d\u00e9bitos eleitorais;<br>\u2022 Pagamento de eventuais d\u00e9bitos eleitorais por Pix ou por meio da emiss\u00e3o de boleto.<\/p>\n\n\n\n<p>Veja como o t\u00edtulo de eleitor evoluiu ao longo dos anos:<\/p>\n\n\n\n<figure class=\"wp-block-gallery has-nested-images columns-default is-cropped wp-block-gallery-1 is-layout-flex wp-block-gallery-is-layout-flex\">\n<figure class=\"wp-block-image size-large\"><img data-recalc-dims=\"1\" decoding=\"async\" width=\"723\" height=\"1024\" data-id=\"5041\" src=\"https:\/\/i0.wp.com\/acatraia.ufac.br\/wp-content\/uploads\/2025\/10\/Imagem-HEIF-3.jpeg?resize=723%2C1024&#038;ssl=1\" alt=\"\" class=\"wp-image-5041\" srcset=\"https:\/\/i0.wp.com\/acatraia.ufac.br\/wp-content\/uploads\/2025\/10\/Imagem-HEIF-3.jpeg?resize=723%2C1024&amp;ssl=1 723w, https:\/\/i0.wp.com\/acatraia.ufac.br\/wp-content\/uploads\/2025\/10\/Imagem-HEIF-3.jpeg?resize=212%2C300&amp;ssl=1 212w, https:\/\/i0.wp.com\/acatraia.ufac.br\/wp-content\/uploads\/2025\/10\/Imagem-HEIF-3.jpeg?resize=768%2C1087&amp;ssl=1 768w, https:\/\/i0.wp.com\/acatraia.ufac.br\/wp-content\/uploads\/2025\/10\/Imagem-HEIF-3.jpeg?resize=1085%2C1536&amp;ssl=1 1085w, https:\/\/i0.wp.com\/acatraia.ufac.br\/wp-content\/uploads\/2025\/10\/Imagem-HEIF-3.jpeg?w=1130&amp;ssl=1 1130w\" sizes=\"(max-width: 723px) 100vw, 723px\" \/><figcaption class=\"wp-element-caption\">T\u00edtulo Eleitoral de 1937 (frente)<\/figcaption><\/figure>\n\n\n\n<figure class=\"wp-block-image size-large\"><img data-recalc-dims=\"1\" loading=\"lazy\" decoding=\"async\" width=\"723\" height=\"1024\" data-id=\"5042\" src=\"https:\/\/i0.wp.com\/acatraia.ufac.br\/wp-content\/uploads\/2025\/10\/Imagem-HEIF-4.jpeg?resize=723%2C1024&#038;ssl=1\" alt=\"\" class=\"wp-image-5042\" srcset=\"https:\/\/i0.wp.com\/acatraia.ufac.br\/wp-content\/uploads\/2025\/10\/Imagem-HEIF-4.jpeg?resize=723%2C1024&amp;ssl=1 723w, https:\/\/i0.wp.com\/acatraia.ufac.br\/wp-content\/uploads\/2025\/10\/Imagem-HEIF-4.jpeg?resize=212%2C300&amp;ssl=1 212w, https:\/\/i0.wp.com\/acatraia.ufac.br\/wp-content\/uploads\/2025\/10\/Imagem-HEIF-4.jpeg?resize=768%2C1087&amp;ssl=1 768w, https:\/\/i0.wp.com\/acatraia.ufac.br\/wp-content\/uploads\/2025\/10\/Imagem-HEIF-4.jpeg?resize=1085%2C1536&amp;ssl=1 1085w, https:\/\/i0.wp.com\/acatraia.ufac.br\/wp-content\/uploads\/2025\/10\/Imagem-HEIF-4.jpeg?w=1130&amp;ssl=1 1130w\" sizes=\"(max-width: 723px) 100vw, 723px\" \/><figcaption class=\"wp-element-caption\">T\u00edtulo Eleitoral de 1937 (verso)<\/figcaption><\/figure>\n\n\n\n<figure class=\"wp-block-image size-large\"><img data-recalc-dims=\"1\" loading=\"lazy\" decoding=\"async\" width=\"620\" height=\"300\" data-id=\"5043\" src=\"https:\/\/i0.wp.com\/acatraia.ufac.br\/wp-content\/uploads\/2025\/10\/Imagem-HEIF-5.jpeg?resize=620%2C300&#038;ssl=1\" alt=\"\" class=\"wp-image-5043\" srcset=\"https:\/\/i0.wp.com\/acatraia.ufac.br\/wp-content\/uploads\/2025\/10\/Imagem-HEIF-5.jpeg?w=620&amp;ssl=1 620w, https:\/\/i0.wp.com\/acatraia.ufac.br\/wp-content\/uploads\/2025\/10\/Imagem-HEIF-5.jpeg?resize=300%2C145&amp;ssl=1 300w\" sizes=\"(max-width: 620px) 100vw, 620px\" \/><figcaption class=\"wp-element-caption\">\u00daltima vers\u00e3o t\u00edtulo de eleitor f\u00edsico<\/figcaption><\/figure>\n\n\n\n<figure class=\"wp-block-image size-large\"><img data-recalc-dims=\"1\" loading=\"lazy\" decoding=\"async\" width=\"740\" height=\"496\" data-id=\"5044\" src=\"https:\/\/i0.wp.com\/acatraia.ufac.br\/wp-content\/uploads\/2025\/10\/Imagem-HEIF-6.jpeg?resize=740%2C496&#038;ssl=1\" alt=\"\" class=\"wp-image-5044\" srcset=\"https:\/\/i0.wp.com\/acatraia.ufac.br\/wp-content\/uploads\/2025\/10\/Imagem-HEIF-6.jpeg?w=768&amp;ssl=1 768w, https:\/\/i0.wp.com\/acatraia.ufac.br\/wp-content\/uploads\/2025\/10\/Imagem-HEIF-6.jpeg?resize=300%2C201&amp;ssl=1 300w\" sizes=\"(max-width: 740px) 100vw, 740px\" \/><figcaption class=\"wp-element-caption\">T\u00edtulo de eleitor digital<\/figcaption><\/figure>\n<\/figure>\n\n\n\n<p><\/p>\n\n\n\n<h3 class=\"wp-block-heading\"><strong>Rea\u00e7\u00f5es \u00e0s mudan\u00e7as<\/strong><\/h3>\n\n\n\n<p>O e-T\u00edtulo trouxe mudan\u00e7as significativas para os eleitores. Alguns se adaptaram muito bem, mas tamb\u00e9m tem quem ainda prefere o documento \u00e0 moda antiga.<\/p>\n\n\n\n<p>Para a&nbsp; assistente administrativa Janara Cristina Dutra Nogueira, 37 anos, a mudan\u00e7a \u00e9 bem-vinda. \u201cPara mim, a maior vantagem \u00e9 a praticidade. N\u00e3o preciso mais andar com o t\u00edtulo de papel, ele fica no celular. Tamb\u00e9m d\u00e1 para ver meu local de vota\u00e7\u00e3o, regularizar situa\u00e7\u00e3o eleitoral e at\u00e9 justificar voto se eu estiver fora\u201d, explica.<\/p>\n\n\n\n<p>A pedagoga Katiane Lima, tamb\u00e9m considera a mudan\u00e7a um bom progresso. \u201cO aplicativo trouxe praticidade, oferecendo acesso r\u00e1pido e f\u00e1cil \u00e0s informa\u00e7\u00f5es, sem necessidade de buscar documentos f\u00edsicos. A transi\u00e7\u00e3o de papel para digital trouxe mudan\u00e7as de mentalidade e aprendizado necess\u00e1rio para usar novas tecnologias\u201d.<\/p>\n\n\n\n<p>Mas nem todos os usu\u00e1rios que passaram pela transi\u00e7\u00e3o do papel ao digital se adaptaram completamente, como \u00e9 o caso da funcion\u00e1ria p\u00fablica I\u00eada Fernandes, de 69 anos. \u201cTenho algumas dificuldades com a tecnologia\u2026 J\u00e1 utilizei em alguns momentos, mas n\u00e3o me senti t\u00e3o segura. Para utilizar como ferramenta principal, devo aprender mais sobre as funcionalidades. Preciso me tornar mais tecnol\u00f3gica\u201d.<\/p>\n\n\n\n<p>A&nbsp; aposentada Junisseia Souza de Lima enfatiza sua prefer\u00eancia pelo t\u00edtulo em papel: \u201csabe por que eu n\u00e3o gosto de botar no telefone as coisas? Porque \u00e0s vezes a gente \u00e9 roubada, basta puxar o telefone para olhar e o \u2018cabra\u2019 vem e toma. A gente n\u00e3o fica tranquila andando com telefone, eu n\u00e3o fico. Ent\u00e3o, com a c\u00e9dula de vota\u00e7\u00e3o, \u00e9 melhor papel, eu gosto. Eu n\u00e3o gosto de sair preocupada com o telefone, ent\u00e3o, para evitar isso, prefiro o de papel.\u201d<\/p>\n\n\n\n<p>J\u00e1 a professora de portugu\u00eas Gleiciany Flor\u00eancio de Ara\u00fajo, de 34 anos, sugere algumas atualiza\u00e7\u00f5es: \u201cPara mim, uma grande melhoria no aplicativo seria se ele tamb\u00e9m pudesse ser usado offline, porque algumas vezes o sinal da internet \u00e9 fraco e n\u00e3o d\u00e1 para entrar no aplicativo\u201d.<\/p>\n\n\n\n<h3 class=\"wp-block-heading\"><strong>Progresso<\/strong><\/h3>\n\n\n\n<p>A idealizadora do projeto ressalta que o e-T\u00edtulo continua evoluindo e pode, futuramente, incluir funcionalidades como coleta de biometria pelo pr\u00f3prio aplicativo.<\/p>\n\n\n\n<figure class=\"wp-block-image size-large\"><img data-recalc-dims=\"1\" loading=\"lazy\" decoding=\"async\" width=\"740\" height=\"486\" src=\"https:\/\/i0.wp.com\/acatraia.ufac.br\/wp-content\/uploads\/2025\/10\/Imagem-HEIF-7.jpeg?resize=740%2C486&#038;ssl=1\" alt=\"\" class=\"wp-image-5045\" srcset=\"https:\/\/i0.wp.com\/acatraia.ufac.br\/wp-content\/uploads\/2025\/10\/Imagem-HEIF-7.jpeg?resize=1024%2C672&amp;ssl=1 1024w, https:\/\/i0.wp.com\/acatraia.ufac.br\/wp-content\/uploads\/2025\/10\/Imagem-HEIF-7.jpeg?resize=300%2C197&amp;ssl=1 300w, https:\/\/i0.wp.com\/acatraia.ufac.br\/wp-content\/uploads\/2025\/10\/Imagem-HEIF-7.jpeg?resize=768%2C504&amp;ssl=1 768w, https:\/\/i0.wp.com\/acatraia.ufac.br\/wp-content\/uploads\/2025\/10\/Imagem-HEIF-7.jpeg?w=1290&amp;ssl=1 1290w\" sizes=\"(max-width: 740px) 100vw, 740px\" \/><figcaption class=\"wp-element-caption\">Lan\u00e7amento do e-T\u00edtulo, em Bras\u00edlia, 2017. Foto: Arquivo do TSE<\/figcaption><\/figure>\n\n\n\n<p>O e-T\u00edtulo trouxe benef\u00edcios para os eleitores e para a Justi\u00e7a Eleitoral. Agora, muitas situa\u00e7\u00f5es podem ser resolvidas diretamente pelo aplicativo, o que diminui filas e tempo de espera. O uso digital reduz custos com impress\u00e3o de t\u00edtulos e certid\u00f5es, e o aplicativo pode ser usado por eleitores em qualquer lugar do Brasil ou no exterior.<\/p>\n\n\n\n<p>\u201cO principal impacto para a sociedade, para a justi\u00e7a eleitoral e para a sociedade tamb\u00e9m \u00e9 a economia que teve de muitos milh\u00f5es para emiss\u00e3o de t\u00edtulo eleitoral, j\u00e1 que n\u00e3o h\u00e1 mais necessidade de imprimir\u201d, afirma Rosana Magalh\u00e3es. E ela repete uma frase que Caetano Veloso disse no dia do lan\u00e7amento do e-T\u00edtulo: \u201c\u00c9 incr\u00edvel a for\u00e7a que as coisas parecem ter quando elas precisam acontecer.\u201d<\/p>\n\n\n\n<p>Conhe\u00e7a um pouco da trajet\u00f3ria das mulheres na luta por seus direitos pol\u00edticos <a href=\"https:\/\/www.camara.leg.br\/internet\/agencia\/infograficos-html5\/a-conquista-do-voto-feminino\/index.html\">AQUI<\/a>.<\/p>\n","protected":false},"excerpt":{"rendered":"<p>Rosana Magalh\u00e3es, hoje aposentada, trabalhou na Justi\u00e7a Eleitoral desde 1994. Foto: Arquivo do TRE\/AC<\/p>\n","protected":false},"author":24,"featured_media":5038,"comment_status":"open","ping_status":"open","sticky":false,"template":"","format":"standard","meta":{"_jetpack_memberships_contains_paid_content":false,"footnotes":"","jetpack_publicize_message":"","jetpack_publicize_feature_enabled":true,"jetpack_social_post_already_shared":true,"jetpack_social_options":{"image_generator_settings":{"template":"highway","default_image_id":0,"enabled":false},"version":2}},"categories":[3],"tags":[147,40,8,47],"coauthors":[136],"class_list":["post-5037","post","type-post","status-publish","format-standard","has-post-thumbnail","hentry","category-corriqueiras","tag-a-catraia","tag-acre","tag-destaque","tag-ufac"],"jetpack_publicize_connections":[],"jetpack_featured_media_url":"https:\/\/i0.wp.com\/acatraia.ufac.br\/wp-content\/uploads\/2025\/10\/Imagem-HEIF.jpeg?fit=1262%2C1600&ssl=1","jetpack_sharing_enabled":true,"amp_enabled":true,"_links":{"self":[{"href":"https:\/\/acatraia.ufac.br\/index.php?rest_route=\/wp\/v2\/posts\/5037","targetHints":{"allow":["GET"]}}],"collection":[{"href":"https:\/\/acatraia.ufac.br\/index.php?rest_route=\/wp\/v2\/posts"}],"about":[{"href":"https:\/\/acatraia.ufac.br\/index.php?rest_route=\/wp\/v2\/types\/post"}],"author":[{"embeddable":true,"href":"https:\/\/acatraia.ufac.br\/index.php?rest_route=\/wp\/v2\/users\/24"}],"replies":[{"embeddable":true,"href":"https:\/\/acatraia.ufac.br\/index.php?rest_route=%2Fwp%2Fv2%2Fcomments&post=5037"}],"version-history":[{"count":2,"href":"https:\/\/acatraia.ufac.br\/index.php?rest_route=\/wp\/v2\/posts\/5037\/revisions"}],"predecessor-version":[{"id":5048,"href":"https:\/\/acatraia.ufac.br\/index.php?rest_route=\/wp\/v2\/posts\/5037\/revisions\/5048"}],"wp:featuredmedia":[{"embeddable":true,"href":"https:\/\/acatraia.ufac.br\/index.php?rest_route=\/wp\/v2\/media\/5038"}],"wp:attachment":[{"href":"https:\/\/acatraia.ufac.br\/index.php?rest_route=%2Fwp%2Fv2%2Fmedia&parent=5037"}],"wp:term":[{"taxonomy":"category","embeddable":true,"href":"https:\/\/acatraia.ufac.br\/index.php?rest_route=%2Fwp%2Fv2%2Fcategories&post=5037"},{"taxonomy":"post_tag","embeddable":true,"href":"https:\/\/acatraia.ufac.br\/index.php?rest_route=%2Fwp%2Fv2%2Ftags&post=5037"},{"taxonomy":"author","embeddable":true,"href":"https:\/\/acatraia.ufac.br\/index.php?rest_route=%2Fwp%2Fv2%2Fcoauthors&post=5037"}],"curies":[{"name":"wp","href":"https:\/\/api.w.org\/{rel}","templated":true}]}}