{"id":4505,"date":"2025-04-07T09:15:51","date_gmt":"2025-04-07T14:15:51","guid":{"rendered":"https:\/\/acatraia.ufac.br\/?p=4505"},"modified":"2025-04-07T09:18:13","modified_gmt":"2025-04-07T14:18:13","slug":"aumento-da-busca-por-dietas-radicais-levanta-alertas-sobre-os-riscos-a-saude","status":"publish","type":"post","link":"https:\/\/acatraia.ufac.br\/?p=4505","title":{"rendered":"Aumento da busca por dietas radicais levanta alertas sobre os riscos \u00e0 sa\u00fade"},"content":{"rendered":"\n<p><strong><em>Por Raquel de Paula e Ant\u00f4nia Liz\u00a0<\/em><\/strong><\/p>\n\n\n\n<p>Nos \u00faltimos anos, a busca por dietas radicais para emagrecimento r\u00e1pido tem se intensificado, principalmente com o impacto das redes sociais, onde promessas de perda de peso acelerada ganham visibilidade. Essas dietas, muitas vezes extremamente restritivas, podem levar a resultados imediatos, mas, segundo especialistas, podem acarretar s\u00e9rios riscos \u00e0 sa\u00fade. Em busca de um corpo magro em um curto espa\u00e7o de tempo, muitas pessoas optam por eliminar tipos de alimentos ou reduzir drasticamente a ingest\u00e3o cal\u00f3rica, sem considerar as consequ\u00eancias a longo prazo.<\/p>\n\n\n\n<p>O nutricionista \u00cdtalo Oliveira alerta que as dietas radicais podem causar uma s\u00e9rie de efeitos colaterais negativos. \u201cO indiv\u00edduo pode apresentar fraqueza, tontura, dores de cabe\u00e7a, cansa\u00e7o, mau humor, indisposi\u00e7\u00e3o, dificuldade de concentra\u00e7\u00e3o e at\u00e9 desmaios. Al\u00e9m disso, essas dietas sobrecarregam \u00f3rg\u00e3os como f\u00edgado e rins e podem resultar em car\u00eancias nutricionais graves, como anemia\u201d, afirma.&nbsp;<\/p>\n\n\n\n<div class=\"wp-block-image\"><figure class=\"alignright size-large\"><img data-recalc-dims=\"1\" fetchpriority=\"high\" decoding=\"async\" width=\"320\" height=\"320\" src=\"https:\/\/i0.wp.com\/acatraia.ufac.br\/wp-content\/uploads\/2025\/04\/IMG_1099.jpeg?resize=320%2C320&#038;ssl=1\" alt=\"\" class=\"wp-image-4508\" srcset=\"https:\/\/i0.wp.com\/acatraia.ufac.br\/wp-content\/uploads\/2025\/04\/IMG_1099.jpeg?w=320&amp;ssl=1 320w, https:\/\/i0.wp.com\/acatraia.ufac.br\/wp-content\/uploads\/2025\/04\/IMG_1099.jpeg?resize=300%2C300&amp;ssl=1 300w, https:\/\/i0.wp.com\/acatraia.ufac.br\/wp-content\/uploads\/2025\/04\/IMG_1099.jpeg?resize=150%2C150&amp;ssl=1 150w, https:\/\/i0.wp.com\/acatraia.ufac.br\/wp-content\/uploads\/2025\/04\/IMG_1099.jpeg?resize=80%2C80&amp;ssl=1 80w\" sizes=\"(max-width: 320px) 100vw, 320px\" \/><figcaption>As dietas radicais representam um perigo cada vez maior. Foto: Reprodu\u00e7\u00e3o<\/figcaption><\/figure><\/div>\n\n\n\n<p>O especialista destaca ainda que a redu\u00e7\u00e3o dr\u00e1stica de calorias desacelera o metabolismo, prejudicando a produ\u00e7\u00e3o de horm\u00f4nios essenciais, como T3 e leptina, que regulam o controle do peso e a sensa\u00e7\u00e3o de fome. \u201cIsso pode levar \u00e0 perda de massa muscular e, consequentemente, ao efeito sanfona, no qual o peso perdido \u00e9 rapidamente recuperado, muitas vezes com aumento de gordura corporal maior\u201d, completa o nutricionista.<\/p>\n\n\n\n<p>Al\u00e9m dos danos f\u00edsicos, a sa\u00fade mental tamb\u00e9m pode ser severamente afetada pelas dietas restritivas. \u00cdtalo Oliveira ressalta que a falta de carboidratos, por exemplo, impacta a serotonina, o horm\u00f4nio respons\u00e1vel pelo bem-estar, gerando mudan\u00e7as de humor, ansiedade e at\u00e9 transtornos alimentares.&nbsp;<\/p>\n\n\n\n<p>\u201cDietas radicais aumentam os n\u00edveis de cortisol, o horm\u00f4nio do estresse, o que pode causar compuls\u00f5es alimentares, irritabilidade e perda de foco, prejudicando tamb\u00e9m o desempenho f\u00edsico, principalmente no esporte\u201d, explica.<\/p>\n\n\n\n<div class=\"wp-block-image\"><figure class=\"aligncenter size-large\"><img data-recalc-dims=\"1\" decoding=\"async\" width=\"700\" height=\"312\" src=\"https:\/\/i0.wp.com\/acatraia.ufac.br\/wp-content\/uploads\/2025\/04\/IMG_1098.jpeg?resize=700%2C312&#038;ssl=1\" alt=\"\" class=\"wp-image-4509\" srcset=\"https:\/\/i0.wp.com\/acatraia.ufac.br\/wp-content\/uploads\/2025\/04\/IMG_1098.jpeg?w=700&amp;ssl=1 700w, https:\/\/i0.wp.com\/acatraia.ufac.br\/wp-content\/uploads\/2025\/04\/IMG_1098.jpeg?resize=300%2C134&amp;ssl=1 300w\" sizes=\"(max-width: 700px) 100vw, 700px\" \/><figcaption>Magreza extrema \u00e9 tema de debates na atualidade. Foto: Reprodu\u00e7\u00e3o<\/figcaption><\/figure><\/div>\n\n\n\n<p>O especialista alerta que a solu\u00e7\u00e3o para uma perda de peso saud\u00e1vel deve ser baseada na reeduca\u00e7\u00e3o alimentar aliada \u00e0 pr\u00e1tica regular de exerc\u00edcios f\u00edsicos, evitando m\u00e9todos extremos. A chave \u00e9 adotar um d\u00e9ficit cal\u00f3rico moderado e ajust\u00e1vel, sem eliminar grupos alimentares essenciais.<\/p>\n\n\n\n<p>&nbsp;\u201cA ingest\u00e3o de prote\u00ednas deve ser priorizada para preservar a massa muscular, enquanto carboidratos e gorduras precisam ser distribu\u00eddos estrategicamente para garantir energia e equil\u00edbrio hormonal. O treinamento de for\u00e7a, combinado com atividades aer\u00f3bicas, deve ser ajustado de acordo com as necessidades individuais\u201d, conclui.&nbsp;<\/p>\n","protected":false},"excerpt":{"rendered":"<p>Nos \u00faltimos anos, a busca por dietas radicais para emagrecimento r\u00e1pido tem se intensificado, principalmente com o impacto das redes sociais, onde promessas de perda de peso acelerada ganham visibilidade. Essas dietas, muitas vezes extremamente restritivas, podem levar a resultados imediatos, mas, segundo especialistas, podem acarretar s\u00e9rios riscos \u00e0 sa\u00fade. Em busca de um corpo magro em um curto espa\u00e7o de tempo, muitas pessoas optam por eliminar tipos de alimentos ou reduzir drasticamente a ingest\u00e3o cal\u00f3rica, sem considerar as consequ\u00eancias a longo prazo.<\/p>\n","protected":false},"author":24,"featured_media":4511,"comment_status":"open","ping_status":"open","sticky":false,"template":"","format":"standard","meta":{"_jetpack_memberships_contains_paid_content":false,"footnotes":"","jetpack_publicize_message":"","jetpack_publicize_feature_enabled":true,"jetpack_social_post_already_shared":true,"jetpack_social_options":{"image_generator_settings":{"template":"highway","default_image_id":0,"enabled":false},"version":2}},"categories":[4],"tags":[8,151],"coauthors":[136],"class_list":["post-4505","post","type-post","status-publish","format-standard","has-post-thumbnail","hentry","category-nascente","tag-destaque","tag-destaque-ufac"],"jetpack_publicize_connections":[],"jetpack_featured_media_url":"https:\/\/i0.wp.com\/acatraia.ufac.br\/wp-content\/uploads\/2025\/04\/1.png?fit=1200%2C892&ssl=1","jetpack_sharing_enabled":true,"amp_enabled":true,"_links":{"self":[{"href":"https:\/\/acatraia.ufac.br\/index.php?rest_route=\/wp\/v2\/posts\/4505","targetHints":{"allow":["GET"]}}],"collection":[{"href":"https:\/\/acatraia.ufac.br\/index.php?rest_route=\/wp\/v2\/posts"}],"about":[{"href":"https:\/\/acatraia.ufac.br\/index.php?rest_route=\/wp\/v2\/types\/post"}],"author":[{"embeddable":true,"href":"https:\/\/acatraia.ufac.br\/index.php?rest_route=\/wp\/v2\/users\/24"}],"replies":[{"embeddable":true,"href":"https:\/\/acatraia.ufac.br\/index.php?rest_route=%2Fwp%2Fv2%2Fcomments&post=4505"}],"version-history":[{"count":1,"href":"https:\/\/acatraia.ufac.br\/index.php?rest_route=\/wp\/v2\/posts\/4505\/revisions"}],"predecessor-version":[{"id":4510,"href":"https:\/\/acatraia.ufac.br\/index.php?rest_route=\/wp\/v2\/posts\/4505\/revisions\/4510"}],"wp:featuredmedia":[{"embeddable":true,"href":"https:\/\/acatraia.ufac.br\/index.php?rest_route=\/wp\/v2\/media\/4511"}],"wp:attachment":[{"href":"https:\/\/acatraia.ufac.br\/index.php?rest_route=%2Fwp%2Fv2%2Fmedia&parent=4505"}],"wp:term":[{"taxonomy":"category","embeddable":true,"href":"https:\/\/acatraia.ufac.br\/index.php?rest_route=%2Fwp%2Fv2%2Fcategories&post=4505"},{"taxonomy":"post_tag","embeddable":true,"href":"https:\/\/acatraia.ufac.br\/index.php?rest_route=%2Fwp%2Fv2%2Ftags&post=4505"},{"taxonomy":"author","embeddable":true,"href":"https:\/\/acatraia.ufac.br\/index.php?rest_route=%2Fwp%2Fv2%2Fcoauthors&post=4505"}],"curies":[{"name":"wp","href":"https:\/\/api.w.org\/{rel}","templated":true}]}}