{"id":4431,"date":"2025-03-28T15:00:00","date_gmt":"2025-03-28T20:00:00","guid":{"rendered":"https:\/\/acatraia.ufac.br\/?p=4431"},"modified":"2025-03-30T17:18:37","modified_gmt":"2025-03-30T22:18:37","slug":"mostra-de-cinema-coloca-em-destaque-obras-cinematograficas-produzidas-por-mulheres-da-regiao-norte","status":"publish","type":"post","link":"https:\/\/acatraia.ufac.br\/?p=4431","title":{"rendered":"Mostra de cinema coloca em destaque obras cinematogr\u00e1ficas produzidas por mulheres da Regi\u00e3o Norte"},"content":{"rendered":"\n<p><strong><em>Por Gabriela Costa, Jhon Christophe, Laura Vilhena, Luiza Mariano e Maria Mariana Mota<\/em><\/strong><\/p>\n\n\n\n<p>De 1 a 5 de abril, o Cine Teatro Recreio ser\u00e1 o cen\u00e1rio do cinema feminino amaz\u00f4nico, com a realiza\u00e7\u00e3o da primeira edi\u00e7\u00e3o da Mostra \u201cNorte Delas\u201d. O&nbsp; evento apresenta filmes que exp\u00f5em perspectivas de identidade, religi\u00e3o, afetos e meio-ambiente, tornando o cinema uma via de acesso \u00e0 cultura, lazer e intera\u00e7\u00e3o social para a popula\u00e7\u00e3o, a partir do olhar feminino.<\/p>\n\n\n\n<p>O evento gratuito realizado pela Seiva Colab Amaz\u00f4nica com o apoio da Prefeitura de Rio Branco, dar\u00e1 visibilidade \u00e0s realizadoras audiovisuais nortistas e exibir\u00e1 curtas, m\u00e9dias e longas-metragens de todos os sete estados: Acre, Amap\u00e1, Amazonas, Par\u00e1, Rond\u00f4nia, Roraima e Tocantins.<\/p>\n\n\n\n<p>Dentre as produ\u00e7\u00f5es selecionadas est\u00e3o obras premiadas como \u201cO Barulho da Noite\u201d de dire\u00e7\u00e3o da tocantinense Eva Pereira e estrelado por Emanuelle Ara\u00fajo (vencedor do Festival de Cinema Brasileiro de Los Angeles) e estreias como a do document\u00e1rio \u201cOsmarina\u201d, da jornalista e cineasta acreana Juliana Machado, diretora de produ\u00e7\u00e3o da mostra.<\/p>\n\n\n\n<p>Para Juliana, a mostra nasce do desejo de ser um manifesto feminino para que se possa valorizar a diversidade criativa e cultural das mulheres do Norte, j\u00e1 que a representatividade no cinema enfrenta desafios agravados tamb\u00e9m pelo isolamento regional\u201d.<\/p>\n\n\n\n<figure class=\"wp-block-image size-large\"><img data-recalc-dims=\"1\" fetchpriority=\"high\" decoding=\"async\" width=\"567\" height=\"273\" src=\"https:\/\/i0.wp.com\/acatraia.ufac.br\/wp-content\/uploads\/2025\/03\/Imagem2-1.jpg?resize=567%2C273&#038;ssl=1\" alt=\"\" class=\"wp-image-4433\" srcset=\"https:\/\/i0.wp.com\/acatraia.ufac.br\/wp-content\/uploads\/2025\/03\/Imagem2-1.jpg?w=567&amp;ssl=1 567w, https:\/\/i0.wp.com\/acatraia.ufac.br\/wp-content\/uploads\/2025\/03\/Imagem2-1.jpg?resize=300%2C144&amp;ssl=1 300w\" sizes=\"(max-width: 567px) 100vw, 567px\" \/><figcaption>Foto: divulga\u00e7\u00e3o do filme \u201cJuliana\u201d<\/figcaption><\/figure>\n\n\n\n<p>Al\u00e9m das sess\u00f5es que se iniciam todos os dias das 18h \u00e0s 20h, a programa\u00e7\u00e3o tamb\u00e9m conta com workshops de forma\u00e7\u00e3o em dire\u00e7\u00e3o art\u00edstica, figurino e processo criativo na dire\u00e7\u00e3o cinematogr\u00e1fica, nos dias 02 e 03 das 14h \u00e0s 17h, as inscri\u00e7\u00f5es s\u00e3o gratuitas e feitas no instagram @mostranortedelasdecinema, onde tamb\u00e9m est\u00e1 dispon\u00edvel a lista completa dos filmes a serem exibidos.<\/p>\n\n\n\n<p><em>*Texto produzido na disciplina Fundamentos do Jornalismo sob supervis\u00e3o do professor Wagner Costa<\/em><\/p>\n","protected":false},"excerpt":{"rendered":"<p>Por Gabriela Costa, Jhon Christophe, Laura Vilhena, Luiza Mariano e Maria Mariana Mota De 1 a 5 de abril, o Cine Teatro Recreio ser\u00e1 o cen\u00e1rio do cinema feminino amaz\u00f4nico, com a realiza\u00e7\u00e3o da primeira edi\u00e7\u00e3o da Mostra \u201cNorte Delas\u201d. O&nbsp; evento apresenta filmes que exp\u00f5em perspectivas de identidade, religi\u00e3o, afetos e meio-ambiente, tornando o [&hellip;]<\/p>\n","protected":false},"author":24,"featured_media":4432,"comment_status":"open","ping_status":"open","sticky":false,"template":"","format":"standard","meta":{"_jetpack_memberships_contains_paid_content":false,"footnotes":"","jetpack_publicize_message":"","jetpack_publicize_feature_enabled":true,"jetpack_social_post_already_shared":true,"jetpack_social_options":{"image_generator_settings":{"template":"highway","default_image_id":0,"enabled":false},"version":2}},"categories":[5],"tags":[8],"coauthors":[136],"class_list":["post-4431","post","type-post","status-publish","format-standard","has-post-thumbnail","hentry","category-afluentes","tag-destaque"],"jetpack_publicize_connections":[],"jetpack_featured_media_url":"https:\/\/i0.wp.com\/acatraia.ufac.br\/wp-content\/uploads\/2025\/03\/Imagem1-2.jpg?fit=567%2C535&ssl=1","jetpack_sharing_enabled":true,"amp_enabled":true,"_links":{"self":[{"href":"https:\/\/acatraia.ufac.br\/index.php?rest_route=\/wp\/v2\/posts\/4431","targetHints":{"allow":["GET"]}}],"collection":[{"href":"https:\/\/acatraia.ufac.br\/index.php?rest_route=\/wp\/v2\/posts"}],"about":[{"href":"https:\/\/acatraia.ufac.br\/index.php?rest_route=\/wp\/v2\/types\/post"}],"author":[{"embeddable":true,"href":"https:\/\/acatraia.ufac.br\/index.php?rest_route=\/wp\/v2\/users\/24"}],"replies":[{"embeddable":true,"href":"https:\/\/acatraia.ufac.br\/index.php?rest_route=%2Fwp%2Fv2%2Fcomments&post=4431"}],"version-history":[{"count":2,"href":"https:\/\/acatraia.ufac.br\/index.php?rest_route=\/wp\/v2\/posts\/4431\/revisions"}],"predecessor-version":[{"id":4444,"href":"https:\/\/acatraia.ufac.br\/index.php?rest_route=\/wp\/v2\/posts\/4431\/revisions\/4444"}],"wp:featuredmedia":[{"embeddable":true,"href":"https:\/\/acatraia.ufac.br\/index.php?rest_route=\/wp\/v2\/media\/4432"}],"wp:attachment":[{"href":"https:\/\/acatraia.ufac.br\/index.php?rest_route=%2Fwp%2Fv2%2Fmedia&parent=4431"}],"wp:term":[{"taxonomy":"category","embeddable":true,"href":"https:\/\/acatraia.ufac.br\/index.php?rest_route=%2Fwp%2Fv2%2Fcategories&post=4431"},{"taxonomy":"post_tag","embeddable":true,"href":"https:\/\/acatraia.ufac.br\/index.php?rest_route=%2Fwp%2Fv2%2Ftags&post=4431"},{"taxonomy":"author","embeddable":true,"href":"https:\/\/acatraia.ufac.br\/index.php?rest_route=%2Fwp%2Fv2%2Fcoauthors&post=4431"}],"curies":[{"name":"wp","href":"https:\/\/api.w.org\/{rel}","templated":true}]}}