{"id":4386,"date":"2025-03-25T12:00:00","date_gmt":"2025-03-25T17:00:00","guid":{"rendered":"https:\/\/acatraia.ufac.br\/?p=4386"},"modified":"2025-03-25T17:40:06","modified_gmt":"2025-03-25T22:40:06","slug":"clubes-de-leitura-resgatam-o-prazer-pelo-habito-de-ler","status":"publish","type":"post","link":"https:\/\/acatraia.ufac.br\/?p=4386","title":{"rendered":"Clubes de Leitura resgatam o prazer pelo h\u00e1bito de ler"},"content":{"rendered":"\n<p><strong><em>Por Carlos Alexandre<\/em><\/strong><\/p>\n\n\n\n<p>Em uma publica\u00e7\u00e3o da <em>Folha de S\u00e3o Paulo<\/em>, o jornalista Ruy Castro definiu o Brasil como o <a href=\"https:\/\/www1.folha.uol.com.br\/colunas\/ruycastro\/2025\/01\/o-pais-dos-nao-leitores.shtml\">\u201cPa\u00eds de N\u00e3o Leitores<\/a>\u201d, amparado por dados levantados pela pesquisa &#8220;Retratos da Leitura no Brasil&#8221;, do Instituto Pr\u00f3-Livro. O estudo realizado em dezembro do ano passado revelou que, em 2024, 53% dos entrevistados admitiram n\u00e3o ter lido sequer uma frase de um livro. Em qualquer m\u00eddia, de qualquer g\u00eanero, nem mesmo os did\u00e1ticos ou religiosos conquistaram os olhos dos brasileiros.<\/p>\n\n\n\n<figure class=\"wp-block-image size-large\"><img data-recalc-dims=\"1\" fetchpriority=\"high\" decoding=\"async\" width=\"740\" height=\"493\" src=\"https:\/\/i0.wp.com\/acatraia.ufac.br\/wp-content\/uploads\/2025\/03\/Imagem-do-WhatsApp-de-2025-03-23-as-12.09.47_22f6ed4f.jpg?resize=740%2C493&#038;ssl=1\" alt=\"\" class=\"wp-image-4392\" srcset=\"https:\/\/i0.wp.com\/acatraia.ufac.br\/wp-content\/uploads\/2025\/03\/Imagem-do-WhatsApp-de-2025-03-23-as-12.09.47_22f6ed4f.jpg?resize=1024%2C682&amp;ssl=1 1024w, https:\/\/i0.wp.com\/acatraia.ufac.br\/wp-content\/uploads\/2025\/03\/Imagem-do-WhatsApp-de-2025-03-23-as-12.09.47_22f6ed4f.jpg?resize=300%2C200&amp;ssl=1 300w, https:\/\/i0.wp.com\/acatraia.ufac.br\/wp-content\/uploads\/2025\/03\/Imagem-do-WhatsApp-de-2025-03-23-as-12.09.47_22f6ed4f.jpg?resize=768%2C512&amp;ssl=1 768w, https:\/\/i0.wp.com\/acatraia.ufac.br\/wp-content\/uploads\/2025\/03\/Imagem-do-WhatsApp-de-2025-03-23-as-12.09.47_22f6ed4f.jpg?resize=1536%2C1024&amp;ssl=1 1536w, https:\/\/i0.wp.com\/acatraia.ufac.br\/wp-content\/uploads\/2025\/03\/Imagem-do-WhatsApp-de-2025-03-23-as-12.09.47_22f6ed4f.jpg?resize=2048%2C1365&amp;ssl=1 2048w, https:\/\/i0.wp.com\/acatraia.ufac.br\/wp-content\/uploads\/2025\/03\/Imagem-do-WhatsApp-de-2025-03-23-as-12.09.47_22f6ed4f.jpg?w=1480&amp;ssl=1 1480w, https:\/\/i0.wp.com\/acatraia.ufac.br\/wp-content\/uploads\/2025\/03\/Imagem-do-WhatsApp-de-2025-03-23-as-12.09.47_22f6ed4f.jpg?w=2220&amp;ssl=1 2220w\" sizes=\"(max-width: 740px) 100vw, 740px\" \/><figcaption>O estudo levantado pelo instituto revela que 73% dos brasileiros n\u00e3o leram um livro at\u00e9 o fim de 2024. Foto: Carlos Alexandre<\/figcaption><\/figure>\n\n\n\n<p>Outro dado alarmante aponta que cerca de 75% dos entrevistados passam mais tempo diante de uma tela do que folheando p\u00e1ginas impressas. Esse cen\u00e1rio escancara o crescente desinteresse pela leitura. No entanto, indo contra essa mar\u00e9 de apatia liter\u00e1ria, diversas iniciativas buscam estimular o h\u00e1bito da leitura por meio de clubes de leitura, estabelecendo v\u00ednculos e incentivando o pensamento cr\u00edtico.<\/p>\n\n\n\n<p><strong>Um ref\u00fagio liter\u00e1rio na universidade<\/strong><\/p>\n\n\n\n<p>Um dos exemplos desse movimento acontece na Universidade Federal do Acre (Ufac), onde o <strong>Clube do Livro Amaro<\/strong> surgiu como um projeto de extens\u00e3o do Centro de Educa\u00e7\u00e3o, Letras e Artes (Cela). O objetivo \u00e9 incentivar alunos e a comunidade a se envolverem com obras de fic\u00e7\u00e3o, fomentando o h\u00e1bito da leitura e criando um espa\u00e7o de di\u00e1logo presencial dentro da universidade. Desde sua funda\u00e7\u00e3o, em outubro de 2023, o clube j\u00e1 reuniu cerca de 60 participantes, sendo que, em m\u00e9dia, de 15 a 25 pessoas comparecem aos encontros mensais. At\u00e9 agora, 12 livros foram discutidos, todos escolhidos por vota\u00e7\u00e3o entre os membros. A leitura atual \u00e9 <em>O Assassinato de Roger Ackroyd<\/em>, de Agatha Christie.<\/p>\n\n\n\n<figure class=\"wp-block-image size-large\"><img data-recalc-dims=\"1\" decoding=\"async\" width=\"740\" height=\"416\" src=\"https:\/\/i0.wp.com\/acatraia.ufac.br\/wp-content\/uploads\/2025\/03\/Imagem-do-WhatsApp-de-2025-03-23-as-12.09.45_3b998068.jpg?resize=740%2C416&#038;ssl=1\" alt=\"\" class=\"wp-image-4388\" srcset=\"https:\/\/i0.wp.com\/acatraia.ufac.br\/wp-content\/uploads\/2025\/03\/Imagem-do-WhatsApp-de-2025-03-23-as-12.09.45_3b998068.jpg?resize=1024%2C576&amp;ssl=1 1024w, https:\/\/i0.wp.com\/acatraia.ufac.br\/wp-content\/uploads\/2025\/03\/Imagem-do-WhatsApp-de-2025-03-23-as-12.09.45_3b998068.jpg?resize=300%2C169&amp;ssl=1 300w, https:\/\/i0.wp.com\/acatraia.ufac.br\/wp-content\/uploads\/2025\/03\/Imagem-do-WhatsApp-de-2025-03-23-as-12.09.45_3b998068.jpg?resize=768%2C432&amp;ssl=1 768w, https:\/\/i0.wp.com\/acatraia.ufac.br\/wp-content\/uploads\/2025\/03\/Imagem-do-WhatsApp-de-2025-03-23-as-12.09.45_3b998068.jpg?w=1280&amp;ssl=1 1280w\" sizes=\"(max-width: 740px) 100vw, 740px\" \/><figcaption>Os encontros do Clube do Livro Amaro s\u00e3o realizados toda \u00faltima quinta-feira do m\u00eas, \u00e0s 19h, no audit\u00f3rio do Cela. Foto: cedida<\/figcaption><\/figure>\n\n\n\n<p>Segundo Carlisson Morais, professor de Literatura da Ufac, espa\u00e7os como esse e demais clubes s\u00e3o fundamentais para estimular leituras fora das telas: &#8220;Julgo de grande import\u00e2ncia promovermos esses espa\u00e7os de socializa\u00e7\u00e3o offline. Criamos esse ambiente de conversa justamente para refor\u00e7ar a pr\u00e1tica no nosso dia a dia e dialogar sobre um hobby que gostamos tanto&#8221;. Al\u00e9m disso, o clube mant\u00e9m as portas abertas para novos participantes: \u201cN\u00e3o h\u00e1 necessidade de inscri\u00e7\u00e3o pr\u00e9via. Basta comparecer a um dos encontros\u201d, convida Carlisson.<\/p>\n\n\n\n<p>O nome do clube faz refer\u00eancia ao personagem Jos\u00e9 Amaro, do romance <em>Fogo Morto,<\/em> lan\u00e7ado em 1943 por Jos\u00e9 Lins do Rego. A obra retrata a decad\u00eancia dos engenhos de cana-de-a\u00e7\u00facar, destacando o protagonista como um artes\u00e3o resistente \u00e0 moderniza\u00e7\u00e3o e \u00e0 submiss\u00e3o aos senhores de engenho e propondo uma met\u00e1fora para a luta pela preserva\u00e7\u00e3o da cultura e dos valores individuais.<\/p>\n\n\n\n<p><strong>Redescobrindo o prazer da leitura<\/strong><\/p>\n\n\n\n<p>Outro exemplo de iniciativa que busca reacender o interesse pela literatura \u00e9 o clube do Livro <strong>Novos Cap\u00edtulos<\/strong>, idealizado pelo jornalista Aldeir Oliveira. Segundo ele, o grupo surgiu da necessidade de resgatar o h\u00e1bito da leitura tanto para si quanto para amigos pr\u00f3ximos. \u201cNa adolesc\u00eancia, eu lia bastante, mas, ao entrar no mundo acad\u00eamico, a leitura virou uma obriga\u00e7\u00e3o em vez de um prazer. A partir da\u00ed, tentei retomar esse h\u00e1bito, e estar acompanhado de amigos com o mesmo objetivo tornou essa experi\u00eancia muito mais enriquecedora\u201d, conta Aldeir.<\/p>\n\n\n\n<figure class=\"wp-block-image size-large\"><img data-recalc-dims=\"1\" decoding=\"async\" width=\"740\" height=\"555\" src=\"https:\/\/i0.wp.com\/acatraia.ufac.br\/wp-content\/uploads\/2025\/03\/Imagem-do-WhatsApp-de-2025-03-23-as-12.09.45_4d915105.jpg?resize=740%2C555&#038;ssl=1\" alt=\"\" class=\"wp-image-4389\" srcset=\"https:\/\/i0.wp.com\/acatraia.ufac.br\/wp-content\/uploads\/2025\/03\/Imagem-do-WhatsApp-de-2025-03-23-as-12.09.45_4d915105.jpg?resize=1024%2C768&amp;ssl=1 1024w, https:\/\/i0.wp.com\/acatraia.ufac.br\/wp-content\/uploads\/2025\/03\/Imagem-do-WhatsApp-de-2025-03-23-as-12.09.45_4d915105.jpg?resize=300%2C225&amp;ssl=1 300w, https:\/\/i0.wp.com\/acatraia.ufac.br\/wp-content\/uploads\/2025\/03\/Imagem-do-WhatsApp-de-2025-03-23-as-12.09.45_4d915105.jpg?resize=768%2C576&amp;ssl=1 768w, https:\/\/i0.wp.com\/acatraia.ufac.br\/wp-content\/uploads\/2025\/03\/Imagem-do-WhatsApp-de-2025-03-23-as-12.09.45_4d915105.jpg?resize=1536%2C1152&amp;ssl=1 1536w, https:\/\/i0.wp.com\/acatraia.ufac.br\/wp-content\/uploads\/2025\/03\/Imagem-do-WhatsApp-de-2025-03-23-as-12.09.45_4d915105.jpg?resize=2048%2C1536&amp;ssl=1 2048w, https:\/\/i0.wp.com\/acatraia.ufac.br\/wp-content\/uploads\/2025\/03\/Imagem-do-WhatsApp-de-2025-03-23-as-12.09.45_4d915105.jpg?w=1480&amp;ssl=1 1480w, https:\/\/i0.wp.com\/acatraia.ufac.br\/wp-content\/uploads\/2025\/03\/Imagem-do-WhatsApp-de-2025-03-23-as-12.09.45_4d915105.jpg?w=2220&amp;ssl=1 2220w\" sizes=\"(max-width: 740px) 100vw, 740px\" \/><figcaption>Formado em letras e jornalismo, Aldeir \u00e9 um grande entusiasta da literatura. Seu livro preferido \u00e9 Como \u00c1gua para Chocolate. Foto: cedida<\/figcaption><\/figure>\n\n\n\n<p>O <strong>Novos Cap\u00edtulos<\/strong> promove encontros mensais em caf\u00e9s de Rio Branco, proporcionando discuss\u00f5es liter\u00e1rias descontra\u00eddas. Os membros compartilham suas impress\u00f5es sobre os livros escolhidos, destacando pontos positivos, cr\u00edticas e reflex\u00f5es. A sele\u00e7\u00e3o das obras \u00e9 feita por vota\u00e7\u00e3o, variando entre cl\u00e1ssicos da literatura, como <em>Frankenstein<\/em>, de Mary Shelley, e t\u00edtulos contempor\u00e2neos, como <em>Ainda Estou Aqui<\/em>, de Marcelo Rubens Paiva.<\/p>\n\n\n\n<figure class=\"wp-block-image size-large\"><img data-recalc-dims=\"1\" loading=\"lazy\" decoding=\"async\" width=\"740\" height=\"555\" src=\"https:\/\/i0.wp.com\/acatraia.ufac.br\/wp-content\/uploads\/2025\/03\/Imagem-do-WhatsApp-de-2025-03-23-as-12.09.45_f914775d.jpg?resize=740%2C555&#038;ssl=1\" alt=\"\" class=\"wp-image-4390\" srcset=\"https:\/\/i0.wp.com\/acatraia.ufac.br\/wp-content\/uploads\/2025\/03\/Imagem-do-WhatsApp-de-2025-03-23-as-12.09.45_f914775d.jpg?resize=1024%2C768&amp;ssl=1 1024w, https:\/\/i0.wp.com\/acatraia.ufac.br\/wp-content\/uploads\/2025\/03\/Imagem-do-WhatsApp-de-2025-03-23-as-12.09.45_f914775d.jpg?resize=300%2C225&amp;ssl=1 300w, https:\/\/i0.wp.com\/acatraia.ufac.br\/wp-content\/uploads\/2025\/03\/Imagem-do-WhatsApp-de-2025-03-23-as-12.09.45_f914775d.jpg?resize=768%2C576&amp;ssl=1 768w, https:\/\/i0.wp.com\/acatraia.ufac.br\/wp-content\/uploads\/2025\/03\/Imagem-do-WhatsApp-de-2025-03-23-as-12.09.45_f914775d.jpg?w=1280&amp;ssl=1 1280w\" sizes=\"(max-width: 740px) 100vw, 740px\" \/><figcaption>O clube completa um ano no pr\u00f3ximo dia 16 de abril e j\u00e1 realizou a leitura de 10 livros. Atualmente, o grupo est\u00e1 lendo \u201cFim\u201d, da aclamada artista Fernanda Torres. Foto: cedida<\/figcaption><\/figure>\n\n\n\n<p>Atualmente, o clube conta com 10 membros e est\u00e1 aberto a novos interessados. Quem quiser conhecer mais sobre o grupo pode entrar em contato pelo Instagram: @clubenovoscapitulos.<\/p>\n\n\n\n<p><strong>O impacto social dos clubes de leitura<\/strong><\/p>\n\n\n\n<p>Uma das pessoas que comp\u00f5em o grupo \u00e9 a desenvolvedora de software Caroliny Pinheiro. \u00c1vida leitora desde sempre, ela rememora como o interesse surgiu: &#8220;Como muitas outras crian\u00e7as brasileiras, eu fui uma f\u00e3 fervorosa dos gibis da &#8216;Turma da M\u00f4nica&#8217; e lembro com carinho de quando corria para ler o gibi do Cebolinha, era o meu momento. Tamb\u00e9m cresci com pais que costumavam ler bastante e nas escolas eu sempre procurava frequentar as bibliotecas&#8221;.<\/p>\n\n\n\n<p>Durante o fim da adolesc\u00eancia, Caroliny deixou a leitura de lado, frente \u00e0s preocupa\u00e7\u00f5es com o futuro e ao alto custo dos livros. Atualmente, conseguiu resgatar a leitura, usando um kindle, aparelho eletr\u00f4nico para livros digitais, aproveitando qualquer oportunidade para ler, seja antes de dormir ou at\u00e9 mesmo durante treinos na academia. Outro recurso que a ajudou a manter a leitura frequente foi a sua participa\u00e7\u00e3o em um clube de leitura. &#8220;Por anos a leitura foi um momento de solitude, mas no clube encontramos um espa\u00e7o de socializa\u00e7\u00e3o. Para adultos, \u00e9 uma \u00f3tima forma de retomar o h\u00e1bito da leitura, descobrir novos g\u00eaneros e fazer novas amizades que compartilham do mesmo hobby&#8221;, finaliza.<\/p>\n\n\n\n<figure class=\"wp-block-image size-large\"><img data-recalc-dims=\"1\" loading=\"lazy\" decoding=\"async\" width=\"740\" height=\"555\" src=\"https:\/\/i0.wp.com\/acatraia.ufac.br\/wp-content\/uploads\/2025\/03\/Imagem-do-WhatsApp-de-2025-03-23-as-12.09.45_a9e1dc9c.jpg?resize=740%2C555&#038;ssl=1\" alt=\"\" class=\"wp-image-4391\" srcset=\"https:\/\/i0.wp.com\/acatraia.ufac.br\/wp-content\/uploads\/2025\/03\/Imagem-do-WhatsApp-de-2025-03-23-as-12.09.45_a9e1dc9c.jpg?resize=1024%2C768&amp;ssl=1 1024w, https:\/\/i0.wp.com\/acatraia.ufac.br\/wp-content\/uploads\/2025\/03\/Imagem-do-WhatsApp-de-2025-03-23-as-12.09.45_a9e1dc9c.jpg?resize=300%2C225&amp;ssl=1 300w, https:\/\/i0.wp.com\/acatraia.ufac.br\/wp-content\/uploads\/2025\/03\/Imagem-do-WhatsApp-de-2025-03-23-as-12.09.45_a9e1dc9c.jpg?resize=768%2C576&amp;ssl=1 768w, https:\/\/i0.wp.com\/acatraia.ufac.br\/wp-content\/uploads\/2025\/03\/Imagem-do-WhatsApp-de-2025-03-23-as-12.09.45_a9e1dc9c.jpg?resize=1536%2C1153&amp;ssl=1 1536w, https:\/\/i0.wp.com\/acatraia.ufac.br\/wp-content\/uploads\/2025\/03\/Imagem-do-WhatsApp-de-2025-03-23-as-12.09.45_a9e1dc9c.jpg?w=1599&amp;ssl=1 1599w, https:\/\/i0.wp.com\/acatraia.ufac.br\/wp-content\/uploads\/2025\/03\/Imagem-do-WhatsApp-de-2025-03-23-as-12.09.45_a9e1dc9c.jpg?w=1480&amp;ssl=1 1480w\" sizes=\"(max-width: 740px) 100vw, 740px\" \/><figcaption>Caroliny ingressou no clube de leitura ap\u00f3s ver um amigo que participava divulgando nas redes sociais e desde ent\u00e3o tem diversificado suas leituras e compartilhando com pessoas pr\u00f3ximas. Foto: cedida<\/figcaption><\/figure>\n\n\n\n<p>A jornalista Charlene Carvalho, tamb\u00e9m compartilha da mesma opini\u00e3o, quanto ao fator social de clubes de leitura. &#8220;Da vis\u00e3o de uma pessoa acima dos 50 anos, acho v\u00e1lida a promo\u00e7\u00e3o desses ambientes que nos enriquecem social e intelectualmente. \u00c9 uma maneira de nos afastarmos das telas, reservar um tempo de qualidade para si mesma e abrir a mente para reflex\u00f5es&#8221;, comenta.<\/p>\n\n\n\n<p>Participante de um clube informal reservado para amigas pr\u00f3ximas, Charlene tamb\u00e9m destaca que os encontros n\u00e3o se limitam apenas \u00e0s discuss\u00f5es liter\u00e1rias: muitas vezes, as conversas se expandem para temas cotidianos, ampliando horizontes e promovendo conex\u00f5es genu\u00ednas entre os participantes.<\/p>\n","protected":false},"excerpt":{"rendered":"<p>Por Carlos Alexandre Em uma publica\u00e7\u00e3o da Folha de S\u00e3o Paulo, o jornalista Ruy Castro definiu o Brasil como o \u201cPa\u00eds de N\u00e3o Leitores\u201d, amparado por dados levantados pela pesquisa &#8220;Retratos da Leitura no Brasil&#8221;, do Instituto Pr\u00f3-Livro. O estudo realizado em dezembro do ano passado revelou que, em 2024, 53% dos entrevistados admitiram n\u00e3o [&hellip;]<\/p>\n","protected":false},"author":24,"featured_media":4387,"comment_status":"open","ping_status":"open","sticky":false,"template":"","format":"standard","meta":{"_jetpack_memberships_contains_paid_content":false,"footnotes":"","jetpack_publicize_message":"","jetpack_publicize_feature_enabled":true,"jetpack_social_post_already_shared":true,"jetpack_social_options":{"image_generator_settings":{"template":"highway","default_image_id":0,"enabled":false},"version":2}},"categories":[6],"tags":[8],"coauthors":[136],"class_list":["post-4386","post","type-post","status-publish","format-standard","has-post-thumbnail","hentry","category-margens","tag-destaque"],"jetpack_publicize_connections":[],"jetpack_featured_media_url":"https:\/\/i0.wp.com\/acatraia.ufac.br\/wp-content\/uploads\/2025\/03\/Imagem-do-WhatsApp-de-2025-03-23-as-12.09.46_89fd8bb6.jpg?fit=1600%2C1200&ssl=1","jetpack_sharing_enabled":true,"amp_enabled":true,"_links":{"self":[{"href":"https:\/\/acatraia.ufac.br\/index.php?rest_route=\/wp\/v2\/posts\/4386","targetHints":{"allow":["GET"]}}],"collection":[{"href":"https:\/\/acatraia.ufac.br\/index.php?rest_route=\/wp\/v2\/posts"}],"about":[{"href":"https:\/\/acatraia.ufac.br\/index.php?rest_route=\/wp\/v2\/types\/post"}],"author":[{"embeddable":true,"href":"https:\/\/acatraia.ufac.br\/index.php?rest_route=\/wp\/v2\/users\/24"}],"replies":[{"embeddable":true,"href":"https:\/\/acatraia.ufac.br\/index.php?rest_route=%2Fwp%2Fv2%2Fcomments&post=4386"}],"version-history":[{"count":3,"href":"https:\/\/acatraia.ufac.br\/index.php?rest_route=\/wp\/v2\/posts\/4386\/revisions"}],"predecessor-version":[{"id":4414,"href":"https:\/\/acatraia.ufac.br\/index.php?rest_route=\/wp\/v2\/posts\/4386\/revisions\/4414"}],"wp:featuredmedia":[{"embeddable":true,"href":"https:\/\/acatraia.ufac.br\/index.php?rest_route=\/wp\/v2\/media\/4387"}],"wp:attachment":[{"href":"https:\/\/acatraia.ufac.br\/index.php?rest_route=%2Fwp%2Fv2%2Fmedia&parent=4386"}],"wp:term":[{"taxonomy":"category","embeddable":true,"href":"https:\/\/acatraia.ufac.br\/index.php?rest_route=%2Fwp%2Fv2%2Fcategories&post=4386"},{"taxonomy":"post_tag","embeddable":true,"href":"https:\/\/acatraia.ufac.br\/index.php?rest_route=%2Fwp%2Fv2%2Ftags&post=4386"},{"taxonomy":"author","embeddable":true,"href":"https:\/\/acatraia.ufac.br\/index.php?rest_route=%2Fwp%2Fv2%2Fcoauthors&post=4386"}],"curies":[{"name":"wp","href":"https:\/\/api.w.org\/{rel}","templated":true}]}}