{"id":406,"date":"2021-06-17T12:23:39","date_gmt":"2021-06-17T17:23:39","guid":{"rendered":"http:\/\/acatraia.ufac.br\/?p=406"},"modified":"2021-08-05T21:53:58","modified_gmt":"2021-08-06T02:53:58","slug":"vacinas-contra-a-covid-19-trazem-esperanca-para-acreanos","status":"publish","type":"post","link":"https:\/\/acatraia.ufac.br\/?p=406","title":{"rendered":"Vacinas contra a covid-19 trazem esperan\u00e7a para acreanos"},"content":{"rendered":"\n<p><em>\u00d3rg\u00e3os ligados a sa\u00fade indicam manuten\u00e7\u00e3o do distanciamento social e h\u00e1bitos de higiene mesmo ap\u00f3s a imuniza\u00e7\u00e3o<\/em><\/p>\n\n\n\n<p><strong>Por Deylon F\u00e9lix e Jorge<\/strong> <strong>de Oliveira<\/strong><\/p>\n\n\n\n<p>O aparecimento da covid-19 promoveu mudan\u00e7as significativas na vida das pessoas de todo o mundo. Cancelar planos de viagens, modificar rotinas de trabalho e escola e diminuir os cumprimentos calorosos entre amigos come\u00e7ou a fazer parte do que se chamou de \u201cnovo normal\u201d. Desde mar\u00e7o de 2020, nada de ir para igrejas lotadas, restaurantes cheios e, muito menos, festas. N\u00e3o podemos esquecer que foram adicionados dois novos itens indispens\u00e1veis \u00e0 lista de compras, as m\u00e1scaras e o \u00e1lcool em gel. <\/p>\n\n\n\n<p>Neste ano, o surgimento das vacinas contra o v\u00edrus trouxe esperan\u00e7a. Embora a lentid\u00e3o no processo de vacina\u00e7\u00e3o pare\u00e7a desfavor\u00e1vel para a maioria dos brasileiros tornando assim o futuro incerto, mora no cora\u00e7\u00e3o daqueles que sobrevivem \u00e0 pandemia o anseio pelo momento de finalmente tirar a m\u00e1scara do rosto e respirar ao ar livre sem medo algum.<\/p>\n\n\n\n<p>O medo e a incerteza foram os sentimentos mais recorrentes durante esse tempo. Valqu\u00edria Bragan\u00e7a, 46 anos, recebeu no m\u00eas de maio de 2021 a primeira dose da vacina Coronavac. Segundo a dona de casa, foi muito dif\u00edcil ter que conviver com essa inseguran\u00e7a durante os dias de quarentena e a pior coisa foi ter que ficar longe da  m\u00e3e de 71 anos.<\/p>\n\n\n\n<p>\u201cFoi terr\u00edvel o medo que tive de perder um ente querido ou at\u00e9 mesmo morrer, principalmente por fazer parte do grupo de risco j\u00e1 que tenho press\u00e3o alta. O medo de sair desta vida e n\u00e3o poder cuidar mais dos meus filhos era grande. A pior coisa foi ficar um tempo longe da minha m\u00e3e. Todos os dias sentia a falta dela. Agora que n\u00f3s duas j\u00e1 tomamos a vacina podemos j\u00e1 estar juntas, mas muitas pessoas ainda vivem com esse problema e isso \u00e9 muito triste, precisamos de vacinas para todos\u201d, disse<\/p>\n\n\n\n<p>Valqu\u00edria ainda conta um pouco da expectativa que tem sobre o que fazer depois da completa imuniza\u00e7\u00e3o. \u201cEu estou muito feliz que tomei a primeira dose, mas sei que ainda tenho que ter alguns cuidados. Mas, sinceramente, n\u00e3o vejo a hora de poder sair com minha m\u00e3e, levar ela para ir ao cinema sem medo\u201d, ressalta.<\/p>\n\n\n\n<div class=\"wp-block-image\"><figure class=\"aligncenter size-large\"><img data-recalc-dims=\"1\" fetchpriority=\"high\" decoding=\"async\" width=\"617\" height=\"763\" src=\"https:\/\/i0.wp.com\/acatraia.ufac.br\/wp-content\/uploads\/2021\/06\/WhatsApp-Image-2021-06-16-at-17.16.07.jpeg?resize=617%2C763&#038;ssl=1\" alt=\"\" class=\"wp-image-418\" srcset=\"https:\/\/i0.wp.com\/acatraia.ufac.br\/wp-content\/uploads\/2021\/06\/WhatsApp-Image-2021-06-16-at-17.16.07.jpeg?w=617&amp;ssl=1 617w, https:\/\/i0.wp.com\/acatraia.ufac.br\/wp-content\/uploads\/2021\/06\/WhatsApp-Image-2021-06-16-at-17.16.07.jpeg?resize=243%2C300&amp;ssl=1 243w\" sizes=\"(max-width: 617px) 100vw, 617px\" \/><figcaption>Reencontrar a m\u00e3e era o desejo da dona de casa Valquiria Bragan\u00e7a ap\u00f3s tomar a vacina<\/figcaption><\/figure><\/div>\n\n\n\n<p>A aposentada Josemy Souza, mais conhecida como Rosa, 74 anos, j\u00e1 tomou as duas doses da vacina e agora consegue realizar atividades cotidianas com muito mais leveza, sem muito medo. Antes quando precisava ir at\u00e9 o mercado fazer compras mensais usava at\u00e9 duas m\u00e1scaras e luvas, pois tinha o pavor de sair de casa e se infectar<\/p>\n\n\n\n<p>\u201cAntes de tomar a vacina eu n\u00e3o conseguia ir nem at\u00e9 a frente da minha casa por causa de tudo o que estava acontecendo, por j\u00e1 ter perdido pessoas pr\u00f3ximas de mim, ent\u00e3o era algo muito perturbador saber que isso poderia acontecer comigo. Felizmente chegou a minha vez, tomei a Coronavac, mas mesmo depois ainda tinha medo de ir para algum lugar. Mas confio nesta vacina, precisamos dela, os meus filhos precisam dela pois trabalham todos os dias. Sou muito feliz por j\u00e1 ter tomado.\u201d<\/p>\n\n\n\n<p>Segundo Rosa, a primeira coisa que fez depois de ter tomado as duas doses da vacina Coronavac foi fazer uma visita ao irm\u00e3o que n\u00e3o via h\u00e1 meses por causa da pandemia e tamb\u00e9m a igreja que era parte de suas atividades semanais.<\/p>\n\n\n\n<p><strong>Na linha de Frente<\/strong><\/p>\n\n\n\n<p>O medo de ser contaminado \u00e9 algo coletivo, mas para os m\u00e9dicos e enfermeiros que est\u00e3o na linha de frente no combate ao coronav\u00edrus esse sentimento \u00e9 t\u00e3o forte que para alguns pode ser aterrorizante. Mas os nossos her\u00f3is seguem firmes nessa luta. Um exemplo \u00e9 a t\u00e9cnica em enfermagem Hellyeth Duarte.<\/p>\n\n\n\n<p>Ela trabalha na UBS Mario Maria e conta que atuar diretamente com pessoas que podem estar com coronav\u00edrus a fez se sentir sob constante press\u00e3o psicol\u00f3gica. \u201cClaro que sempre tive medo de pegar essa doen\u00e7a, principalmente por ter muito contato com pessoas infectadas, e essa preocupa\u00e7\u00e3o era maior por achar que pod\u00edamos levar essa doen\u00e7a para dentro de casa. Mas depois que tomei a primeira dose eu me senti mais aliviada e esse sentimento de medo diminuiu\u201d, diz<\/p>\n\n\n\n<p>A t\u00e9cnica afirma que ainda toma os devidos cuidados indicados para combate ao v\u00edrus tanto dentro quanto fora do trabalho e que pretende continuar seguindo as recomenda\u00e7\u00f5es mesmo depois de tomar a segunda dose.<\/p>\n\n\n\n<p>\u201cEu acredito que vou continuar com os mesmos cuidados, claro que com a segunda dose a gente vai se sentir mais protegido, por\u00e9m acho importante continuar se cuidando at\u00e9 boa parte da popula\u00e7\u00e3o ser efetivamente vacinada\u201d, enfatiza<\/p>\n\n\n\n<div class=\"wp-block-image\"><figure class=\"aligncenter size-large is-resized\"><img data-recalc-dims=\"1\" decoding=\"async\" src=\"https:\/\/i0.wp.com\/acatraia.ufac.br\/wp-content\/uploads\/2021\/06\/WhatsApp-Image-2021-06-16-at-17.35.57.jpeg?resize=387%2C512&#038;ssl=1\" alt=\"\" class=\"wp-image-426\" width=\"387\" height=\"512\" srcset=\"https:\/\/i0.wp.com\/acatraia.ufac.br\/wp-content\/uploads\/2021\/06\/WhatsApp-Image-2021-06-16-at-17.35.57.jpeg?resize=774%2C1024&amp;ssl=1 774w, https:\/\/i0.wp.com\/acatraia.ufac.br\/wp-content\/uploads\/2021\/06\/WhatsApp-Image-2021-06-16-at-17.35.57.jpeg?resize=227%2C300&amp;ssl=1 227w, https:\/\/i0.wp.com\/acatraia.ufac.br\/wp-content\/uploads\/2021\/06\/WhatsApp-Image-2021-06-16-at-17.35.57.jpeg?resize=768%2C1016&amp;ssl=1 768w, https:\/\/i0.wp.com\/acatraia.ufac.br\/wp-content\/uploads\/2021\/06\/WhatsApp-Image-2021-06-16-at-17.35.57.jpeg?w=845&amp;ssl=1 845w\" sizes=\"(max-width: 387px) 100vw, 387px\" \/><figcaption>T\u00e9cnica em Enfermagem Hellyeth tomando a 1\u00b0 dose da vacina Coronavac<\/figcaption><\/figure><\/div>\n\n\n\n<p><\/p>\n","protected":false},"excerpt":{"rendered":"<p>\u00d3rg\u00e3os ligados a sa\u00fade indicam manuten\u00e7\u00e3o do distanciamento social e h\u00e1bitos de higiene mesmo ap\u00f3s a imuniza\u00e7\u00e3o Por Deylon F\u00e9lix e Jorge de Oliveira O aparecimento da covid-19 promoveu mudan\u00e7as significativas na vida das pessoas de todo o mundo. Cancelar planos de viagens, modificar rotinas de trabalho e escola e diminuir os cumprimentos calorosos entre [&hellip;]<\/p>\n","protected":false},"author":24,"featured_media":479,"comment_status":"open","ping_status":"open","sticky":false,"template":"","format":"standard","meta":{"_jetpack_memberships_contains_paid_content":false,"footnotes":"","jetpack_publicize_message":"","jetpack_publicize_feature_enabled":true,"jetpack_social_post_already_shared":true,"jetpack_social_options":{"image_generator_settings":{"template":"highway","default_image_id":0,"enabled":false},"version":2}},"categories":[3],"tags":[8],"coauthors":[],"class_list":["post-406","post","type-post","status-publish","format-standard","has-post-thumbnail","hentry","category-corriqueiras","tag-destaque"],"jetpack_publicize_connections":[],"jetpack_featured_media_url":"https:\/\/i0.wp.com\/acatraia.ufac.br\/wp-content\/uploads\/2021\/06\/IMG-20210616-WA0036.jpg?fit=1280%2C720&ssl=1","jetpack_sharing_enabled":true,"amp_enabled":true,"_links":{"self":[{"href":"https:\/\/acatraia.ufac.br\/index.php?rest_route=\/wp\/v2\/posts\/406","targetHints":{"allow":["GET"]}}],"collection":[{"href":"https:\/\/acatraia.ufac.br\/index.php?rest_route=\/wp\/v2\/posts"}],"about":[{"href":"https:\/\/acatraia.ufac.br\/index.php?rest_route=\/wp\/v2\/types\/post"}],"author":[{"embeddable":true,"href":"https:\/\/acatraia.ufac.br\/index.php?rest_route=\/wp\/v2\/users\/24"}],"replies":[{"embeddable":true,"href":"https:\/\/acatraia.ufac.br\/index.php?rest_route=%2Fwp%2Fv2%2Fcomments&post=406"}],"version-history":[{"count":64,"href":"https:\/\/acatraia.ufac.br\/index.php?rest_route=\/wp\/v2\/posts\/406\/revisions"}],"predecessor-version":[{"id":1430,"href":"https:\/\/acatraia.ufac.br\/index.php?rest_route=\/wp\/v2\/posts\/406\/revisions\/1430"}],"wp:featuredmedia":[{"embeddable":true,"href":"https:\/\/acatraia.ufac.br\/index.php?rest_route=\/wp\/v2\/media\/479"}],"wp:attachment":[{"href":"https:\/\/acatraia.ufac.br\/index.php?rest_route=%2Fwp%2Fv2%2Fmedia&parent=406"}],"wp:term":[{"taxonomy":"category","embeddable":true,"href":"https:\/\/acatraia.ufac.br\/index.php?rest_route=%2Fwp%2Fv2%2Fcategories&post=406"},{"taxonomy":"post_tag","embeddable":true,"href":"https:\/\/acatraia.ufac.br\/index.php?rest_route=%2Fwp%2Fv2%2Ftags&post=406"},{"taxonomy":"author","embeddable":true,"href":"https:\/\/acatraia.ufac.br\/index.php?rest_route=%2Fwp%2Fv2%2Fcoauthors&post=406"}],"curies":[{"name":"wp","href":"https:\/\/api.w.org\/{rel}","templated":true}]}}