{"id":3923,"date":"2024-03-02T11:14:59","date_gmt":"2024-03-02T16:14:59","guid":{"rendered":"https:\/\/acatraia.ufac.br\/?p=3923"},"modified":"2024-03-04T07:57:25","modified_gmt":"2024-03-04T12:57:25","slug":"alunos-da-ufac-tambem-sao-atingidos-pela-enchente-do-rio-acre","status":"publish","type":"post","link":"https:\/\/acatraia.ufac.br\/?p=3923","title":{"rendered":"Alunos da Ufac tamb\u00e9m s\u00e3o atingidos pela enchente do Rio Acre"},"content":{"rendered":"\n<p>A capital acreana enfrenta uma das maiores cheias de sua hist\u00f3ria. O rio Acre atingiu, no primeiro dia de mar\u00e7o, o n\u00edvel de 17m40, segundo dados da Prefeitura de Rio Branco. Entre os mais de 4 mil moradores desabrigados est\u00e3o estudantes da Universidade Federal do Acre (Ufac) que enfrentam dificuldades para frequentar as aulas.<\/p>\n\n\n\n<p>Um exemplo \u00e9 a estudante de Jornalismo Kawane Rocha, moradora do bairro do Taquari, que teve a casa afetada pela enchente. Ela observa que a Universidade n\u00e3o est\u00e1 dando o apoio devido a quem foi afetado pela cheia. &#8220;Al\u00e9m do medo da \u00e1gua, a gente tamb\u00e9m tem preocupa\u00e7\u00e3o com as aulas, com as atividades e as faltas. Infelizmente, as aulas est\u00e3o seguindo normalmente. Poderiam passar algo para fazer em casa&#8221;, diz.<\/p>\n\n\n\n<p>Tamb\u00e9m morador do Taquari, um dos bairros afetados pela cheia, Natan de Souza Moreira, estudante de Engenharia El\u00e9trica, relata que no ano passado tamb\u00e9m foi atingido pela enchente mas teve o aux\u00edlio negado pela Ufac. \u201cCheguei a trancar o curso por causa disso, por n\u00e3o conseguir ir \u00e0s aulas e por problemas financeiros&#8221;, afirma.<\/p>\n\n\n\n<p>O aux\u00edlio ao qual Natan se refere \u00e9 ofertado pela Ufac por meio do Programa de Aux\u00edlio Emergencial em situa\u00e7\u00f5es de calamidade ou emerg\u00eancia p\u00fablica. No caso das cheias, o estudante precisa, entre outros crit\u00e9rios, ter sido &#8220;obrigado a sair da pr\u00f3pria resid\u00eancia em virtude da alaga\u00e7\u00e3o, inc\u00eandio ou qualquer outro evento adverso&#8221;.<\/p>\n\n\n\n<p>Na primeira chamada do Edital deste ano, no entanto, a bolsa foi negada aos 25 alunos que a solicitaram. Kawane Rocha foi uma dessas estudantes. &#8220;Eu tinha uma rotina e a enchente veio de uma vez. Na minha casa n\u00e3o passava mais \u00f4nibus e nem catraia [barco], ent\u00e3o fui para casa de amigas para conseguir ir \u00e0s aulas&#8221;, conta.<\/p>\n\n\n\n<p>Segundo a Pr\u00f3-Reitoria de Assuntos Estudantis (Proaes), os alunos poder\u00e3o se reinscrever para acrescentar os documentos que faltaram e t\u00eam at\u00e9 90 dias ap\u00f3s o evento da cheia para fazer a solicita\u00e7\u00e3o.<\/p>\n\n\n\n<p><em>Texto produzido pelos acad\u00eamicos Guadalupe Pereira, Priscilla Pinheiro, Bruna da Silva, Yasmin Escobar, Yana Vitoria da Silva e Ana Keli sob supervis\u00e3o do professor Wagner Costa. A produ\u00e7\u00e3o faz parte da disciplina Fundamentos do Jornalismo.<\/em><\/p>\n","protected":false},"excerpt":{"rendered":"<p>A capital acreana enfrenta uma das maiores cheias de sua hist\u00f3ria. O rio Acre atingiu, no primeiro dia de mar\u00e7o, o n\u00edvel de 17m40, segundo dados da Prefeitura de Rio Branco. Entre os mais de 4 mil moradores desabrigados est\u00e3o estudantes da Universidade Federal do Acre (Ufac) que enfrentam dificuldades para frequentar as aulas. Um [&hellip;]<\/p>\n","protected":false},"author":24,"featured_media":3924,"comment_status":"open","ping_status":"open","sticky":false,"template":"","format":"standard","meta":{"_jetpack_memberships_contains_paid_content":false,"footnotes":"","jetpack_publicize_message":"","jetpack_publicize_feature_enabled":true,"jetpack_social_post_already_shared":true,"jetpack_social_options":{"image_generator_settings":{"template":"highway","default_image_id":0,"enabled":false},"version":2}},"categories":[2,1],"tags":[8],"coauthors":[136],"class_list":["post-3923","post","type-post","status-publish","format-standard","has-post-thumbnail","hentry","category-rotas","category-ultimas-noticias","tag-destaque"],"jetpack_publicize_connections":[],"jetpack_featured_media_url":"https:\/\/i0.wp.com\/acatraia.ufac.br\/wp-content\/uploads\/2024\/03\/Ufac-foto.png?fit=900%2C397&ssl=1","jetpack_sharing_enabled":true,"amp_enabled":true,"_links":{"self":[{"href":"https:\/\/acatraia.ufac.br\/index.php?rest_route=\/wp\/v2\/posts\/3923","targetHints":{"allow":["GET"]}}],"collection":[{"href":"https:\/\/acatraia.ufac.br\/index.php?rest_route=\/wp\/v2\/posts"}],"about":[{"href":"https:\/\/acatraia.ufac.br\/index.php?rest_route=\/wp\/v2\/types\/post"}],"author":[{"embeddable":true,"href":"https:\/\/acatraia.ufac.br\/index.php?rest_route=\/wp\/v2\/users\/24"}],"replies":[{"embeddable":true,"href":"https:\/\/acatraia.ufac.br\/index.php?rest_route=%2Fwp%2Fv2%2Fcomments&post=3923"}],"version-history":[{"count":3,"href":"https:\/\/acatraia.ufac.br\/index.php?rest_route=\/wp\/v2\/posts\/3923\/revisions"}],"predecessor-version":[{"id":3928,"href":"https:\/\/acatraia.ufac.br\/index.php?rest_route=\/wp\/v2\/posts\/3923\/revisions\/3928"}],"wp:featuredmedia":[{"embeddable":true,"href":"https:\/\/acatraia.ufac.br\/index.php?rest_route=\/wp\/v2\/media\/3924"}],"wp:attachment":[{"href":"https:\/\/acatraia.ufac.br\/index.php?rest_route=%2Fwp%2Fv2%2Fmedia&parent=3923"}],"wp:term":[{"taxonomy":"category","embeddable":true,"href":"https:\/\/acatraia.ufac.br\/index.php?rest_route=%2Fwp%2Fv2%2Fcategories&post=3923"},{"taxonomy":"post_tag","embeddable":true,"href":"https:\/\/acatraia.ufac.br\/index.php?rest_route=%2Fwp%2Fv2%2Ftags&post=3923"},{"taxonomy":"author","embeddable":true,"href":"https:\/\/acatraia.ufac.br\/index.php?rest_route=%2Fwp%2Fv2%2Fcoauthors&post=3923"}],"curies":[{"name":"wp","href":"https:\/\/api.w.org\/{rel}","templated":true}]}}