{"id":3199,"date":"2023-08-11T17:41:54","date_gmt":"2023-08-11T22:41:54","guid":{"rendered":"https:\/\/acatraia.ufac.br\/?p=3199"},"modified":"2023-08-14T12:32:08","modified_gmt":"2023-08-14T17:32:08","slug":"startup-acreana-aposta-na-tecnologia-e-e-destaque-em-feira-internacional-de-inovacao","status":"publish","type":"post","link":"https:\/\/acatraia.ufac.br\/?p=3199","title":{"rendered":"Startup acreana aposta na tecnologia e \u00e9 destaque em feira internacional de inova\u00e7\u00e3o."},"content":{"rendered":"\n<p><strong><em>Por: Ad\u00e9lia Galdino e Milena Queiroz<\/em><\/strong><\/p>\n\n\n\n<p>Voc\u00ea j\u00e1 ouviu falar ou sabe o que \u00e9 o metaverso? Essa palavra pode parecer diferente ou desconhecida para alguns, mas est\u00e1 se tornando a nova aposta em diversas \u00e1reas, inclusive na empresarial.<br>Uma startup 100% acreana j\u00e1 est\u00e1 investindo nessa tecnologia, a Meta Amazon Solution \u00e9 especialista em projetos de constru\u00e7\u00e3o no Metaverso e proporciona uma experi\u00eancia diferente aos seus clientes. Eles utilizam n\u00e3o s\u00f3 em projetos, mas tamb\u00e9m para promover reuni\u00f5es com pessoas de lugares diferentes sem precisar se deslocarem fisicamente.<\/p>\n\n\n\n<figure class=\"wp-block-image size-large is-resized\"><img data-recalc-dims=\"1\" fetchpriority=\"high\" decoding=\"async\" src=\"https:\/\/i0.wp.com\/acatraia.ufac.br\/wp-content\/uploads\/2023\/08\/IMG-20230727-WA0024.jpg?resize=736%2C415&#038;ssl=1\" alt=\"\" class=\"wp-image-3256\" width=\"736\" height=\"415\" srcset=\"https:\/\/i0.wp.com\/acatraia.ufac.br\/wp-content\/uploads\/2023\/08\/IMG-20230727-WA0024.jpg?resize=1024%2C579&amp;ssl=1 1024w, https:\/\/i0.wp.com\/acatraia.ufac.br\/wp-content\/uploads\/2023\/08\/IMG-20230727-WA0024.jpg?resize=300%2C170&amp;ssl=1 300w, https:\/\/i0.wp.com\/acatraia.ufac.br\/wp-content\/uploads\/2023\/08\/IMG-20230727-WA0024.jpg?w=1200&amp;ssl=1 1200w\" sizes=\"(max-width: 736px) 100vw, 736px\" \/><figcaption>Reuni\u00e3o realizada com experi\u00eancia imersiva, na sala da empresa Amazon Solution. Por Ad\u00e9lia Galdino.<\/figcaption><\/figure>\n\n\n\n<p>A nossa equipe foi convidada para vivenciar essa experi\u00eancia e conseguir visualizar e entender um pouco desse universo. A sala pode ser acessada de duas formas, atrav\u00e9s de \u00f3culos de realidade virtual que proporciona uma mobilidade maior e mais realidade para os avatares dos participantes, ou atrav\u00e9s de um link disponibilizado pela empresa em que se pode criar um avatar, podendo se comunicar por \u00e1udio e se locomover atrav\u00e9s de alguns comandos na tela como: sentar, levantar e mover a cabe\u00e7a, que s\u00e3o os principais.<\/p>\n\n\n\n<p><br>O empres\u00e1rio Alder Lima, Ceo da startup conta que inicialmente a empresa criava projetos em realidade virtual, mas ainda n\u00e3o estava inserida na plataforma do metaverso. \u201cHoje j\u00e1 estamos atuando nas nossas reuni\u00f5es com os nossos clientes, a gente j\u00e1 est\u00e1 trabalhando dentro da plataforma do pr\u00f3prio metaverso, onde podemos interagir com as pessoas, como eu estou olhando para voc\u00ea, gesticulando como estou fazendo agora.\u201d<\/p>\n\n\n\n<p><br>A empresa ganhou tanto destaque que foi selecionada para participar da primeira edi\u00e7\u00e3o brasileira da Confer\u00eancia de Tecnologia e Inova\u00e7\u00e3o Web Summint, que ocorreu em maio deste ano, na cidade do Rio de Janeiro. Mariana Tavares, Diretora de Marketing e Head de Inova\u00e7\u00e3o da empresa conta que foram v\u00e1rias etapas todas elas foram tratadas em ingl\u00eas pois \u00e9 um evento internacional, a empresa teve seu pr\u00f3prio estande e conheceu v\u00e1rios investidores, mas o que foi mais gratificante foi poder levar a representatividade do estado em algo t\u00e3o grandioso. \u201cfizeram uma curadoria de Startup com alto n\u00edvel no quesito inova\u00e7\u00e3o e tecnologia e n\u00f3s fomos selecionados, foram reuni\u00f5es tudo em ingl\u00eas, \u00e9 tudo internacional esse evento, fico muito feliz, \u00e9 um Startup Acreana, a gente leva a bandeira do Acre e a nossa ficha ainda n\u00e3o caiu&#8221;, explica Tavares.<br><\/p>\n\n\n\n<p>O Analista de mercado e inova\u00e7\u00e3o do Sebrae Acre Jorge Mazer conta que aqui no estado ainda \u00e9 algo novo, e at\u00e9 o momento nenhum startup teria procurado a institui\u00e7\u00e3o para consultoria sobre o assunto, e adianta que usar nessa tecnologia n\u00e3o \u00e9 t\u00e3o barato assim, pois o interessado precisa adquirir um terreno em alguma plataforma para poder montar o seu pr\u00f3prio espa\u00e7o dentro da realidade virtual.<\/p>\n\n\n\n<p><br>Segundo Mazer o papel do Sebrae nesse meio \u201c\u00c9 orientar e explicar o que s\u00e3o as plataformas, hoje j\u00e1 existe no mundo duas plataformas de metaverso que a \u00e9 a Manager e a Sendy, como \u00e9 que elas trabalham, o que elas s\u00e3o, na verdade, como a gente compra, quanto que a gente paga por um terreno, por exemplo, dentro dessas plataformas\u201d.<\/p>\n\n\n\n<p><strong>METAVERSO, O QUE \u00c9?<\/strong><\/p>\n\n\n\n<figure class=\"wp-block-image size-large\"><img data-recalc-dims=\"1\" decoding=\"async\" width=\"740\" height=\"493\" src=\"https:\/\/i0.wp.com\/acatraia.ufac.br\/wp-content\/uploads\/2023\/08\/IMG-20230727-WA0032-1.jpg?resize=740%2C493&#038;ssl=1\" alt=\"\" class=\"wp-image-3286\" srcset=\"https:\/\/i0.wp.com\/acatraia.ufac.br\/wp-content\/uploads\/2023\/08\/IMG-20230727-WA0032-1.jpg?w=800&amp;ssl=1 800w, https:\/\/i0.wp.com\/acatraia.ufac.br\/wp-content\/uploads\/2023\/08\/IMG-20230727-WA0032-1.jpg?resize=300%2C200&amp;ssl=1 300w, https:\/\/i0.wp.com\/acatraia.ufac.br\/wp-content\/uploads\/2023\/08\/IMG-20230727-WA0032-1.jpg?resize=768%2C512&amp;ssl=1 768w\" sizes=\"(max-width: 740px) 100vw, 740px\" \/><figcaption>Mundo metaverso. Fonte: Internet.<\/figcaption><\/figure>\n\n\n\n<p>O termo surgiu em 1992 no romance de fic\u00e7\u00e3o cient\u00edfica, \u201cSnow Crash\u201d, escrito por Neal Stephenson, mas para voc\u00ea tentar visualizar o conceito, s\u00f3 lembrar do filme Matrix, ou dos Avatares que usamos nas redes sociais. De fato, a ideia do metaverso \u00e9 a cria\u00e7\u00e3o de um mundo digital acess\u00edvel, onde as pessoas possam trabalhar, estudar, socializar e se divertir, de um jeito em que elas realmente sintam que est\u00e3o dentro desse lugar e n\u00e3o somente participando de um jogo.<\/p>\n\n\n\n<p><br>Essa tecnologia ficou t\u00e3o abrangente que se tornou uma alternativa para diversos ramos n\u00e3o s\u00f3 empresarial como citamos inicialmente, mas para a educa\u00e7\u00e3o, sa\u00fade, lazer entre outros. Apesar de ainda ser algo que parece tomar forma, j\u00e1 se configura como uma grande promessa para o mundo da tecnologia.<\/p>\n","protected":false},"excerpt":{"rendered":"<p>Tecnologia de realidade virtual impulsiona setor empresarial no Estado do Acre.<\/p>\n","protected":false},"author":24,"featured_media":3225,"comment_status":"open","ping_status":"open","sticky":false,"template":"","format":"standard","meta":{"_jetpack_memberships_contains_paid_content":false,"footnotes":"","jetpack_publicize_message":"","jetpack_publicize_feature_enabled":true,"jetpack_social_post_already_shared":true,"jetpack_social_options":{"image_generator_settings":{"template":"highway","default_image_id":0,"enabled":false},"version":2}},"categories":[3],"tags":[8],"coauthors":[],"class_list":["post-3199","post","type-post","status-publish","format-standard","has-post-thumbnail","hentry","category-corriqueiras","tag-destaque"],"jetpack_publicize_connections":[],"jetpack_featured_media_url":"https:\/\/i0.wp.com\/acatraia.ufac.br\/wp-content\/uploads\/2023\/08\/IMG-20230727-WA0033.jpg?fit=1365%2C768&ssl=1","jetpack_sharing_enabled":true,"amp_enabled":true,"_links":{"self":[{"href":"https:\/\/acatraia.ufac.br\/index.php?rest_route=\/wp\/v2\/posts\/3199","targetHints":{"allow":["GET"]}}],"collection":[{"href":"https:\/\/acatraia.ufac.br\/index.php?rest_route=\/wp\/v2\/posts"}],"about":[{"href":"https:\/\/acatraia.ufac.br\/index.php?rest_route=\/wp\/v2\/types\/post"}],"author":[{"embeddable":true,"href":"https:\/\/acatraia.ufac.br\/index.php?rest_route=\/wp\/v2\/users\/24"}],"replies":[{"embeddable":true,"href":"https:\/\/acatraia.ufac.br\/index.php?rest_route=%2Fwp%2Fv2%2Fcomments&post=3199"}],"version-history":[{"count":6,"href":"https:\/\/acatraia.ufac.br\/index.php?rest_route=\/wp\/v2\/posts\/3199\/revisions"}],"predecessor-version":[{"id":3355,"href":"https:\/\/acatraia.ufac.br\/index.php?rest_route=\/wp\/v2\/posts\/3199\/revisions\/3355"}],"wp:featuredmedia":[{"embeddable":true,"href":"https:\/\/acatraia.ufac.br\/index.php?rest_route=\/wp\/v2\/media\/3225"}],"wp:attachment":[{"href":"https:\/\/acatraia.ufac.br\/index.php?rest_route=%2Fwp%2Fv2%2Fmedia&parent=3199"}],"wp:term":[{"taxonomy":"category","embeddable":true,"href":"https:\/\/acatraia.ufac.br\/index.php?rest_route=%2Fwp%2Fv2%2Fcategories&post=3199"},{"taxonomy":"post_tag","embeddable":true,"href":"https:\/\/acatraia.ufac.br\/index.php?rest_route=%2Fwp%2Fv2%2Ftags&post=3199"},{"taxonomy":"author","embeddable":true,"href":"https:\/\/acatraia.ufac.br\/index.php?rest_route=%2Fwp%2Fv2%2Fcoauthors&post=3199"}],"curies":[{"name":"wp","href":"https:\/\/api.w.org\/{rel}","templated":true}]}}