{"id":2519,"date":"2022-07-06T08:15:00","date_gmt":"2022-07-06T13:15:00","guid":{"rendered":"https:\/\/acatraia.ufac.br\/?p=2519"},"modified":"2022-07-01T17:45:53","modified_gmt":"2022-07-01T22:45:53","slug":"relacoes-humanas-no-cenario-atual-da-pandemia","status":"publish","type":"post","link":"https:\/\/acatraia.ufac.br\/?p=2519","title":{"rendered":"Rela\u00e7\u00f5es humanas no cen\u00e1rio atual da pandemia"},"content":{"rendered":"\n<p><strong>Por Vit\u00f3ria Guimar\u00e3es<\/strong><\/p>\n\n\n\n<p><\/p>\n\n\n\n<figure class=\"wp-block-image\"><img decoding=\"async\" src=\"https:\/\/lh4.googleusercontent.com\/_VlArUqHBUa341CU7sMn9tmYKNr755JFc5TX5pjn7tKlhWvK3qtPQcezTNPbTUeNjXXjP4sn6uc6ed9KNclpyQGz_l7XIN2EqLiZEhpWxgTxDrO1IlHUCyxlltaJTV2C687wK3uN0SEJZwhB5A\" alt=\"Estudo descreve a personalidade de quem se recusa a usar m\u00e1scaras | CNN  Brasil\"\/><figcaption><em>Figura 1 Reprodu\u00e7\u00e3o:CNN Brasil<\/em><\/figcaption><\/figure>\n\n\n\n<p>Afinal, o per\u00edodo p\u00f3s pandemia continua mudando os relacionamentos humanos? O distanciamento e o uso de m\u00e1scaras, de alguma forma, prejudicam esse contato, que antes era feito de forma espont\u00e2nea e natural? Para Matheus Trisch, com m\u00e1scaras&nbsp; \u201cn\u00e3o d\u00e1 nem pra ver a fisionomia, ent\u00e3o, de certo modo, afasta um pouco as pessoas.\u201d Mas nem todo mundo concorda\u2026 \u201cN\u00e3o mudou nada, as pessoas s\u00f3 querem a normalidade novamente, mesmo que n\u00e3o seja poss\u00edvel, afinal, o v\u00edrus n\u00e3o vai parar de existir\u201d, diz Gabrielle Silva, de 22 anos, estudante de Educa\u00e7\u00e3o F\u00edsica.&nbsp;<\/p>\n\n\n\n<p>A pandemia do Covid-19 est\u00e1 completando dois anos e meio e, apesar de atualmente cerca de 80% da popula\u00e7\u00e3o brasileira estar vacinada com doses completas, as mudan\u00e7as nos h\u00e1bitos sociais est\u00e3o sendo retomadas aos poucos. Diversas \u00e1reas foram prejudicadas devido aos cuidados de distanciamento social, da educa\u00e7\u00e3o ao com\u00e9rcio, individual e coletivamente. Do in\u00edcio da pandemia at\u00e9 o final de mar\u00e7o do ano passado, o \u00edndice de isolamento social no Brasil variou de 31% a 62%. E, com o aumento recente de casos, para algumas pessoas o isolamento ainda \u00e9 uma realidade.&nbsp;<\/p>\n\n\n\n<p>Matheus Trisch, de 26 anos, \u00e9 morador da Cidade de S\u00e3o Leopoldo (RS) e conta que sentiu a diferen\u00e7a nos relacionamentos ap\u00f3s o per\u00edodo de isolamento. O T\u00e9cnico em Tecnologia explica que ainda percebe as mudan\u00e7as de comportamento presentes: \u201cEu sempre me cuidei direitinho, tive muito medo de passar a doen\u00e7a pra minha fam\u00edlia, meus av\u00f3s tem mais de 80 anos, ent\u00e3o levei muito a s\u00e9rio. No come\u00e7o da pandemia, 90% do contato com as outras pessoas foram cortados, ent\u00e3o, de certa forma, n\u00e3o podia abra\u00e7ar, n\u00e3o podia falar com ningu\u00e9m perto, e apesar de tudo ter \u201cacabado\u201d, ainda acho que d\u00e1 pra ver as mudan\u00e7as. N\u00e3o me sinto seguro falando com desconhecidos ou andando sem m\u00e1scara.\u201d&nbsp;<\/p>\n\n\n\n<p><strong>USO DAS M\u00c1SCARAS&nbsp;<\/strong><\/p>\n\n\n\n<figure class=\"wp-block-image\"><img decoding=\"async\" src=\"https:\/\/lh4.googleusercontent.com\/HJxFjHAU-X3jK5k7oZZ-yra-hVV32JTrt5-Ygdyklmxg5-Zb-rdtI1N17eD_Vj8gOLjHJzs-jUv4edJ9Ur9r_jFMRkaXGNWNaEJBjrO472X8uk6Pfh1ngOPm7cQQgjknK_yz_zNj8cxZ__8r-A\" alt=\"https:\/\/uploads.onsize.com.br\/cndl\/varejosa\/2020\/07\/23084848\/Banner-varejo-Quadrinho-mascara.jpg\"\/><figcaption><em>Figura 2 Dificuldade em entender a fal<\/em>a<\/figcaption><\/figure>\n\n\n\n<p>O ato de se comunicar \u00e9 extremamente importante desde os prim\u00f3rdios das civiliza\u00e7\u00f5es e n\u00e3o se manifesta apenas na fala, mas tamb\u00e9m em gestos, express\u00f5es faciais e movimenta\u00e7\u00f5es. De acordo com o Psic\u00f3logo Felipe Caro, o uso das m\u00e1scaras trouxe malef\u00edcios e benef\u00edcios. E aponta que para uma parcela das pessoas, a m\u00e1scara at\u00e9 facilitou os aspectos interpessoais.&nbsp;<\/p>\n\n\n\n<p>Para as pessoas que t\u00eam fobias, dificuldade&nbsp; de sair de casa ou de se expor em p\u00fablico, a sensa\u00e7\u00e3o de seguran\u00e7a dada pela m\u00e1scara foi ben\u00e9fica para quem precisou sair para trabalho\/estudo, encontros ou anivers\u00e1rios. E quando em casa confinados, muitos conseguiram ter mais abertura para conversar com amigos remotamente.<\/p>\n\n\n\n<p>Por outro lado, o uso da m\u00e1scara dificulta o reconhecimento de pessoas, a leitura labial, causando s\u00e9rias dificuldades para os deficientes auditivos. Outra dificuldade est\u00e1 em as pessoas n\u00e3o conseguirem demonstrar suas emo\u00e7\u00f5es naquele momento tais como tristeza ou alegria.&nbsp;<\/p>\n\n\n\n<p><strong>RELACIONAMENTOS AMOROSOS<\/strong><\/p>\n\n\n\n<p>Os relacionamentos foram muito afetados pelo isolamento social. V\u00e1rios casais se separaram em meio \u00e0 pandemia. Segundo levantamento da Academia Notarial Brasileira&nbsp; (ANB), o n\u00famero de div\u00f3rcios no segundo semestre de 2020 aumentou 15% em rela\u00e7\u00e3o ao mesmo per\u00edodo de 2019. O estresse psicol\u00f3gico da pandemia e a conviv\u00eancia constante em casa criaram conflitos, levando ao fim de relacionamentos.<\/p>\n\n\n\n<p>Em contrapartida, o per\u00edodo em casa conectou pela Internet diversas pessoas e relacionamentos \u00e0 dist\u00e2ncia ficaram bastante populares. Alguns relatos s\u00e3o vistos pelas redes sociais. Esse \u00e9 mais um exemplo de como a pandemia afetou os relacionamentos humanos, de forma boa ou ruim.&nbsp;<\/p>\n\n\n\n<p><strong>DESOBRIGA\u00c7\u00c3O DO USO DE M\u00c1SCARAS<\/strong><\/p>\n\n\n\n<figure class=\"wp-block-image\"><img decoding=\"async\" src=\"https:\/\/lh3.googleusercontent.com\/KpyLzgZggDDc5EKjNn1yvj7Xw8jSE50WnU6GOXxZYmOHQpLZqwOOXYGukACwzxhyiAuyt037Mq8S-IViHPVZPx7tV-ygllwDLTYHPAqejJ6Gq3Rxxo0nCjYZTXGNGzTTte87zz0RsH7WqWzikg\" alt=\"Sem m\u00e1scaras, 200 alunos de Medicina fazem festa na Argentina - Not\u00edcias -  R7 Internacional\"\/><\/figure>\n\n\n\n<p>O Governo do Estado do Acre decretou em abril a desobriga\u00e7\u00e3o do uso de m\u00e1scaras tamb\u00e9m em locais fechados. O decreto continua para as \u00e1reas de sa\u00fade e transportes coletivos. Na Ufac, o Conselho Universit\u00e1rio manteve o uso de m\u00e1scaras.<\/p>\n\n\n\n<p>Com essa declara\u00e7\u00e3o, a popula\u00e7\u00e3o acreana poder\u00e1 transitar livremente sem o uso de m\u00e1scaras. O Acre n\u00e3o \u00e9 o primeiro estado a autorizar a libera\u00e7\u00e3o das m\u00e1scaras, diversas cidades no pa\u00eds aderiram \u00e0 medida.&nbsp;<\/p>\n\n\n\n<p>Muitas pessoas relatam que n\u00e3o sentiram grande diferen\u00e7a ou dificuldades nas rela\u00e7\u00f5es humanas ap\u00f3s o per\u00edodo de isolamento. Com a desobriga\u00e7\u00e3o do uso de m\u00e1scaras, essa percep\u00e7\u00e3o tende a aumentar. Apesar da pandemia ter colaborado de forma significativa para o distanciamento das pessoas e uso de m\u00e1scaras, al\u00e9m do medo de contrair a doen\u00e7a afastarem elas, o per\u00edodo atual tem sido positivo para as pessoas, que voltam a se relacionar no novo normal.<\/p>\n","protected":false},"excerpt":{"rendered":"<p>Por Vit\u00f3ria Guimar\u00e3es Afinal, o per\u00edodo p\u00f3s pandemia continua mudando os relacionamentos humanos? O distanciamento e o uso de m\u00e1scaras, de alguma forma, prejudicam esse contato, que antes era feito de forma espont\u00e2nea e natural? Para Matheus Trisch, com m\u00e1scaras&nbsp; \u201cn\u00e3o d\u00e1 nem pra ver a fisionomia, ent\u00e3o, de certo modo, afasta um pouco as [&hellip;]<\/p>\n","protected":false},"author":24,"featured_media":2520,"comment_status":"open","ping_status":"open","sticky":false,"template":"","format":"standard","meta":{"_jetpack_memberships_contains_paid_content":false,"footnotes":"","jetpack_publicize_message":"","jetpack_publicize_feature_enabled":true,"jetpack_social_post_already_shared":true,"jetpack_social_options":{"image_generator_settings":{"template":"highway","default_image_id":0,"enabled":false},"version":2}},"categories":[3],"tags":[8,111,109,30,110],"coauthors":[],"class_list":["post-2519","post","type-post","status-publish","format-standard","has-post-thumbnail","hentry","category-corriqueiras","tag-destaque","tag-dia-a-dia","tag-mascaras","tag-pandemia","tag-rotina"],"jetpack_publicize_connections":[],"jetpack_featured_media_url":"https:\/\/i0.wp.com\/acatraia.ufac.br\/wp-content\/uploads\/2022\/06\/Pandemia-1.jpg?fit=876%2C484&ssl=1","jetpack_sharing_enabled":true,"amp_enabled":true,"_links":{"self":[{"href":"https:\/\/acatraia.ufac.br\/index.php?rest_route=\/wp\/v2\/posts\/2519","targetHints":{"allow":["GET"]}}],"collection":[{"href":"https:\/\/acatraia.ufac.br\/index.php?rest_route=\/wp\/v2\/posts"}],"about":[{"href":"https:\/\/acatraia.ufac.br\/index.php?rest_route=\/wp\/v2\/types\/post"}],"author":[{"embeddable":true,"href":"https:\/\/acatraia.ufac.br\/index.php?rest_route=\/wp\/v2\/users\/24"}],"replies":[{"embeddable":true,"href":"https:\/\/acatraia.ufac.br\/index.php?rest_route=%2Fwp%2Fv2%2Fcomments&post=2519"}],"version-history":[{"count":2,"href":"https:\/\/acatraia.ufac.br\/index.php?rest_route=\/wp\/v2\/posts\/2519\/revisions"}],"predecessor-version":[{"id":2586,"href":"https:\/\/acatraia.ufac.br\/index.php?rest_route=\/wp\/v2\/posts\/2519\/revisions\/2586"}],"wp:featuredmedia":[{"embeddable":true,"href":"https:\/\/acatraia.ufac.br\/index.php?rest_route=\/wp\/v2\/media\/2520"}],"wp:attachment":[{"href":"https:\/\/acatraia.ufac.br\/index.php?rest_route=%2Fwp%2Fv2%2Fmedia&parent=2519"}],"wp:term":[{"taxonomy":"category","embeddable":true,"href":"https:\/\/acatraia.ufac.br\/index.php?rest_route=%2Fwp%2Fv2%2Fcategories&post=2519"},{"taxonomy":"post_tag","embeddable":true,"href":"https:\/\/acatraia.ufac.br\/index.php?rest_route=%2Fwp%2Fv2%2Ftags&post=2519"},{"taxonomy":"author","embeddable":true,"href":"https:\/\/acatraia.ufac.br\/index.php?rest_route=%2Fwp%2Fv2%2Fcoauthors&post=2519"}],"curies":[{"name":"wp","href":"https:\/\/api.w.org\/{rel}","templated":true}]}}