{"id":2513,"date":"2022-07-04T08:10:00","date_gmt":"2022-07-04T13:10:00","guid":{"rendered":"https:\/\/acatraia.ufac.br\/?p=2513"},"modified":"2022-07-01T18:07:27","modified_gmt":"2022-07-01T23:07:27","slug":"acre-e-o-5o-estado-do-pais-com-mais-desempregados","status":"publish","type":"post","link":"https:\/\/acatraia.ufac.br\/?p=2513","title":{"rendered":"Acre \u00e9 o 5\u00ba estado do pa\u00eds com mais desempregados"},"content":{"rendered":"\n<p><strong>Por <strong>Ad\u00e9lia Galdino, Gisele Almeida e Milena Queiroz<\/strong><\/strong><\/p>\n\n\n\n<p class=\"has-text-align-center\"><em>Segundo pesquisa do IBGE, a taxa chegou a 14,8%, e cerca de 56 mil pessoas est\u00e3o buscando trabalho<\/em><br><\/p>\n\n\n\n<div class=\"wp-block-image\"><figure class=\"aligncenter\"><img decoding=\"async\" src=\"https:\/\/lh3.googleusercontent.com\/XMoufDAEpYDgoABz7dam08bcxbhC8hpamZBzcL1XIZjIUE7sOAYaRC88nc88SAiqva1T_E1K1liE9oHjAgpTgf8eFZ3UrRL0swQLPvORtgYZ_oDB1sCOWVpU2MG0RkS3KJQS51hYIh2_rUTedQ\" alt=\"\"\/><figcaption>Foto: Gisele Almeida<\/figcaption><\/figure><\/div>\n\n\n\n<p class=\"has-text-align-justify\">Os dados divulgados da Pesquisa Nacional por Amostra de Domic\u00edlios Cont\u00ednua &#8211; PNAD,&nbsp; mostra que a taxa de desemprego do primeiro trimestre do ano de 2022 teve alta&nbsp; de 1,6%, em rela\u00e7\u00e3o ao ultimo per\u00edodo de 2021 (de outubro a dezembro), chegando a 14,8% da popula\u00e7\u00e3o do Acre. Em rela\u00e7\u00e3o ao mesmo per\u00edodo do ano anterior, o aumento foi maior, chegando a marca de 3,2%. Enquanto isso, a m\u00e9dia nacional chegou a 11,7%, com o estado do Acre se tornando o 5\u00ba estado do pa\u00eds com a maior taxa de desemprego, ficando atr\u00e1s apenas da Bahia, Pernambuco, Rio de Janeiro e Sergipe.&nbsp;&nbsp;<\/p>\n\n\n\n<p class=\"has-text-align-justify\">A PNAD \u00e9 realizada em todo o Territ\u00f3rio Nacional desde sua implanta\u00e7\u00e3o em 2012, a pesquisa vem ampliando, gradualmente, os indicadores investigados e divulgados. Contudo, vale salientar que ela n\u00e3o informa os motivos que levaram o Acre a ser o quinto estado com a maior taxa de desemprego.&nbsp;<\/p>\n\n\n\n<p class=\"has-text-align-justify\">\u201cA pesquisa nos informa os indicadores e n\u00e3o as causas dos mesmos. Atrav\u00e9s de uma amostra visa produzir indicadores para acompanhar estas flutua\u00e7\u00f5es trimestrais e a evolu\u00e7\u00e3o, a m\u00e9dio e longo prazos, da for\u00e7a de trabalho e outras informa\u00e7\u00f5es necess\u00e1rias para o estudo e desenvolvimento socioecon\u00f4mico do Pa\u00eds. Portanto somente divulgamos como est\u00e1 o cen\u00e1rio atual e atrav\u00e9s de uma s\u00e9rie hist\u00f3rica podemos acompanhar as flutua\u00e7\u00f5es nos n\u00fameros divulgados, ficando a cargo de outros setores da sociedade analisar as causas dos referidos \u00edndices divulgados\u201d, explica o Gilvan Ferreira da J\u00fanior, Coordenador Estadual da Pnad Cont\u00ednua no Acre.&nbsp;<\/p>\n\n\n\n<p class=\"has-text-align-justify\">Frente aos dados apresentados, \u00e9 poss\u00edvel identificar diversos perfis de pessoas desempregadas, tanto antes da pandemia quanto depois, ou at\u00e9 mesmo pessoas que garantem um diploma e mesmo assim sentem dificuldades para arranjar um emprego<\/p>\n\n\n\n<p class=\"has-text-align-justify\"> Este \u00e9 o caso de Jamile Souza, 26 anos, formada em Arquitetura desde 2021, at\u00e9 o momento desempregada. Ela garante que o mercado de trabalho est\u00e1 cada vez mais dif\u00edcil, pois exigem muito dos rec\u00e9m formados e n\u00e3o d\u00e3o oportunidades para os que n\u00e3o tem experi\u00eancia na \u00e1rea. \u201cOs escrit\u00f3rios de arquitetura exigem muito dos formandos, coisas que n\u00e3o vimos na faculdade e que n\u00e3o temos experi\u00eancias\u201d. \u201d<\/p>\n\n\n\n<p class=\"has-text-align-justify\">O economista Carlos Franco, explica que a situa\u00e7\u00e3o do desemprego n\u00e3o \u00e9 apenas no estado do Acre, mas sim algo que atinge todo o Brasil antes mesmo da pandemia. \u201cA quest\u00e3o \u00e9 que a pandemia agravou o problema que j\u00e1 vinha acontecendo h\u00e1 muito tempo. O estado do Acre especificamente \u00e9 mais afetado porque \u00e9 uma economia muito fr\u00e1gil, que depende essencialmente do emprego p\u00fablico e do gasto p\u00fablico. N\u00f3s n\u00e3o temos grandes setores privados que dinamizam a economia. Ent\u00e3o a gente fica dependente principalmente de transfer\u00eancias do governo federal, de investimentos de gasto p\u00fablico do Governo Federal para ter uma melhoria no quadro do emprego no Acre. Ent\u00e3o, o problema \u00e9 nacional, mas essa fragilidade da economia do Acre \u00e9 que faz com que ele tenha um desempenho pior do que a maioria dos outros estados\u201d, explica o especialista.&nbsp;<\/p>\n\n\n\n<p class=\"has-text-align-justify\">Apesar dele ter afirmado que a pandemia complicou mais a situa\u00e7\u00e3o de desemprego, o economista reitera que esse problema j\u00e1 existia h\u00e1 muito tempo. \u201cAntes de 2019 n\u00f3s j\u00e1 t\u00ednhamos um quadro de um n\u00edvel muito alto. N\u00f3s t\u00ednhamos em torno de 11% da popula\u00e7\u00e3o economicamente ativa desempregada antes da pandemia. Esse \u00edndice subiu para um pouco a mais de 13%. Ent\u00e3o a pandemia contribuiu com mais ou menos 2% no aumento do \u00edndice de desemprego do pa\u00eds inteiro\u201d, ressalta Franco.&nbsp;<\/p>\n\n\n\n<p><strong>Desemprego p\u00f3s-pandemia<\/strong><\/p>\n\n\n\n<p class=\"has-text-align-justify\">O Estado do Acre j\u00e1 est\u00e1 voltando  normalidade, com os costumes de antes da pandemia, com o uso das m\u00e1scaras deixando de ser obrigat\u00f3rios em locais abertos e fechados, com exce\u00e7\u00e3o dos hospitais e meios de transportes com passageiros, onde o uso permanece obrigat\u00f3rio. Mas o desemprego n\u00e3o mostrou a evolu\u00e7\u00e3o esperada, apesar da pequena melhora projetada pelo economista Carlos Franco<\/p>\n\n\n\n<p class=\"has-text-align-justify\">\u201cEu acredito que o p\u00f3s-pandemia deve melhorar um pouco, mas a quest\u00e3o \u00e9 que n\u00f3s temos problemas estruturais e conjunturais na economia brasileira que precisam ser resolvidos para aumentar e assim melhorar essa situa\u00e7\u00e3o. Ent\u00e3o n\u00f3s temos o \u00edndice de infla\u00e7\u00e3o muito alto, e um desequil\u00edbrio nas contas p\u00fablicas tanto do Governo Federal quanto do governo estadual\u201d, explica o economista.&nbsp;<\/p>\n\n\n\n<p class=\"has-text-align-justify\">De acordo com as informa\u00e7\u00f5es de Franco, mudar esse cen\u00e1rio no Acre \u00e9 um caminho muito longo e complexo, pois existe uma economia privada muito fr\u00e1gil. Dessa forma, o local depende do que o governo e a prefeitura injetam na economia interna do estado, e que tenham dinheiro para injetar, fazendo com que o quadro de desemprego possa melhorar. Al\u00e9m disso, ele tamb\u00e9m cita outras a\u00e7\u00f5es que s\u00e3o necess\u00e1rias para que essa situa\u00e7\u00e3o possa ser amenizada.&nbsp;<\/p>\n\n\n\n<p class=\"has-text-align-justify\">\u201dN\u00f3s precisamos de pol\u00edticas p\u00fablicas que fa\u00e7am com que o setor privado aumente a capacidade de ofertar emprego, pois n\u00e3o temos nenhuma atividade econ\u00f4mica que dinamize a nossa economia. Ent\u00e3o a tend\u00eancia \u00e9 que esse perfil econ\u00f4mico do estado do Acre ainda perdure por um bom tempo, pois \u00e9 necess\u00e1rio ter pol\u00edticas de estado, de m\u00e9dio e longo prazo. Em quatro anos nenhum governo conseguiu mudar esse quadro no estado do Acre, que \u00e9 a depend\u00eancia do setor p\u00fablico. A cada R$100,00 que circula no Acre,&nbsp; aproximadamente, R$70,00 \u00e9 dinheiro provindo de transfer\u00eancias do governo\u201d, concluiu Carlos Franco.&nbsp;<\/p>\n\n\n\n<p class=\"has-text-align-justify\">A pandemia agravou a situa\u00e7\u00e3o, quando pessoas com trabalho fixo foram demitidas, como \u00e9 o caso da Janaina Barroso Cardozo, 25 anos, prestadora de servi\u00e7os. Ela perdeu o emprego durante a pandemia, com a justificativa de corte de gastos, e desde ent\u00e3o n\u00e3o conseguiu outro. \u201cA dificuldade para encontrar um trabalho \u00e9 devido \u00e0s exig\u00eancias das empresas que querem que fa\u00e7amos in\u00fameras coisas rapidamente e em menos tempo\u201d, diz ela. <\/p>\n\n\n\n<p class=\"has-text-align-justify\">Janaina afirma tentar se qualificar em \u00e1reas distintas, tentando assim uma melhor oportunidade de emprego, mas como precisa ajudar nas despesas de casa, os estudos e qualifica\u00e7\u00f5es se tornam dif\u00edceis. Ela precisa realizar \u201cbicos\u201d para conseguir auxiliar sua m\u00e3e.<\/p>\n\n\n\n<p>Janaina se encontra numa situa\u00e7\u00e3o dif\u00edcil, pois precisa ajudar nas despesas de casa, e n\u00e3o tem experi\u00eancias nas \u00e1reas dos cursos que conseguiu terminar.&nbsp; \u201cTamb\u00e9m querem que eu tenha experi\u00eancia quando procuro em outras \u00e1reas relacionadas ao que estudei\u201d.<\/p>\n\n\n\n<p>O coordenador da pesquisa informa que, por ser&nbsp; algo cont\u00ednuo, ainda tem mais duas pesquisas a serem divulgadas neste ano de 2022 sobre os dados de desemprego no Acre. \u201cA pesquisa \u00e9 cont\u00ednua, portanto sua coleta abrange todos os meses do ano, com divulga\u00e7\u00e3o a n\u00edvel nacional todos os meses e a n\u00edvel regional, estadual e municipal a cada tr\u00eas meses. A PNAD segue um calend\u00e1rio pr\u00e9-definido que especifica os per\u00edodos de coleta e divulga\u00e7\u00e3o, tendo, neste ano, mais duas divulga\u00e7\u00f5es trimestrais previstas, uma em agosto e a seguinte em novembro\u201d.&nbsp;<\/p>\n","protected":false},"excerpt":{"rendered":"<p>Por Ad\u00e9lia Galdino, Gisele Almeida e Milena Queiroz Segundo pesquisa do IBGE, a taxa chegou a 14,8%, e cerca de 56 mil pessoas est\u00e3o buscando trabalho Os dados divulgados da Pesquisa Nacional por Amostra de Domic\u00edlios Cont\u00ednua &#8211; PNAD,&nbsp; mostra que a taxa de desemprego do primeiro trimestre do ano de 2022 teve alta&nbsp; de [&hellip;]<\/p>\n","protected":false},"author":24,"featured_media":2518,"comment_status":"open","ping_status":"open","sticky":false,"template":"","format":"standard","meta":{"_jetpack_memberships_contains_paid_content":false,"footnotes":"","jetpack_publicize_message":"","jetpack_publicize_feature_enabled":true,"jetpack_social_post_already_shared":true,"jetpack_social_options":{"image_generator_settings":{"template":"highway","default_image_id":0,"enabled":false},"version":2}},"categories":[3],"tags":[40,107,8,108],"coauthors":[],"class_list":["post-2513","post","type-post","status-publish","format-standard","has-post-thumbnail","hentry","category-corriqueiras","tag-acre","tag-desemprego","tag-destaque","tag-pos-pandemia"],"jetpack_publicize_connections":[],"jetpack_featured_media_url":"https:\/\/i0.wp.com\/acatraia.ufac.br\/wp-content\/uploads\/2022\/06\/Desemprego-1-960x600-1.jpg?fit=960%2C600&ssl=1","jetpack_sharing_enabled":true,"amp_enabled":true,"_links":{"self":[{"href":"https:\/\/acatraia.ufac.br\/index.php?rest_route=\/wp\/v2\/posts\/2513","targetHints":{"allow":["GET"]}}],"collection":[{"href":"https:\/\/acatraia.ufac.br\/index.php?rest_route=\/wp\/v2\/posts"}],"about":[{"href":"https:\/\/acatraia.ufac.br\/index.php?rest_route=\/wp\/v2\/types\/post"}],"author":[{"embeddable":true,"href":"https:\/\/acatraia.ufac.br\/index.php?rest_route=\/wp\/v2\/users\/24"}],"replies":[{"embeddable":true,"href":"https:\/\/acatraia.ufac.br\/index.php?rest_route=%2Fwp%2Fv2%2Fcomments&post=2513"}],"version-history":[{"count":5,"href":"https:\/\/acatraia.ufac.br\/index.php?rest_route=\/wp\/v2\/posts\/2513\/revisions"}],"predecessor-version":[{"id":2592,"href":"https:\/\/acatraia.ufac.br\/index.php?rest_route=\/wp\/v2\/posts\/2513\/revisions\/2592"}],"wp:featuredmedia":[{"embeddable":true,"href":"https:\/\/acatraia.ufac.br\/index.php?rest_route=\/wp\/v2\/media\/2518"}],"wp:attachment":[{"href":"https:\/\/acatraia.ufac.br\/index.php?rest_route=%2Fwp%2Fv2%2Fmedia&parent=2513"}],"wp:term":[{"taxonomy":"category","embeddable":true,"href":"https:\/\/acatraia.ufac.br\/index.php?rest_route=%2Fwp%2Fv2%2Fcategories&post=2513"},{"taxonomy":"post_tag","embeddable":true,"href":"https:\/\/acatraia.ufac.br\/index.php?rest_route=%2Fwp%2Fv2%2Ftags&post=2513"},{"taxonomy":"author","embeddable":true,"href":"https:\/\/acatraia.ufac.br\/index.php?rest_route=%2Fwp%2Fv2%2Fcoauthors&post=2513"}],"curies":[{"name":"wp","href":"https:\/\/api.w.org\/{rel}","templated":true}]}}