{"id":2466,"date":"2022-05-29T17:02:44","date_gmt":"2022-05-29T22:02:44","guid":{"rendered":"https:\/\/acatraia.ufac.br\/?p=2466"},"modified":"2022-05-30T14:53:13","modified_gmt":"2022-05-30T19:53:13","slug":"cinemas-protestos-e-farofas-um-panorama-do-festival-de-cinema-de-cannes","status":"publish","type":"post","link":"https:\/\/acatraia.ufac.br\/?p=2466","title":{"rendered":"Cinemas, protestos e farofas: um panorama do Festival de Cinema de Cannes"},"content":{"rendered":"\n<p>Na 75<sup>a<\/sup> edi\u00e7\u00e3o, o grande vencedor da Palma de Ouro foi a com\u00e9dia sueca <em>Triangle of Sadness<\/em><\/p>\n\n\n\n<div class=\"wp-block-group\"><div class=\"wp-block-group__inner-container is-layout-flow wp-block-group-is-layout-flow\">\n<div class=\"wp-block-group\"><div class=\"wp-block-group__inner-container is-layout-flow wp-block-group-is-layout-flow\">\n<p class=\"has-text-align-left\" style=\"font-size:15px\"><strong> por Aldeir Oliveira e Miguel Fran\u00e7a<\/strong><\/p>\n<\/div><\/div>\n<\/div><\/div>\n\n\n\n<p>O Festival de Cinema de Cannes celebrou sua 75<sup>a<\/sup> edi\u00e7\u00e3o em 2022. Dos dias 17 a 28 de maio, o <em>Palais des Festivals et des Congr\u00e8s<\/em> recebeu profissionais, artistas, celebridades e produtores de conte\u00fado do mundo inteiro. Este ano o festival voltou \u00e0 sua capacidade total de espectadores ap\u00f3s as duas \u00faltimas edi\u00e7\u00f5es terem tido restri\u00e7\u00f5es por conta da pandemia da Covid-19. Com as salas cheias, o j\u00fari e os espectadores puderam prestigiar os 21 filmes que disputaram o pr\u00eamio m\u00e1ximo do festival e comemorar a vit\u00f3ria da Palma de Ouro para a com\u00e9dia sueca <em>Triangle of Sadness<\/em>, do diretor Ruebn Ostlund.<\/p>\n\n\n\n<p>O festival de cinema ocorre anualmente na cidade tur\u00edstica de Cannes, na Riviera Francesa. Ano ap\u00f3s ano, o evento re\u00fane os profissionais mais admirados e respeitados da ind\u00fastria cinematogr\u00e1fica mundial, al\u00e9m de revelar novos artistas a cada edi\u00e7\u00e3o. A ideia do Festival surgiu em 1938, quando o ministro franc\u00eas da Educa\u00e7\u00e3o Nacional, Jean Zay, decidiu criar um festival cinematogr\u00e1fico internacional que fosse contra o vi\u00e9s fascista do Festival de Cinema de Veneza pois, por oito anos, Benito Mussolini e Adolf Hitler anularam a decis\u00e3o do j\u00fari de Veneza e decidiam quais filmes levariam melhor filme e melhor filme de guerra.&nbsp;<\/p>\n\n\n\n<p>Hoje, o Festival de Cannes \u00e9 um dos tr\u00eas grandes festivais de cinema europeus, ao lado do Festival de Cinema de Veneza (It\u00e1lia) e do Festival Internacional de Cinema de Berlim (Alemanha), bem como um dos cinco grandes grandes festivais internacionais de cinema, que consistem nos tr\u00eas grandes festivais de cinema europeus mais o Festival Internacional de Cinema de Toronto, no Canad\u00e1, e o Festival de Cinema de Sundance, nos Estados Unidos.<\/p>\n\n\n\n<figure class=\"wp-block-image size-large is-resized\"><img data-recalc-dims=\"1\" fetchpriority=\"high\" decoding=\"async\" src=\"https:\/\/i0.wp.com\/acatraia.ufac.br\/wp-content\/uploads\/2022\/05\/165374880362923443aae1c_1653748803_3x2_lg.jpg?resize=740%2C493&#038;ssl=1\" alt=\"\" class=\"wp-image-2471\" width=\"740\" height=\"493\" srcset=\"https:\/\/i0.wp.com\/acatraia.ufac.br\/wp-content\/uploads\/2022\/05\/165374880362923443aae1c_1653748803_3x2_lg.jpg?w=1024&amp;ssl=1 1024w, https:\/\/i0.wp.com\/acatraia.ufac.br\/wp-content\/uploads\/2022\/05\/165374880362923443aae1c_1653748803_3x2_lg.jpg?resize=300%2C200&amp;ssl=1 300w, https:\/\/i0.wp.com\/acatraia.ufac.br\/wp-content\/uploads\/2022\/05\/165374880362923443aae1c_1653748803_3x2_lg.jpg?resize=768%2C512&amp;ssl=1 768w\" sizes=\"(max-width: 740px) 100vw, 740px\" \/><figcaption>Palma de Ouro, o principal trof\u00e9u do Festival de Cannes &#8211; Pierre Albouy\/AFP<\/figcaption><\/figure>\n\n\n\n<p>As duas \u00faltimas edi\u00e7\u00f5es do Festival sofreram muito com a Pandemia da Covid-19. Em 2020 o evento foi cancelado e em 2021 foi passado para o m\u00eas de julho, contrariando a tradi\u00e7\u00e3o de realizar o festival em maio. Este ano, Cannes recebeu a todos sem m\u00e1scaras, sem restri\u00e7\u00f5es e com a capacidade total das salas. Mas o que realmente marcou essa 75<sup>a<\/sup> edi\u00e7\u00e3o foi sua imprevisibilidade.<\/p>\n\n\n\n<p>Faltando menos de um m\u00eas para o Festival come\u00e7ar, j\u00e1 haviam sido decididos o <a href=\"https:\/\/www.festival-cannes.com\/en\/infos-communiques\/communique\/articles\/the-official-poster-of-the-75th-festival-de-cannes\">p\u00f4ster oficial<\/a>, o <a href=\"https:\/\/www.festival-cannes.com\/en\/infos-communiques\/communique\/articles\/final-cut-by-michel-hazanavicius\">filme de abertura<\/a> e <a href=\"https:\/\/www.festival-cannes.com\/en\/infos-communiques\/communique\/articles\/the-films-of-the-official-selection-2022\">os filmes selecionados para exibi\u00e7\u00e3o<\/a>, mas n\u00e3o o j\u00fari. Parte essencial do evento, pois decidem quem leva os pr\u00eamios da edi\u00e7\u00e3o, o corpo de jurados teve que sofrer altera\u00e7\u00f5es por conta de um esc\u00e2ndalo envolvendo um dos integrantes. O cineasta iraniano Asghar Farhadi, que seria o presidente do j\u00fari, foi <a href=\"https:\/\/www1.folha.uol.com.br\/ilustrada\/2022\/04\/cineasta-asghar-farhadi-e-indiciado-por-plagiar-ex-aluna-no-filme-um-heroi.shtml\">acusado de plagiar o argumento de uma ex-aluna sua<\/a>, e a partir dele ter feito seu mais recente filme, <em>Um H\u00e9roi<\/em>. Diante dessa situa\u00e7\u00e3o, a comiss\u00e3o organizadora decidiu manter Farhadi como membro do j\u00fari, mas <a href=\"https:\/\/www.festival-cannes.com\/en\/infos-communiques\/communique\/articles\/the-jury-of-the-75th-festival-de-cannes-and-its-president-unveiled\">o cargo de presidente passou para o ator franc\u00eas, Vincent Lindon<\/a>.<\/p>\n\n\n\n<figure class=\"wp-block-image\"><img decoding=\"async\" src=\"https:\/\/lh6.googleusercontent.com\/XelGYvHk51DNsNZAsAhk_6Sysyf0Od6540YgD1mITL7J3yfu-NK_O_hhL2r9JuHdYwob5R7jwFWvK4MTEmR-FHRHkH_Bp25OLrBvAaou_Tr3lDbcJkrbntJZUnYxyDO3ZaOg43iOovcmscwTYA\" alt=\"\"\/><figcaption>Ladj Ly, Jasmine Trinca, Joachim Trier, Rebecca Hall, Vincent Lindon, Deepika Padukone, Asghar Farhadi, Noomi Rapace e Jeff Nichols &#8211; Foto: Future Publishing\/Getty Images<\/figcaption><\/figure>\n\n\n\n<p>O Festival de Cinema de Cannes come\u00e7ou no dia 17 de maio homenageando o ator, produtor e diretor de cinema americano <a href=\"https:\/\/www.festival-cannes.com\/en\/infos-communiques\/communique\/articles\/forest-whitaker-to-be-awarded-the-honorary-palme-dor-at-the-75th-festival-de-cannes\">Forest Whitaker com a Palma de Ouro Honor\u00e1ria<\/a>. Um pr\u00eamio que celebra a carreira do profissional. Esse foi o segundo pr\u00eamio dado a Whitaker em Cannes, pois, em 1988, ele recebeu o pr\u00eamio de Melhor Ator por sua performance no filme <em>Bird<\/em>. No dia seguinte, foi o momento do ator e produtor <a href=\"https:\/\/www.festival-cannes.com\/en\/infos-communiques\/communique\/articles\/top-gun-maverick-and-tom-cruise-at-the-75th-festival-de-cannes\">Tom Cruise receber a Palma de Ouro Honor\u00e1ria<\/a> por sua carreira e levar o seu mais novo filme, <em>Top Gun: Maverick<\/em>, ao festival. O filme foi aplaudido de p\u00e9 por 5 minutos ap\u00f3s o encerramento da sess\u00e3o.&nbsp;<\/p>\n\n\n\n<p>Protestos tamb\u00e9m marcaram o tapete vermelho. Na sexta-feira, 20, <a href=\"https:\/\/twitter.com\/JornalOGlobo\/status\/1527740867288743936?s=20&amp;t=2o6QYi4oNCvykf1GpTsYcQ\">uma mulher semi nua invadiu o tapete vermelho para realizar um protesto a favor da Ucr\u00e2nia<\/a>. Em seu corpo estava escrita a frase \u201cStop Raping Us\u201d (parem de nos estuprar) sobre as cores da bandeira da Ucr\u00e2nia, al\u00e9m disso ela tinha tinta vermelha espalhada pelo baixo ventre e a palavra &#8220;esc\u00f3ria&#8221; nas costas. E no domingo, 22, ocorreu outro protesto, mas esse era contra os feminic\u00eddios que ocorriam na Fran\u00e7a. Ativistas levantaram uma faixa com os nomes das 129 mulheres assassinadas no pa\u00eds desde a \u00faltima edi\u00e7\u00e3o do evento.<\/p>\n\n\n\n<figure class=\"wp-block-embed aligncenter is-type-rich is-provider-twitter wp-block-embed-twitter\"><div class=\"wp-block-embed__wrapper\">\n<blockquote class=\"twitter-tweet\" data-width=\"550\" data-dnt=\"true\"><p lang=\"pt\" dir=\"ltr\">Protesto contra o feminic\u00eddio ocupa o tapete de Cannes. Cerca de 12 mulheres, com uma espessa fuma\u00e7a preta, seguraram um pergaminho com nomes de 129 v\u00edtimas de feminic\u00eddios na Fran\u00e7a desde a \u00faltima edi\u00e7\u00e3o do evento. Leia mais: <a href=\"https:\/\/t.co\/NWBLjXtXKP\">https:\/\/t.co\/NWBLjXtXKP<\/a><a href=\"https:\/\/t.co\/WeROxk6ozC\">pic.twitter.com\/WeROxk6ozC<\/a><\/p>&mdash; M\u00eddia NINJA (@MidiaNINJA) <a href=\"https:\/\/twitter.com\/MidiaNINJA\/status\/1528442834461802496?ref_src=twsrc%5Etfw\">May 22, 2022<\/a><\/blockquote><script async src=\"https:\/\/platform.twitter.com\/widgets.js\" charset=\"utf-8\"><\/script>\n<\/div><\/figure>\n\n\n\n<p>Como consta no site oficial do Festival, ele \u00e9 patrocinado por grandes marcas como L\u2019Or\u00e9al Paris, Kering, MasterCard, BMW e Chopard, mas como um evento de grande magnitude n\u00e3o se sustenta apenas de seus patrocinadores, os organizadores do festival chamam artistas, celebridades e produtores de conte\u00fado do mundo inteiro para estarem presentes e divulgarem o evento e as respectivas marcas que os patrocinam. Somente est\u00e1 presente quem foi convidado, pois n\u00e3o h\u00e1 a possibilidade de compra de ingressos. E nesta 75<sup>a<\/sup> edi\u00e7\u00e3o, foram tantos produtores de conte\u00fado e celebridades, incluindo um certo n\u00famero de brasileiros, que fez o jornalista da Folha de S\u00e3o Paulo, Guilherme Genestreti, afirmar que \u201ctapete vermelho se torna vitrine para que subcelebridades desfilem looks e empres\u00e1rios melhorem branding pessoal\u201d.<\/p>\n\n\n\n<p>O fato \u00e9 que esse tipo de a\u00e7\u00e3o n\u00e3o \u00e9 nenhuma novidade, mas esse ano foi destaque, pois essas pessoas que estavam l\u00e1 apenas para promoverem as marcas chamaram aten\u00e7\u00e3o tanto quanto os profissionais da ind\u00fastria cinematogr\u00e1fica convidados para promoverem os filmes. <a href=\"https:\/\/www.vanityfair.com\/style\/2018\/05\/cannes-film-festival-social-media-influencers\">Em artigo de 2018<\/a> para a Vanity Fair, a jornalista Julie Miller afirma que \u201cas marcas podem pagar entre 1.000 e 20.000 euros por uma \u00fanica postagem de m\u00eddia social, mas como o festival oferece aos influenciadores tanta exposi\u00e7\u00e3o internacional \u2013 sem mencionar a proximidade de estrelas de cinema e um cen\u00e1rio lindo \u2013 as taxas em Cannes s\u00e3o frequentemente negociadas\u201d. Situa\u00e7\u00e3o que pode gerar indigna\u00e7\u00e3o por parte de alguns, como o caso de Guilherme Genestreti, e questionar os limites da necessidade de tanto marketing para um festival j\u00e1 mundialmente reconhecido e consolidado.<\/p>\n\n\n\n<figure class=\"wp-block-embed is-type-rich is-provider-twitter wp-block-embed-twitter\"><div class=\"wp-block-embed__wrapper\">\n<blockquote class=\"twitter-tweet\" data-width=\"550\" data-dnt=\"true\"><p lang=\"pt\" dir=\"ltr\">Na correria para a sess\u00e3o do filme do Cristian Mungiu aqui em Cannes, topei com a ex-BBB Sarah Andrade parando o fluxo cal\u00e7ada pra fazer foto do cabelo novo. Conto um pouco de como o festival abra\u00e7ou os influenciadores e virou rota para subcelebridades: <a href=\"https:\/\/t.co\/tnVBd48adM\">https:\/\/t.co\/tnVBd48adM<\/a><\/p>&mdash; Guilherme Genestreti (@guigenestreti) <a href=\"https:\/\/twitter.com\/guigenestreti\/status\/1529242430863712257?ref_src=twsrc%5Etfw\">May 24, 2022<\/a><\/blockquote><script async src=\"https:\/\/platform.twitter.com\/widgets.js\" charset=\"utf-8\"><\/script>\n<\/div><\/figure>\n\n\n\n<p>Ao todo, este ano o Festival de Cinema de Cannes contou com uma sele\u00e7\u00e3o de 47 longas metragens selecionados para exibi\u00e7\u00e3o. Destes, 21 estavam concorrendo \u00e0 Palma de Ouro, o pr\u00eamio m\u00e1ximo do Festival, e 7 concorreram fora da competi\u00e7\u00e3o. Entre estes se destacam <em>Top Gun: Maverick<\/em> do diretor Joseph Kosinski, j\u00e1 citado; <em>Elvis<\/em>, a cinebiografia do cantor, m\u00fasico, ator estadunidense e &#8220;Rei do Rock and Roll&#8221;, Elvis Presley, do diretor Baz Luhrmann, e <em>Three Thousand Years of Longing,<\/em> do diretor George Miller, seu filme seguinte ao sucesso <em>Mad Max: Estrada da F\u00faria<\/em> de 2015.<\/p>\n\n\n\n<p>Faltando apenas um dia para o encerramento do Festival, nem o j\u00fari nem a cr\u00edtica especializada tinham um favorito \u00e0 Palma de Ouro. Muito se comentava sobre os filmes <em>EO, The Eight Mountains, Boy From Heaven, Broker, R.M.N, Holy Spider, Decision to Leave, Crimes of the Future e Armageddon Time<\/em>, mas nenhuma unanimidade. Foi apenas no entardecer do dia 28 de maio, em encerramento apresentado pela atriz belga Virginie Efira, que o j\u00fari firmou seus vencedores e encerrando assim a 75\u00aa edi\u00e7\u00e3o do Festival de Cinema de Cannes.<\/p>\n\n\n\n<p>Abaixo a lista dos vencedores:&nbsp;<\/p>\n\n\n\n<ul class=\"wp-block-list\"><li>O vencedor da <em>Camera d&#8217;Or<\/em> de Melhor Filme Estreante foi \u2018War Pony\u2019, de Riley Keough e Gina Gammell.<\/li><li>Zar Amir Ebrahimi venceu como Melhor Atriz por sua performance em \u2018Holy Spider\u2019, de Ali Abbasi<\/li><li>Song Kang venceu como Melhor Ator por sua performance em \u2018Broker\u2019, de Kore-eda Hirokazu<\/li><li>O vencedor em Melhor Roteiro foi \u2018Boy From Heaven\u2019, de Tarik Saleh<\/li><li>Os filmes vencedores do Pr\u00eamio do J\u00fari foram \u2018EO\u2019 e \u2018The Eight Mountains\u2019<\/li><li>O filme vencedor do Pr\u00eamio Especial de 75 anos do Festival de Cannes \u00e9 \u2018Tori and Lokita\u2019 de Jean-Pierre Dardenne e Luc Dardenne<\/li><li>Park Chan-wook venceu como Melhor Diretor por seu trabalho em \u2018Decision To Leave\u2019<\/li><li>Os filmes vencedores do <em>Grand Prix<\/em> foram \u2018Close\u2019 (Lukas Dhont) e \u2018Stars at Noon\u2019 (Claire Denis)<\/li><li>E o filme vencedor da Palma de Ouro do Festival de Cannes 2022 foi \u2018Triangle of Sadness\u2019 de Ruebn Ostlund<\/li><\/ul>\n\n\n\n<figure class=\"wp-block-image is-resized\"><img decoding=\"async\" src=\"https:\/\/lh5.googleusercontent.com\/ftfj172V-6iAOB-HVXvaa6cuiRed0oWvZJgbaljR0p9lRM_guosewHCpR9o0J-aZxatv1IJDJ7YEw52AddI96dWKYv_xGsM5vNyslFZ9bdItdWcCX5SVXx6mqRXbyjClSd3Zhy7NEa1vmQnyog\" alt=\"\" width=\"740\" height=\"466\"\/><figcaption>J\u00fari e vencedores na cerim\u00f4nia de encerramento do Festival de Cinema de Cannes 2022\u00a0 &#8211; Foto: Valery Hache\/ AFP<\/figcaption><\/figure>\n\n\n\n<p class=\"has-text-align-center\"><\/p>\n","protected":false},"excerpt":{"rendered":"<p>Na 75a edi\u00e7\u00e3o, o grande vencedor da Palma de Ouro foi a com\u00e9dia sueca Triangle of Sadness por Aldeir Oliveira e Miguel Fran\u00e7a O Festival de Cinema de Cannes celebrou sua 75a edi\u00e7\u00e3o em 2022. Dos dias 17 a 28 de maio, o Palais des Festivals et des Congr\u00e8s recebeu profissionais, artistas, celebridades e produtores [&hellip;]<\/p>\n","protected":false},"author":24,"featured_media":2469,"comment_status":"open","ping_status":"open","sticky":false,"template":"","format":"standard","meta":{"_jetpack_memberships_contains_paid_content":false,"footnotes":"","jetpack_publicize_message":"","jetpack_publicize_feature_enabled":true,"jetpack_social_post_already_shared":true,"jetpack_social_options":{"image_generator_settings":{"template":"highway","default_image_id":0,"enabled":false},"version":2}},"categories":[5,1],"tags":[88,87,8],"coauthors":[],"class_list":["post-2466","post","type-post","status-publish","format-standard","has-post-thumbnail","hentry","category-afluentes","category-ultimas-noticias","tag-cannes","tag-cinema","tag-destaque"],"jetpack_publicize_connections":[],"jetpack_featured_media_url":"https:\/\/i0.wp.com\/acatraia.ufac.br\/wp-content\/uploads\/2022\/05\/d0c28d6e2b90c678a113103c03983a751119502e.jpg?fit=2560%2C1536&ssl=1","jetpack_sharing_enabled":true,"amp_enabled":true,"_links":{"self":[{"href":"https:\/\/acatraia.ufac.br\/index.php?rest_route=\/wp\/v2\/posts\/2466","targetHints":{"allow":["GET"]}}],"collection":[{"href":"https:\/\/acatraia.ufac.br\/index.php?rest_route=\/wp\/v2\/posts"}],"about":[{"href":"https:\/\/acatraia.ufac.br\/index.php?rest_route=\/wp\/v2\/types\/post"}],"author":[{"embeddable":true,"href":"https:\/\/acatraia.ufac.br\/index.php?rest_route=\/wp\/v2\/users\/24"}],"replies":[{"embeddable":true,"href":"https:\/\/acatraia.ufac.br\/index.php?rest_route=%2Fwp%2Fv2%2Fcomments&post=2466"}],"version-history":[{"count":6,"href":"https:\/\/acatraia.ufac.br\/index.php?rest_route=\/wp\/v2\/posts\/2466\/revisions"}],"predecessor-version":[{"id":2476,"href":"https:\/\/acatraia.ufac.br\/index.php?rest_route=\/wp\/v2\/posts\/2466\/revisions\/2476"}],"wp:featuredmedia":[{"embeddable":true,"href":"https:\/\/acatraia.ufac.br\/index.php?rest_route=\/wp\/v2\/media\/2469"}],"wp:attachment":[{"href":"https:\/\/acatraia.ufac.br\/index.php?rest_route=%2Fwp%2Fv2%2Fmedia&parent=2466"}],"wp:term":[{"taxonomy":"category","embeddable":true,"href":"https:\/\/acatraia.ufac.br\/index.php?rest_route=%2Fwp%2Fv2%2Fcategories&post=2466"},{"taxonomy":"post_tag","embeddable":true,"href":"https:\/\/acatraia.ufac.br\/index.php?rest_route=%2Fwp%2Fv2%2Ftags&post=2466"},{"taxonomy":"author","embeddable":true,"href":"https:\/\/acatraia.ufac.br\/index.php?rest_route=%2Fwp%2Fv2%2Fcoauthors&post=2466"}],"curies":[{"name":"wp","href":"https:\/\/api.w.org\/{rel}","templated":true}]}}