{"id":2346,"date":"2022-05-02T17:49:08","date_gmt":"2022-05-02T22:49:08","guid":{"rendered":"https:\/\/acatraia.ufac.br\/?p=2346"},"modified":"2022-05-02T18:06:08","modified_gmt":"2022-05-02T23:06:08","slug":"jovens-eleitores-e-a-importancia-do-voto","status":"publish","type":"post","link":"https:\/\/acatraia.ufac.br\/?p=2346","title":{"rendered":"Jovens eleitores e a import\u00e2ncia do voto"},"content":{"rendered":"\n<p><em>Segundo pesquisa da Unicef, nove em cada dez jovens acreditam no poder do voto<\/em><\/p>\n\n\n\n<p><strong>Por Ad\u00e9lia Galdino, Gisele Almeida e Milena Queiroz<\/strong><\/p>\n\n\n\n<p><\/p>\n\n\n\n<p>As elei\u00e7\u00f5es no nosso pa\u00eds para presidente, senadores, deputados federais e governadores ocorrem em outubro deste ano e com isso a corrida para requerer o t\u00edtulo de eleitor. A partir dos 16 anos o jovem pode escolher os governantes que ir\u00e3o assumir os referidos cargos durante 4 anos. Mas ser\u00e1 que de fato ele entende qual a import\u00e2ncia desse papel? Com tanta informa\u00e7\u00e3o circulando, consegue escolher os candidatos de forma consciente?<\/p>\n\n\n\n<p>Segundo pesquisa da Unicef (Fundo das Na\u00e7\u00f5es Unidas para a Inf\u00e2ncia) em parceria com a Vira\u00e7\u00e3o Educomunica\u00e7\u00e3o, 64% dos jovens entrevistados pretendem exercer o direito do voto este ano; 21% ainda n\u00e3o sabem se v\u00e3o votar e 15% n\u00e3o v\u00e3o votar. O levantamento foi feito com mais de 3 mil jovens entre 15 e 17 anos.\u00a0<\/p>\n\n\n\n<p>Para os eleitores de primeira viagem, a retirada do t\u00edtulo e o significado do voto pode parecer algo bem confuso, como \u00e9 o caso da estudante Janayra Yasmin da Silva Castro, 16 anos, que ainda n\u00e3o tem t\u00edtulo e se diz confusa sobre o porqu\u00ea \u00e9 importante exercer o direito ao voto. \u201cN\u00e3o sei nem por que tem que votar, n\u00e3o sei. Por mim n\u00e3o votava nunca. T\u00e1 piorando cada vez mais o Brasil, pra qu\u00ea precisa votar? Eu n\u00e3o tenho mais confian\u00e7a de nada\u201d, desabafa a estudante.&nbsp;<\/p>\n\n\n\n<p>Para outros jovens, toda essa quest\u00e3o tem a ver com&nbsp; o representante e o comprometimento de quem escolhemos para governar e ouvir o povo. Para Jefferson Vasconcelos, 19 anos, \u201c\u00e9 atrav\u00e9s do voto que o cidad\u00e3o tem a capacidade de ter essa representatividade de ideias, ideologias e vis\u00e3o de mundo do seu candidato\u201d. Ele ainda destaca que a maturidade e o pensamento cr\u00edtico sobre a pol\u00edtica e todas essas quest\u00f5es relacionadas foram constru\u00eddas com o tempo, e por longos per\u00edodos n\u00e3o tinha liberdade para falar sobre esse assunto.<\/p>\n\n\n\n<p>O regime pol\u00edtico da democracia representativa que temos atualmente no Brasil j\u00e1 foi bastante estudado e experimentado na maior parte do mundo. Com poucas diferen\u00e7as entre pa\u00edses, se baseia no voto em representantes dos cargos executivo (presidente, governador, prefeito) e legislativo (deputados e senadores). Muitas vezes, em pa\u00edses no mundo e tamb\u00e9m no Brasil,&nbsp; governos autorit\u00e1rios impediram a liberdade de express\u00e3o, opini\u00e3o e voto, especialmente de pessoas com ideologias contr\u00e1rias \u00e0 sua, caracterizando per\u00edodos anti-democr\u00e1ticos.&nbsp;<\/p>\n\n\n\n<p><strong>Campanhas incentivam jovens a tirar o t\u00edtulo no Brasil&nbsp;<\/strong><\/p>\n\n\n\n<p>Acrescentado ao cen\u00e1rio atual o bombardeio de not\u00edcias falsas na internet e em aplicativos de conversas, \u00f3rg\u00e3os oficiais e artistas influentes resolveram se mobilizar para incentivar a nova gera\u00e7\u00e3o sobre a consci\u00eancia de exercer e reivindicar o seu direito pol\u00edtico atrav\u00e9s do voto.&nbsp;<\/p>\n\n\n\n<p>Este ano foram realizadas diversas a\u00e7\u00f5es e campanhas para incentivar os jovens de 16 e 17 anos a tirarem o t\u00edtulo de eleitor. No Brasil,&nbsp; somente a partir dos 18 anos \u00e9 obrigado a votar. Mesmo assim, em compara\u00e7\u00e3o com a participa\u00e7\u00e3o do jovem na retirada do t\u00edtulo em anos anteriores, os n\u00fameros publicados esse ano s\u00e3o menores.&nbsp;<\/p>\n\n\n\n<p>De acordo com os dados obtidos pela Justi\u00e7a Eleitoral, no m\u00eas de fevereiro deste ano foi registrado o menor \u00edndice de jovens que tiraram o t\u00edtulo de eleitor dos \u00faltimos 30 anos. Ap\u00f3s esses dados terem sido apresentados, diversos famosos come\u00e7aram a realizar campanhas nas suas respectivas redes sociais para incentivar os jovens dessa faixa et\u00e1ria a tirarem o t\u00edtulo de eleitor o quanto antes, pois o prazo \u00e9 at\u00e9 o dia 04 de maio. Umas das primeiras a falar sobre o assunto foi a cantora Anitta, seguidas do cantor Zeca Pagodinho e a ex-BBB Juliette.<\/p>\n\n\n\n<figure class=\"wp-block-image\"><img decoding=\"async\" src=\"https:\/\/lh3.googleusercontent.com\/v3udyOAWJYYWW3Du3tH0OEmFCJLo130Aye7ggDJ5D_2GZXsD3b1qd643VfMwpTo-IroMsa5FvNlElR91etetocJU2LyGY4mNxpEnBWG6zYor5Od3q8E5R778qcC39U-qFW6e3OMrffd-R7PGcA\" alt=\"\"\/><\/figure>\n\n\n\n<p><em>Fotos: reprodu\u00e7\u00e3o<\/em><\/p>\n\n\n\n<figure class=\"wp-block-image\"><img decoding=\"async\" src=\"https:\/\/lh3.googleusercontent.com\/hv1XGzgHoieDVrdrpGsd2ceG4O_Oobfqc6gTY_YP6p1M4d5JxsumDk8z_BYDow6qFube8ezDDuxVEf8hPrQz9px10dZ1bDHl55toznkGqmLx_lcFUaAN09T1n0ZJibtEf9h-mtqpfeILPdrAIQ\" alt=\"\"\/><\/figure>\n\n\n\n<p><em>Fotos: reprodu\u00e7\u00e3o<\/em><\/p>\n\n\n\n<figure class=\"wp-block-image\"><img decoding=\"async\" src=\"https:\/\/lh6.googleusercontent.com\/vE1jF6JSYbi6C0zCynfD9yMxGNfngoNlsQFWrPoNQx5FDCxbIm3tVcxcTMNU38hzbCMkbTgilp_N5gkPHQoJ9GJMigaGMh_c7KYSukaZV5f6nvlngCjiOBGVxSyDw7h-hZlQ18bmiN2q273D_g\" alt=\"\"\/><\/figure>\n\n\n\n<p><em>Foto: reprodu\u00e7\u00e3o<\/em><\/p>\n\n\n\n<p>Devido ao grande n\u00famero de visualiza\u00e7\u00f5es, acessos e compartilhamentos, mais celebridades come\u00e7aram a se engajar com a causa e tamb\u00e9m come\u00e7aram a realizar&nbsp; campanhas nas suas redes sociais, para trazer o m\u00e1ximo poss\u00edvel de jovens para participar dessa a\u00e7\u00e3o eleitoral. Celebridades como a atriz Giovanna Ewbank, os humoristas Whinderson Nunes e In\u00eas Brasil, Larissa Manoela e dentre outros.&nbsp;<\/p>\n\n\n\n<figure class=\"wp-block-image\"><img decoding=\"async\" src=\"https:\/\/lh4.googleusercontent.com\/3_388kF4ga9vE_CsB6KpUjxMrONFUcUH8PzaBNHgMvf1YYHcOaHmtaaLHQ63Xhg-hJyqCHmchFf0JdjA03nTJ1sS6DZjdTwYb-mRmx00bMliw4KroDQBSN21nsbb7kLCG8HLSCzJL4UERzf5Nw\" alt=\"\"\/><\/figure>\n\n\n\n<p><em>Foto: reprodu\u00e7\u00e3o<\/em><\/p>\n\n\n\n<p><img fetchpriority=\"high\" decoding=\"async\" src=\"https:\/\/lh4.googleusercontent.com\/cUZVgxsOG7iJ1ssixUGKNj4zptYEhtKaatTxsmjy8Ny8xJgnkPUQqLiFM7K5F1xCAxDSZSn1ajBivKWRCbBOWNPsTi8slRIfQF_L7eEdwV1Xo9vlgBKavPukvyffwjFX5YC6oz-N6ug7P2K_Bw\" width=\"360\" height=\"366\"><\/p>\n\n\n\n<figure class=\"wp-block-image\"><img decoding=\"async\" src=\"https:\/\/lh5.googleusercontent.com\/U2FLqq4-hcGmWkdjp3ObSqoRYPCzCE-GptINiLDw6nz08CKthlHDm59pPInZ5fPbrangcYs_qt948xDNZ2qGvgr18RHXkgIxs8n0DpotZmh4LF3Wbh9lUh0F0wiwsuagQfaqkTOO5--NN_Je-w\" alt=\"\"\/><\/figure>\n\n\n\n<p><em>Foto: reprodu\u00e7\u00e3o<\/em><\/p>\n\n\n\n<p>Al\u00e9m dessa a\u00e7\u00e3o realizada por famosos, no m\u00eas de mar\u00e7o de o Tribunal Superior Eleitoral (TSE) organizou a semana do Jovem Eleitor que ocorreu entre os&nbsp; dias de 14 a 18, com a hashtag #Rol\u00eadasElei\u00e7\u00f5es e conseguiu mais participa\u00e7\u00f5es espont\u00e2neas de artistas e jogadores de futebol. E alguns estados desenvolveram a campanha em escolas p\u00fablicas do ensino m\u00e9dio.&nbsp;<\/p>\n\n\n\n<p>De acordo com o TSE, ap\u00f3s a campanha os n\u00fameros de jovens que tiraram o documento come\u00e7aram a subir consideravelmente, o n\u00famero de novos t\u00edtulos passou de 199.667 em fevereiro para a marca de 290.783 em mar\u00e7o, crescimento superior a 45%. De janeiro a mar\u00e7o, o Brasil ganhou 1.144.481 novos eleitores na faixa et\u00e1ria de 15 a 18 anos contra 854.838 novos t\u00edtulos em 2014 e 877.082 em 2018.<\/p>\n\n\n\n<p><strong>A\u00e7\u00f5es do TRE-AC&nbsp;<\/strong><\/p>\n\n\n\n<p>No estado do Acre a situa\u00e7\u00e3o mostra redu\u00e7\u00e3o em rela\u00e7\u00e3o a anos anteriores na quantidade dos jovens entre 15 a 18 que j\u00e1 tiraram o t\u00edtulo. Apenas&nbsp;<a href=\"https:\/\/g1.globo.com\/ac\/acre\/eleicoes\/2022\/noticia\/2022\/03\/29\/no-ac-de-37-mil-jovens-entre-16-e-17-aptos-a-votar-em-2022-pouco-mais-de-33-mil-tiraram-titulo-de-eleitor.ghtml\">3.344 adolescentes de 16 e 17 anos habitantes do estado do Acre<\/a>&nbsp;j\u00e1 tiraram o t\u00edtulo de eleitor e est\u00e3o aptos a votar no pleito de outubro em 2022. \u00c9 o que aponta um levantamento feito pelo&nbsp;G<a href=\"https:\/\/g1.globo.com\/ac\/acre\/\">1<\/a> com base em dados do Tribunal Regional Eleitoral de Acre (TRE-AC) e do Instituto Brasileiro de Geografia e Estat\u00edstica (IBGE). Dessa forma, isso representa apenas 9% dos adolescentes dessa faixa et\u00e1ria.&nbsp;&nbsp;<\/p>\n\n\n\n<p>Como uma forma de aumentar esses n\u00fameros, o TRE-AC realizou diversas a\u00e7\u00f5es no estado. O \u201cRol\u00ea das Elei\u00e7\u00f5es&#8221; \u00e9 um movimento que ocorreu aos finais de semana, no hor\u00e1rio das 14h at\u00e9 \u00e0s 20h, no Via Verde Shopping, na capital acreana, at\u00e9 o dia 1 de maio. Nessa a\u00e7\u00e3o, os profissionais atendem e ajudam na retirada do t\u00edtulo do eleitor e tamb\u00e9m na regulariza\u00e7\u00e3o, caso tenha algum problema.&nbsp;<\/p>\n\n\n\n<p>Al\u00e9m disso, o TRE-AC tamb\u00e9m visitou escolas do ensino m\u00e9dio, com o projeto chamado \u2018Sextou na Escola\u2019, focado no p\u00fablico entre 16 e 17 anos, para conscientizar os jovens a votarem tanto nessa elei\u00e7\u00e3o de 2022 quanto nas pr\u00f3ximas que vir\u00e3o ao Brasil.&nbsp;<\/p>\n\n\n\n<p><strong>Como tirar o t\u00edtulo do eleitor<\/strong><\/p>\n\n\n\n<p>O TRE-AC informou que todos os servi\u00e7os presenciais ofertados pela institui\u00e7\u00e3o, podem ser acessados por meio da internet, inclusive a emiss\u00e3o do primeiro t\u00edtulo de eleitor. A digitaliza\u00e7\u00e3o beneficia principalmente aquelas pessoas que ir\u00e3o tirar o t\u00edtulo pela primeira vez para votar na elei\u00e7\u00e3o deste ano ou que precisam regularizar dados.&nbsp;<\/p>\n\n\n\n<p><strong>Saiba como:<\/strong><\/p>\n\n\n\n<p>Para quem manifestar interesse, o primeiro passo \u00e9 saber que o endere\u00e7o para acessar os servi\u00e7os \u00e9 o <strong>www.tse.jus<\/strong>. Antes de acessar o site, \u00e9 necess\u00e1rio estar com todos os documentos em m\u00e3os: comprovante de resid\u00eancia atualizado e documento identific\u00e1vel oficial com foto. Al\u00e9m disso, homens com idade entre 18 e 45 anos tamb\u00e9m devem encaminhar o comprovante de quita\u00e7\u00e3o com o servi\u00e7o militar.&nbsp;<\/p>\n\n\n\n<p>Com os documentos em m\u00e3os, o pr\u00f3ximo passo \u00e9 tirar uma <em>selfie <\/em>com o documento de identifica\u00e7\u00e3o escolhido pela pessoa. Acesse o site T\u00edtulo Net pelo link:&nbsp;<a href=\"http:\/\/www.tse.jus.br\/eleitor\/servicos\/pre-atendimento-eleitoral-titulo-net\/titulo-net\">http:\/\/www.tse.jus.br\/eleitor\/servicos\/pre-atendimento-eleitoral-titulo-net\/titulo-net<\/a><\/p>\n\n\n\n<p>Para o primeiro t\u00edtulo, preencha o formul\u00e1rio de identifica\u00e7\u00e3o, no primeiro campo \u201cT\u00edtulo de Eleitor\u201d, selecione a op\u00e7\u00e3o \u201cN\u00e3o Tenho\u201d, e siga preenchendo o que \u00e9 solicitado de acordo com a imagem abaixo:&nbsp;&nbsp;<\/p>\n\n\n\n<p><img decoding=\"async\" src=\"https:\/\/lh6.googleusercontent.com\/gUEqMMkTU_KtkXJT7VJwz9sdETQOS9v2c_-hUEYSa2AFtrHGF8cAqBw6YWUA-YZXVExaXES6F9JzfDkpPyJ5otB9iaFQw2dsNIKReSRzRM1qzJLwPORHhGY29nM8YAgn4EMIw4iF4wCyJwqcwQ\" width=\"567\" height=\"335\"><\/p>\n\n\n\n<p>Com os dados pessoais confirmados e verificados, o pr\u00f3ximo passo ser\u00e1 anex\u00e1-los no sistema, para assim comprovar sua identidade, o sistema pedir\u00e1 uma selfie segurando um documento de identifica\u00e7\u00e3o oficial com foto, e os outros documentos s\u00e3o da documenta\u00e7\u00e3o (frente e verso), para identificar a foto usada no documento anexado.&nbsp; <strong>Veja o v\u00eddeo e saiba mais:<\/strong>&nbsp;<\/p>\n\n\n\n<p><a href=\"https:\/\/www.youtube.com\/watch?v=W8GCjqYuMnU&amp;t=38s\">(525) Como fazer o primeiro t\u00edtulo de eleitor pela internet &#8211; YouTube<\/a><\/p>\n","protected":false},"excerpt":{"rendered":"<p>Segundo pesquisa da Unicef, nove em cada dez jovens acreditam no poder do voto Por Ad\u00e9lia Galdino, Gisele Almeida e Milena Queiroz As elei\u00e7\u00f5es no nosso pa\u00eds para presidente, senadores, deputados federais e governadores ocorrem em outubro deste ano e com isso a corrida para requerer o t\u00edtulo de eleitor. A partir dos 16 anos [&hellip;]<\/p>\n","protected":false},"author":24,"featured_media":2357,"comment_status":"open","ping_status":"open","sticky":false,"template":"","format":"standard","meta":{"_jetpack_memberships_contains_paid_content":false,"footnotes":"","jetpack_publicize_message":"","jetpack_publicize_feature_enabled":true,"jetpack_social_post_already_shared":true,"jetpack_social_options":{"image_generator_settings":{"template":"highway","default_image_id":0,"enabled":false},"version":2}},"categories":[3],"tags":[8,71,70,69],"coauthors":[],"class_list":["post-2346","post","type-post","status-publish","format-standard","has-post-thumbnail","hentry","category-corriqueiras","tag-destaque","tag-eleicoes22","tag-voto","tag-votojovem"],"jetpack_publicize_connections":[],"jetpack_featured_media_url":"https:\/\/i0.wp.com\/acatraia.ufac.br\/wp-content\/uploads\/2022\/05\/img-voto-poder-2.jpg?fit=1174%2C560&ssl=1","jetpack_sharing_enabled":true,"amp_enabled":true,"_links":{"self":[{"href":"https:\/\/acatraia.ufac.br\/index.php?rest_route=\/wp\/v2\/posts\/2346","targetHints":{"allow":["GET"]}}],"collection":[{"href":"https:\/\/acatraia.ufac.br\/index.php?rest_route=\/wp\/v2\/posts"}],"about":[{"href":"https:\/\/acatraia.ufac.br\/index.php?rest_route=\/wp\/v2\/types\/post"}],"author":[{"embeddable":true,"href":"https:\/\/acatraia.ufac.br\/index.php?rest_route=\/wp\/v2\/users\/24"}],"replies":[{"embeddable":true,"href":"https:\/\/acatraia.ufac.br\/index.php?rest_route=%2Fwp%2Fv2%2Fcomments&post=2346"}],"version-history":[{"count":5,"href":"https:\/\/acatraia.ufac.br\/index.php?rest_route=\/wp\/v2\/posts\/2346\/revisions"}],"predecessor-version":[{"id":2361,"href":"https:\/\/acatraia.ufac.br\/index.php?rest_route=\/wp\/v2\/posts\/2346\/revisions\/2361"}],"wp:featuredmedia":[{"embeddable":true,"href":"https:\/\/acatraia.ufac.br\/index.php?rest_route=\/wp\/v2\/media\/2357"}],"wp:attachment":[{"href":"https:\/\/acatraia.ufac.br\/index.php?rest_route=%2Fwp%2Fv2%2Fmedia&parent=2346"}],"wp:term":[{"taxonomy":"category","embeddable":true,"href":"https:\/\/acatraia.ufac.br\/index.php?rest_route=%2Fwp%2Fv2%2Fcategories&post=2346"},{"taxonomy":"post_tag","embeddable":true,"href":"https:\/\/acatraia.ufac.br\/index.php?rest_route=%2Fwp%2Fv2%2Ftags&post=2346"},{"taxonomy":"author","embeddable":true,"href":"https:\/\/acatraia.ufac.br\/index.php?rest_route=%2Fwp%2Fv2%2Fcoauthors&post=2346"}],"curies":[{"name":"wp","href":"https:\/\/api.w.org\/{rel}","templated":true}]}}