{"id":2290,"date":"2022-02-25T16:42:42","date_gmt":"2022-02-25T21:42:42","guid":{"rendered":"https:\/\/acatraia.ufac.br\/?p=2290"},"modified":"2022-02-25T16:51:49","modified_gmt":"2022-02-25T21:51:49","slug":"libero-acreano-e-campeao-da-superliga-b-de-volei-por-time-de-juiz-de-fora","status":"publish","type":"post","link":"https:\/\/acatraia.ufac.br\/?p=2290","title":{"rendered":"L\u00edbero acreano campe\u00e3o da Superliga B de V\u00f4lei por time de Juiz de Fora"},"content":{"rendered":"\n<p><strong>Por Evander Oliveira e Ana Bessa<\/strong><\/p>\n\n\n\n<p>Carlos Dayan Alves Barros, 25 anos, ou apenas &#8220;Dayan&#8221;, como \u00e9 chamado pelos amigos, \u00e9 o segundo acreano &#8211; depois de Ant\u00f4nio Carlos Aguiar Gouveia, o &#8220;Carl\u00e3o do V\u00f4lei&#8221;-, a jogar a Superliga, a principal competi\u00e7\u00e3o de v\u00f4lei do Pa\u00eds.<\/p>\n\n\n\n<p>Na \u00faltima temporada, atuando pela equipe de Juiz de Fora, Minas Gerais, Dayan se consagrou no in\u00edcio de abril de 2021, campe\u00e3 da Superliga B, ap\u00f3s vencer novamente o Aeroclube (RN) no Gin\u00e1sio do Riacho, em Contagem (MG), na semifinal da Superliga B, no tie-break, com parciais de 25\/20, 18\/25, 20\/25, 27\/25 e 15\/10.\u00a0 Atualmente, o l\u00edbero acreano refor\u00e7ou o time de Suzano (SP) para a disputa do campeonato paulista.<\/p>\n\n\n\n<figure class=\"wp-block-image size-large\"><img data-recalc-dims=\"1\" fetchpriority=\"high\" decoding=\"async\" width=\"602\" height=\"449\" src=\"https:\/\/i0.wp.com\/acatraia.ufac.br\/wp-content\/uploads\/2022\/02\/Imagem2daian.png?resize=602%2C449&#038;ssl=1\" alt=\"\" class=\"wp-image-2292\" srcset=\"https:\/\/i0.wp.com\/acatraia.ufac.br\/wp-content\/uploads\/2022\/02\/Imagem2daian.png?w=602&amp;ssl=1 602w, https:\/\/i0.wp.com\/acatraia.ufac.br\/wp-content\/uploads\/2022\/02\/Imagem2daian.png?resize=300%2C224&amp;ssl=1 300w\" sizes=\"(max-width: 602px) 100vw, 602px\" \/><\/figure>\n\n\n\n<p><em>Equipe de Juiz de Fora campe\u00e3 da Superliga B no dia 14 de Abril. Dayan \u00e9 o l\u00edbero [camisa vermelha] &#8211; Foto: acervo pessoal.<\/em><\/p>\n\n\n\n<p>O t\u00edtulo d\u00e1 acesso \u00e0 primeira divis\u00e3o da Superliga Masculina da pr\u00f3xima temporada, que dever\u00e1 ser iniciada no final do ano, em meados de novembro. &nbsp;Aos 18 anos, Dayan embarcou em definitivo rumo a S\u00e3o Paulo (SP) em busca do seu maior sonho: virar jogador profissional de voleibol.<\/p>\n\n\n\n<p>\u201c\u00c9 muito engra\u00e7ado porque isso foi algo que eu sempre almejei. Desde muito novo. E por ser de uma regi\u00e3o mais afastada dos grandes centros de voleibol do pa\u00eds, parecia que as coisas demoraram para acontecer, mas talvez eu que fosse precoce. Com 16 anos fui pra S\u00e3o Paulo. Foi a primeira vez atuando em uma equipe com formato semi-profissional\u201d, destacou.<\/p>\n\n\n\n<p>Ele conta que sua paix\u00e3o pelo esporte veio do pai, Carlos Dayan Cesar Barros, que o incentiva a praticar todas as atividades esportivas nos fins de tarde com arremessos de basquete, handebol, v\u00f4lei e futebol.<\/p>\n\n\n\n<p><strong>\u201c<\/strong>Eu comecei a jogar v\u00f4lei em casa com meu pai. Eu dizia que queria ser que nem ele: praticar todos os esportes. Ent\u00e3o, toda tarde faz\u00edamos arremessos de basquete, handebol, os fundamentos do v\u00f4lei e depois brinc\u00e1vamos de futebol. Isso com 9 ou 10 anos. N\u00e3o sei se teve algum motivo para eu ir para o v\u00f4lei. Talvez porque eu era muito ruim no futebol\u201d, disse aos risos.<\/p>\n\n\n\n<p>Dayan \u00e9 o l\u00edbero, respons\u00e1vel pela recep\u00e7\u00e3o e defesa do time. O l\u00edbero \u00e9 o \u00fanico jogador, dos seis, que tem uma camisa diferente dos demais. Segundo ele, o apoio de amigos, treinadores e familiares foi fundamental para almejar o t\u00e3o sonhado objetivo que era ser jogador de v\u00f4lei profissional.<\/p>\n\n\n\n<p><em>\u201cGra\u00e7as a Deus eu tive muitos apoiadores. Amigos, treinadores e claro, minha fam\u00edlia, que sempre me apoiou muito. At\u00e9 hoje, meu pai parece ser meu maior f\u00e3. Ele quer saber como eu estou nos treinos, como est\u00e1 minha cabe\u00e7a para o jogo e qualquer detalhe do dia-a-dia\u201d, salientou.<\/em><\/p>\n\n\n\n<p><strong>SONHO INTERROMPIDO PELA PANDEMIA DA COVID-19<\/strong><\/p>\n\n\n\n<p>Quem v\u00ea o sorriso estampado no rosto de Dayan nas fotos acima, n\u00e3o sabe tamb\u00e9m do temor de ver o sonho sendo cancelado por um v\u00edrus que j\u00e1 levou mais de 400 mil brasileiros \u00e0 morte. Em 2020, Dayan iria ser o primeiro acreano a disputar a Superliga Masculina de V\u00f4lei, a principal competi\u00e7\u00e3o do pa\u00eds, ap\u00f3s o Carl\u00e3o do Vol\u00eai, no entanto, a pandemia interrompeu esse sonho.<\/p>\n\n\n\n<figure class=\"wp-block-image size-large\"><img data-recalc-dims=\"1\" decoding=\"async\" width=\"602\" height=\"401\" src=\"https:\/\/i0.wp.com\/acatraia.ufac.br\/wp-content\/uploads\/2022\/02\/Imagem3daian.png?resize=602%2C401&#038;ssl=1\" alt=\"\" class=\"wp-image-2291\" srcset=\"https:\/\/i0.wp.com\/acatraia.ufac.br\/wp-content\/uploads\/2022\/02\/Imagem3daian.png?w=602&amp;ssl=1 602w, https:\/\/i0.wp.com\/acatraia.ufac.br\/wp-content\/uploads\/2022\/02\/Imagem3daian.png?resize=300%2C200&amp;ssl=1 300w\" sizes=\"(max-width: 602px) 100vw, 602px\" \/><\/figure>\n\n\n\n<p>\u00c9poca de Blumenau Santa Catarina<\/p>\n\n\n\n<p>Na \u00e9poca, ele estava jogando pela equipe de Blumenau de Santa Catarina, mas devido a pandemia da covid-19, a Confedera\u00e7\u00e3o Brasileira de V\u00f4lei (CBV) decidiu por encerrar todas as competi\u00e7\u00f5es do pa\u00eds devido ao v\u00edrus.&nbsp;<\/p>\n\n\n\n<p>\u201cSe Deus quiser, eu vou retomar esse sonho. Vou renovar o meu contrato com a equipe de Juiz de Fora e irei reestreiar pela Superliga Masculina de V\u00f4lei&#8221;, afirmou<\/p>\n","protected":false},"excerpt":{"rendered":"<p>Por Evander Oliveira e Ana Bessa Carlos Dayan Alves Barros, 25 anos, ou apenas &#8220;Dayan&#8221;, como \u00e9 chamado pelos amigos, \u00e9 o segundo acreano &#8211; depois de Ant\u00f4nio Carlos Aguiar Gouveia, o &#8220;Carl\u00e3o do V\u00f4lei&#8221;-, a jogar a Superliga, a principal competi\u00e7\u00e3o de v\u00f4lei do Pa\u00eds. Na \u00faltima temporada, atuando pela equipe de Juiz de [&hellip;]<\/p>\n","protected":false},"author":1,"featured_media":2293,"comment_status":"open","ping_status":"open","sticky":false,"template":"","format":"standard","meta":{"_jetpack_memberships_contains_paid_content":false,"footnotes":"","jetpack_publicize_message":"","jetpack_publicize_feature_enabled":true,"jetpack_social_post_already_shared":true,"jetpack_social_options":{"image_generator_settings":{"template":"highway","default_image_id":0,"enabled":false},"version":2}},"categories":[3],"tags":[8],"coauthors":[],"class_list":["post-2290","post","type-post","status-publish","format-standard","has-post-thumbnail","hentry","category-corriqueiras","tag-destaque"],"jetpack_publicize_connections":[],"jetpack_featured_media_url":"https:\/\/i0.wp.com\/acatraia.ufac.br\/wp-content\/uploads\/2022\/02\/dayan.png?fit=1280%2C854&ssl=1","jetpack_sharing_enabled":true,"amp_enabled":true,"_links":{"self":[{"href":"https:\/\/acatraia.ufac.br\/index.php?rest_route=\/wp\/v2\/posts\/2290","targetHints":{"allow":["GET"]}}],"collection":[{"href":"https:\/\/acatraia.ufac.br\/index.php?rest_route=\/wp\/v2\/posts"}],"about":[{"href":"https:\/\/acatraia.ufac.br\/index.php?rest_route=\/wp\/v2\/types\/post"}],"author":[{"embeddable":true,"href":"https:\/\/acatraia.ufac.br\/index.php?rest_route=\/wp\/v2\/users\/1"}],"replies":[{"embeddable":true,"href":"https:\/\/acatraia.ufac.br\/index.php?rest_route=%2Fwp%2Fv2%2Fcomments&post=2290"}],"version-history":[{"count":2,"href":"https:\/\/acatraia.ufac.br\/index.php?rest_route=\/wp\/v2\/posts\/2290\/revisions"}],"predecessor-version":[{"id":2295,"href":"https:\/\/acatraia.ufac.br\/index.php?rest_route=\/wp\/v2\/posts\/2290\/revisions\/2295"}],"wp:featuredmedia":[{"embeddable":true,"href":"https:\/\/acatraia.ufac.br\/index.php?rest_route=\/wp\/v2\/media\/2293"}],"wp:attachment":[{"href":"https:\/\/acatraia.ufac.br\/index.php?rest_route=%2Fwp%2Fv2%2Fmedia&parent=2290"}],"wp:term":[{"taxonomy":"category","embeddable":true,"href":"https:\/\/acatraia.ufac.br\/index.php?rest_route=%2Fwp%2Fv2%2Fcategories&post=2290"},{"taxonomy":"post_tag","embeddable":true,"href":"https:\/\/acatraia.ufac.br\/index.php?rest_route=%2Fwp%2Fv2%2Ftags&post=2290"},{"taxonomy":"author","embeddable":true,"href":"https:\/\/acatraia.ufac.br\/index.php?rest_route=%2Fwp%2Fv2%2Fcoauthors&post=2290"}],"curies":[{"name":"wp","href":"https:\/\/api.w.org\/{rel}","templated":true}]}}