{"id":2276,"date":"2022-02-15T18:15:47","date_gmt":"2022-02-15T23:15:47","guid":{"rendered":"https:\/\/acatraia.ufac.br\/?p=2276"},"modified":"2022-02-15T18:15:50","modified_gmt":"2022-02-15T23:15:50","slug":"variante-omicron-preocupa-responsaveis-pelo-setor-de-eventos-no-pais","status":"publish","type":"post","link":"https:\/\/acatraia.ufac.br\/?p=2276","title":{"rendered":"Variante \u00d4micron preocupa respons\u00e1veis pelo setor de eventos no pa\u00eds"},"content":{"rendered":"\n<p><em>Metade da popula\u00e7\u00e3o brasileira afirma sentir falta de ir a shows, segundo dados da Associa\u00e7\u00e3o Brasileira dos Produtores de Eventos (Abrape) divulgados em novembro de 2021. Entretanto, os \u00edndices de contaminados continuam aumentando no pa\u00eds.<\/em><\/p>\n\n\n\n<p><strong>Por: Julia Prog\u00eanito da Silva e Nicoly Carla Moreira de Souza<\/strong><\/p>\n\n\n\n<p>O Rock in Rio ser\u00e1 realizado entre os dias 02 a 04 e 08 a 11 de setembro, na cidade do Rock, no Rio de Janeiro. Os 200 mil bilhetes do Rock in Rio Card, aqueles que permitem a participa\u00e7\u00e3o no festival no dia de prefer\u00eancia de cada comprador, j\u00e1 esgotaram em setembro, ap\u00f3s 1h30 do in\u00edcio das vendas.<\/p>\n\n\n\n<p>Com atra\u00e7\u00f5es internacionais e nacionais, a organiza\u00e7\u00e3o do evento espera um recorde de p\u00fablico para o que seria a reabertura do<a href=\"https:\/\/g1.globo.com\/pop-arte\/musica\/noticia\/2021\/03\/04\/rock-in-rio-e-adiado-para-setembro-de-2022-por-causa-da-pandemia-de-covid-19.ghtml\"> festival j\u00e1 adiado por conta da pandemia em decorr\u00eancia do COVID-19.<\/a><\/p>\n\n\n\n<p>O festival j\u00e1 possui mais de 8 edi\u00e7\u00f5es, apenas no Brasil, e 105 milh\u00f5es de participantes na plateia. \u201cSempre vi pela televis\u00e3o e tive interesse em participar&#8221;, afirma Ana Julia, estudante de arquitetura e parte do grupo de jovens que acompanharia o evento, mas desistiu com o aumento de casos e a nova variante Omicron.<\/p>\n\n\n\n<p><strong>A incerteza<\/strong><\/p>\n\n\n\n<figure class=\"wp-block-image size-large\"><img data-recalc-dims=\"1\" fetchpriority=\"high\" decoding=\"async\" width=\"602\" height=\"332\" src=\"https:\/\/i0.wp.com\/acatraia.ufac.br\/wp-content\/uploads\/2022\/02\/Imagem2RR.png?resize=602%2C332&#038;ssl=1\" alt=\"\" class=\"wp-image-2278\" srcset=\"https:\/\/i0.wp.com\/acatraia.ufac.br\/wp-content\/uploads\/2022\/02\/Imagem2RR.png?w=602&amp;ssl=1 602w, https:\/\/i0.wp.com\/acatraia.ufac.br\/wp-content\/uploads\/2022\/02\/Imagem2RR.png?resize=300%2C165&amp;ssl=1 300w\" sizes=\"(max-width: 602px) 100vw, 602px\" \/><figcaption>(Imagem: teste de Covid positivo\/ reprodu\u00e7\u00e3o: CNN Brasil)<\/figcaption><\/figure>\n\n\n\n<p><\/p>\n\n\n\n<p>Segundo pesquisa feita pela Uni\u00e3o Brasileira dos Compositores (UBC), em parceria com a Escola Superior de Propaganda e Marketing (ESPM), 86% dos m\u00fasicos, cantores e compositores perderam sua renda durante os mais de dois anos de pandemia. Grandes representantes do mercado, assim, afirmam a necessidade da retomada de eventos. Mas como preservar a vida de milh\u00f5es e ainda aquecer a economia?<\/p>\n\n\n\n<p>Durante os \u00faltimos meses muitas foram as flexibiliza\u00e7\u00f5es. Eventos particulares de ano novo foram permitidos, carnavais entraram nas agendas oficiais e cantores voltaram aos palcos levantando grandes plateias, \u00e0s normas sanit\u00e1rias deveriam ser seguidas de acordo com os decretos de cada estado, que por sua vez enfatizam a necessidade em se evitar aglomera\u00e7\u00f5es, o uso de m\u00e1scaras como medida obrigat\u00f3ria, assim como a apresenta\u00e7\u00e3o da carteira de vacina\u00e7\u00e3o e o uso de \u00e1lcool em gel. No entanto, especialistas afirmam o risco de uma quarta onda e a popula\u00e7\u00e3o segue indecisa.<\/p>\n\n\n\n<p>A estudante Hillary Vit\u00f3ria \u00e9 uma dessas pessoas. \u201cN\u00e3o acho certo ter um grande evento como o Rock in Rio nesses tempos, mas aguardo a melhora nos pr\u00f3ximos meses\u201d.<\/p>\n\n\n\n<p>A m\u00e9dia atual de novos casos \u00e9 de 71 mil registros de infectados pela variante \u00d4micron, ao passo que na \u00faltima semana os n\u00fameros indicavam 18,7 mil infectados. Outro agravante \u00e9 a falta de testes r\u00e1pidos para diagn\u00f3stico e a crescente de casos de gripe H3N2, os governos estaduais seguem buscando medidas para resolver a situa\u00e7\u00e3o.<\/p>\n\n\n\n<p><strong>Vacina\u00e7\u00e3o e isolamento como solu\u00e7\u00f5es<\/strong><\/p>\n\n\n\n<figure class=\"wp-block-image size-large\"><img data-recalc-dims=\"1\" decoding=\"async\" width=\"602\" height=\"316\" src=\"https:\/\/i0.wp.com\/acatraia.ufac.br\/wp-content\/uploads\/2022\/02\/Imagem3RR.png?resize=602%2C316&#038;ssl=1\" alt=\"\" class=\"wp-image-2279\" srcset=\"https:\/\/i0.wp.com\/acatraia.ufac.br\/wp-content\/uploads\/2022\/02\/Imagem3RR.png?w=602&amp;ssl=1 602w, https:\/\/i0.wp.com\/acatraia.ufac.br\/wp-content\/uploads\/2022\/02\/Imagem3RR.png?resize=300%2C157&amp;ssl=1 300w\" sizes=\"(max-width: 602px) 100vw, 602px\" \/><figcaption>(Imagem: vacina\u00e7\u00e3o\/ reprodu\u00e7\u00e3o: USP)<\/figcaption><\/figure>\n\n\n\n<p><\/p>\n\n\n\n<p>Universidades Federais como a de Pernambuco (UFPE), Rio Grande do Sul (UFRGS), Goi\u00e1s (UFG), Rio de Janeiro (UFRJ), Lavras (UFLA-MG) e de Santa Catarina (UFSC) j\u00e1 definiram pela continuidade do modelo remoto de ensino pelo menos at\u00e9 o fim do m\u00eas. Assim, os modelos a dist\u00e2ncia de trabalho e estudo apresentam-se novamente como forte possibilidade para os pr\u00f3ximos meses.<\/p>\n\n\n\n<p>\u201cN\u00e3o podemos banalizar essa variante achando que a situa\u00e7\u00e3o est\u00e1 sob controle. Precisamos manter todas as medidas como utiliza\u00e7\u00e3o de m\u00e1scara, higieniza\u00e7\u00e3o de m\u00e3os e utiliza\u00e7\u00e3o de \u00e1lcool em gel\u201d reafirma a epidemiologista e ex-coordenadora do Programa Nacional de Imuniza\u00e7\u00f5es (PNI), Carla Domingues.<\/p>\n\n\n\n<p><a href=\"https:\/\/arte.folha.uol.com.br\/ciencia\/2021\/veja-como-esta-a-vacinacao\/brasil\/\">A vacina\u00e7\u00e3o com dose de refor\u00e7o segue em apenas 14% do esperado para a popula\u00e7\u00e3o brasileira. <\/a>O sistema de dados de vacina\u00e7\u00e3o nacional retoma aos poucos sua funcionalidade ap\u00f3s o ataque hacker sofrido em 10 de dezembro de 2021.<\/p>\n","protected":false},"excerpt":{"rendered":"<p>Metade da popula\u00e7\u00e3o brasileira afirma sentir falta de ir a shows, segundo dados da Associa\u00e7\u00e3o Brasileira dos Produtores de Eventos (Abrape) divulgados em novembro de 2021. Entretanto, os \u00edndices de contaminados continuam aumentando no pa\u00eds. Por: Julia Prog\u00eanito da Silva e Nicoly Carla Moreira de Souza O Rock in Rio ser\u00e1 realizado entre os dias [&hellip;]<\/p>\n","protected":false},"author":1,"featured_media":2277,"comment_status":"open","ping_status":"open","sticky":false,"template":"","format":"standard","meta":{"_jetpack_memberships_contains_paid_content":false,"footnotes":"","jetpack_publicize_message":"","jetpack_publicize_feature_enabled":true,"jetpack_social_post_already_shared":true,"jetpack_social_options":{"image_generator_settings":{"template":"highway","default_image_id":0,"enabled":false},"version":2}},"categories":[5],"tags":[8],"coauthors":[],"class_list":["post-2276","post","type-post","status-publish","format-standard","has-post-thumbnail","hentry","category-afluentes","tag-destaque"],"jetpack_publicize_connections":[],"jetpack_featured_media_url":"https:\/\/i0.wp.com\/acatraia.ufac.br\/wp-content\/uploads\/2022\/02\/Imagem1RR.png?fit=2408%2C1184&ssl=1","jetpack_sharing_enabled":true,"amp_enabled":true,"_links":{"self":[{"href":"https:\/\/acatraia.ufac.br\/index.php?rest_route=\/wp\/v2\/posts\/2276","targetHints":{"allow":["GET"]}}],"collection":[{"href":"https:\/\/acatraia.ufac.br\/index.php?rest_route=\/wp\/v2\/posts"}],"about":[{"href":"https:\/\/acatraia.ufac.br\/index.php?rest_route=\/wp\/v2\/types\/post"}],"author":[{"embeddable":true,"href":"https:\/\/acatraia.ufac.br\/index.php?rest_route=\/wp\/v2\/users\/1"}],"replies":[{"embeddable":true,"href":"https:\/\/acatraia.ufac.br\/index.php?rest_route=%2Fwp%2Fv2%2Fcomments&post=2276"}],"version-history":[{"count":1,"href":"https:\/\/acatraia.ufac.br\/index.php?rest_route=\/wp\/v2\/posts\/2276\/revisions"}],"predecessor-version":[{"id":2280,"href":"https:\/\/acatraia.ufac.br\/index.php?rest_route=\/wp\/v2\/posts\/2276\/revisions\/2280"}],"wp:featuredmedia":[{"embeddable":true,"href":"https:\/\/acatraia.ufac.br\/index.php?rest_route=\/wp\/v2\/media\/2277"}],"wp:attachment":[{"href":"https:\/\/acatraia.ufac.br\/index.php?rest_route=%2Fwp%2Fv2%2Fmedia&parent=2276"}],"wp:term":[{"taxonomy":"category","embeddable":true,"href":"https:\/\/acatraia.ufac.br\/index.php?rest_route=%2Fwp%2Fv2%2Fcategories&post=2276"},{"taxonomy":"post_tag","embeddable":true,"href":"https:\/\/acatraia.ufac.br\/index.php?rest_route=%2Fwp%2Fv2%2Ftags&post=2276"},{"taxonomy":"author","embeddable":true,"href":"https:\/\/acatraia.ufac.br\/index.php?rest_route=%2Fwp%2Fv2%2Fcoauthors&post=2276"}],"curies":[{"name":"wp","href":"https:\/\/api.w.org\/{rel}","templated":true}]}}