{"id":2247,"date":"2022-02-07T20:43:12","date_gmt":"2022-02-08T01:43:12","guid":{"rendered":"https:\/\/acatraia.ufac.br\/?p=2247"},"modified":"2022-02-07T20:43:15","modified_gmt":"2022-02-08T01:43:15","slug":"a-pandemia-nao-acabou","status":"publish","type":"post","link":"https:\/\/acatraia.ufac.br\/?p=2247","title":{"rendered":"A pandemia n\u00e3o acabou"},"content":{"rendered":"\n<p><strong>Por Camila Santos Gomes e Emilly Maria Souza dos Santos <\/strong><\/p>\n\n\n\n<p>A pandemia da covid-19 chegou rapidamente ao Brasil e foi declarada de forma repentina pela Organiza\u00e7\u00e3o Mundial de Sa\u00fade (OMS) em 11 de mar\u00e7o de 2020. Uma doen\u00e7a nova neste pa\u00eds, desconhecida e que quem travaria essa batalha seriam \u201cmurros no escuro\u201d.<\/p>\n\n\n\n<p>De acordo com a OMS, o v\u00edrus Sars-Cov-2 \u00e9 respons\u00e1vel pela doen\u00e7a Covid-19, sendo uma varia\u00e7\u00e3o da fam\u00edlia coronav\u00edrus. Sobre a transmiss\u00e3o, sabe-se que de in\u00edcio em Wuhan, no mercado de animais silvestres, onde o v\u00edrus deriva de animais, mais precisamente de morcegos, conhecido por carregar um grande n\u00famero de coronav\u00edrus diferentes.<\/p>\n\n\n\n<p>A transmiss\u00e3o come\u00e7ou a aumentar e foi preciso decretar uma pandemia para o v\u00edrus. A OMS j\u00e1 declarou pandemia, por\u00e9m no ano de 2009, quando surgiu uma nova cepa de influenza H1N1. De acordo com o Painel Coronav\u00edrus, o Brasil j\u00e1 est\u00e1 em 23.751.782 de casos acumulados desde o in\u00edcio da pandemia e 166.539 novos casos at\u00e9 o momento. A doen\u00e7a se alastrou pelo mundo inteiro, ningu\u00e9m a conhecia, infelizmente muitos brasileiros foram v\u00edtimas da covida e 622.563 perderam suas vidas.<\/p>\n\n\n\n<figure class=\"wp-block-image size-large\"><img data-recalc-dims=\"1\" fetchpriority=\"high\" decoding=\"async\" width=\"520\" height=\"244\" src=\"https:\/\/i0.wp.com\/acatraia.ufac.br\/wp-content\/uploads\/2022\/02\/Imagem2pan.png?resize=520%2C244&#038;ssl=1\" alt=\"\" class=\"wp-image-2250\" srcset=\"https:\/\/i0.wp.com\/acatraia.ufac.br\/wp-content\/uploads\/2022\/02\/Imagem2pan.png?w=520&amp;ssl=1 520w, https:\/\/i0.wp.com\/acatraia.ufac.br\/wp-content\/uploads\/2022\/02\/Imagem2pan.png?resize=300%2C141&amp;ssl=1 300w\" sizes=\"(max-width: 520px) 100vw, 520px\" \/><\/figure>\n\n\n\n<p>A pandemia n\u00e3o acabou e a transmiss\u00e3o do v\u00edrus continua no Brasil e no mundo. A regi\u00e3o da Europa, por exemplo, registra atualmente um milh\u00e3o de novas infec\u00e7\u00f5es a cada um dia, aproximadamente, e relata mais de 110.187.000 desde o in\u00edcio da pandemia. As estat\u00edsticas di\u00e1rias mostram que ocorreram pelo menos 1.935.000 mortes at\u00e9 agora. J\u00e1 na \u00c1sia e no Oriente M\u00e9dio, ocorreram 93.343.000 infec\u00e7\u00f5es e 1.277.000 mortes. Esses dados s\u00e3o do site <em>graphics.reuters.com.<\/em><\/p>\n\n\n\n<figure class=\"wp-block-image size-large\"><img data-recalc-dims=\"1\" decoding=\"async\" width=\"433\" height=\"257\" src=\"https:\/\/i0.wp.com\/acatraia.ufac.br\/wp-content\/uploads\/2022\/02\/Imagem3pan.png?resize=433%2C257&#038;ssl=1\" alt=\"\" class=\"wp-image-2251\" srcset=\"https:\/\/i0.wp.com\/acatraia.ufac.br\/wp-content\/uploads\/2022\/02\/Imagem3pan.png?w=433&amp;ssl=1 433w, https:\/\/i0.wp.com\/acatraia.ufac.br\/wp-content\/uploads\/2022\/02\/Imagem3pan.png?resize=300%2C178&amp;ssl=1 300w\" sizes=\"(max-width: 433px) 100vw, 433px\" \/><\/figure>\n\n\n\n<p><strong><em>IMPACTOS DA PANDEMIA<\/em><\/strong><\/p>\n\n\n\n<p>A vulnerabilidade social \u00e9 uma realidade na vida dos brasileiros, de acordo com estudos feitos pelo World Inequality Lab (Laborat\u00f3rio das Desigualdades Mundiais), que integra a Escola de Economia de Paris, em 2021, o Brasil permanece sendo um dos pa\u00edses com maior desigualdade social e de renda do mundo.<\/p>\n\n\n\n<p>A desigualdade \u00e9 uma realidade dos brasileiros, mas com a covid-19 e os reflexos da pandemia essa veracidade foi ainda mais exposta. No dia a dia comum do pa\u00eds, nos deparamos com pessoas em vulnerabilidade social e econ\u00f4mica, aumento da fome e desnutri\u00e7\u00e3o, fam\u00edlias sem recursos ou qualquer ajuda financeira. \u00c9 poss\u00edvel perceber que o percentual de extrema fome e falta de oportunidades profissionais tem crescido muito mais nos \u00faltimos dois anos.<\/p>\n\n\n\n<p>\u00c9 muito mais comum ver fam\u00edlias em situa\u00e7\u00f5es vulner\u00e1veis morando em locais de espa\u00e7os reduzidos, sem acesso \u00e0 \u00e1gua pot\u00e1vel e tratamento de esgoto, por exemplo, por isso, um estudo do Instituto Trata Brasil, a covid-19 contamina muito mais em \u00e1reas que n\u00e3o tem saneamento b\u00e1sico. Outro pilar muito importante a ser destacado \u00e9 a suspens\u00e3o de aulas por conta da transmiss\u00e3o do v\u00edrus. A suspens\u00e3o das aulas foi um agravador que cooperou para a vulnerabilidade social de muitas fam\u00edlias.<\/p>\n\n\n\n<figure class=\"wp-block-image size-large\"><img data-recalc-dims=\"1\" decoding=\"async\" width=\"547\" height=\"364\" src=\"https:\/\/i0.wp.com\/acatraia.ufac.br\/wp-content\/uploads\/2022\/02\/Imagem4pan.jpg?resize=547%2C364&#038;ssl=1\" alt=\"\" class=\"wp-image-2252\" srcset=\"https:\/\/i0.wp.com\/acatraia.ufac.br\/wp-content\/uploads\/2022\/02\/Imagem4pan.jpg?w=547&amp;ssl=1 547w, https:\/\/i0.wp.com\/acatraia.ufac.br\/wp-content\/uploads\/2022\/02\/Imagem4pan.jpg?resize=300%2C200&amp;ssl=1 300w\" sizes=\"(max-width: 547px) 100vw, 547px\" \/><\/figure>\n\n\n\n<p><em>&nbsp;Foto: Odair Leal\/Secom<\/em><em><\/em><\/p>\n\n\n\n<p>Crian\u00e7as e adolescentes faziam suas \u00fanicas refei\u00e7\u00f5es do dia nas escolas e o acesso \u00e0 educa\u00e7\u00e3o tornava o momento atual desses jovens menos assustador, afinal, enxergavam uma sa\u00edda para um futuro melhor. A situa\u00e7\u00e3o ficou ainda pior quando o ensino remoto foi adotado. Muitos jovens ficaram sem estudar por n\u00e3o terem acesso \u00e0 tecnologia. Um levantamento feito pela TIC Educa\u00e7\u00e3o, apontou que 39% dos estudantes de escolas p\u00fablicas urbanas n\u00e3o possuem computador em casa, j\u00e1 os de escolas particulares o \u00edndice \u00e9 de 9%.<\/p>\n\n\n\n<p><strong><em>POL\u00cdTICAS P\u00daBLICAS NA PANDEMIA<\/em><\/strong><\/p>\n\n\n\n<p>Segundo o levantamento feito pela Funda\u00e7\u00e3o Get\u00falio Vargas Social (FGV Social) durante a pesquisa Desigualdade de Impactos Trabalhista na Pandemia, a queda de renda entre os 10% mais ricos ficou em -7,16%, representando menos de \u2153 da queda de renda da metade mais pobre.<\/p>\n\n\n\n<p>O professor Marcelo Neri, que conduziu a pesquisa, afirmou que o aumento do desemprego foi a causa de pouco mais da metade, -11,5%, da queda de renda de -21,5% dos mais pobres. Trabalhadores deixaram o trabalho ou foram demitidos, sem perspectivas de encontrar outra oportunidade de emprego durante a pandemia.<\/p>\n\n\n\n<p>Diante de pesquisas e dados como esses, o governo federal lan\u00e7ou o Aux\u00edlio Emergencial ou <em>coronavoucher, <\/em>que nada mais \u00e9 que um programa de renda m\u00ednima aos brasileiros encontrados em situa\u00e7\u00e3o de vulnerabilidade social, com o objetivo de diminuir os impactos econ\u00f4micos causados pela pandemia. O site do governo federal (<a href=\"about:blank\">www.gov.br<\/a>) publicou que em junho de 2020 mais de 63,5 milh\u00f5es de brasileiros receberam o aux\u00edlio emergencial.<\/p>\n\n\n\n<figure class=\"wp-block-image size-large\"><img data-recalc-dims=\"1\" loading=\"lazy\" decoding=\"async\" width=\"496\" height=\"297\" src=\"https:\/\/i0.wp.com\/acatraia.ufac.br\/wp-content\/uploads\/2022\/02\/Imagem5pan.jpg?resize=496%2C297&#038;ssl=1\" alt=\"\" class=\"wp-image-2253\" srcset=\"https:\/\/i0.wp.com\/acatraia.ufac.br\/wp-content\/uploads\/2022\/02\/Imagem5pan.jpg?w=496&amp;ssl=1 496w, https:\/\/i0.wp.com\/acatraia.ufac.br\/wp-content\/uploads\/2022\/02\/Imagem5pan.jpg?resize=300%2C180&amp;ssl=1 300w, https:\/\/i0.wp.com\/acatraia.ufac.br\/wp-content\/uploads\/2022\/02\/Imagem5pan.jpg?resize=400%2C240&amp;ssl=1 400w\" sizes=\"(max-width: 496px) 100vw, 496px\" \/><\/figure>\n\n\n\n<p><em>Imagem: site Ag\u00eancia Brasil<\/em><\/p>\n\n\n\n<p>No estado do Acre, tamb\u00e9m houve uma mobiliza\u00e7\u00e3o para colocar comida na mesa das fam\u00edlias em vulnerabilidade socioecon\u00f4mica. O governo do Estado, por meio da secretaria de Assist\u00eancia Social, dos Direitos Humanos e Pol\u00edticas para as mulheres (SEASDHM), lan\u00e7ou o programa Aux\u00edlio do Bem. Consiste basicamente em cart\u00f5es com valores de R $150 a R $550, dependendo da situa\u00e7\u00e3o de cada fam\u00edlia cadastrada no Cad\u00fanico, com a renda per capita de at\u00e9 R $178 e n\u00e3o inseridas em algum programa do governo federal.<\/p>\n\n\n\n<p>O intuito \u00e9 de ajudar os mais necessitados, que n\u00e3o possuem nenhum benef\u00edcio, com os cart\u00f5es, os com\u00e9rcios autorizados e parceiros do governo do estado, as fam\u00edlias poderiam comprar alimentos durante tr\u00eas meses. O cart\u00e3o era recarregado automaticamente todo in\u00edcio do m\u00eas.<\/p>\n","protected":false},"excerpt":{"rendered":"<p>Por Camila Santos Gomes e Emilly Maria Souza dos Santos A pandemia da covid-19 chegou rapidamente ao Brasil e foi declarada de forma repentina pela Organiza\u00e7\u00e3o Mundial de Sa\u00fade (OMS) em 11 de mar\u00e7o de 2020. Uma doen\u00e7a nova neste pa\u00eds, desconhecida e que quem travaria essa batalha seriam \u201cmurros no escuro\u201d. De acordo com [&hellip;]<\/p>\n","protected":false},"author":1,"featured_media":2249,"comment_status":"open","ping_status":"open","sticky":false,"template":"","format":"standard","meta":{"_jetpack_memberships_contains_paid_content":false,"footnotes":"","jetpack_publicize_message":"","jetpack_publicize_feature_enabled":true,"jetpack_social_post_already_shared":true,"jetpack_social_options":{"image_generator_settings":{"template":"highway","default_image_id":0,"enabled":false},"version":2}},"categories":[3],"tags":[8],"coauthors":[],"class_list":["post-2247","post","type-post","status-publish","format-standard","has-post-thumbnail","hentry","category-corriqueiras","tag-destaque"],"jetpack_publicize_connections":[],"jetpack_featured_media_url":"https:\/\/i0.wp.com\/acatraia.ufac.br\/wp-content\/uploads\/2022\/02\/imagpan01.jpg?fit=2400%2C1832&ssl=1","jetpack_sharing_enabled":true,"amp_enabled":true,"_links":{"self":[{"href":"https:\/\/acatraia.ufac.br\/index.php?rest_route=\/wp\/v2\/posts\/2247","targetHints":{"allow":["GET"]}}],"collection":[{"href":"https:\/\/acatraia.ufac.br\/index.php?rest_route=\/wp\/v2\/posts"}],"about":[{"href":"https:\/\/acatraia.ufac.br\/index.php?rest_route=\/wp\/v2\/types\/post"}],"author":[{"embeddable":true,"href":"https:\/\/acatraia.ufac.br\/index.php?rest_route=\/wp\/v2\/users\/1"}],"replies":[{"embeddable":true,"href":"https:\/\/acatraia.ufac.br\/index.php?rest_route=%2Fwp%2Fv2%2Fcomments&post=2247"}],"version-history":[{"count":1,"href":"https:\/\/acatraia.ufac.br\/index.php?rest_route=\/wp\/v2\/posts\/2247\/revisions"}],"predecessor-version":[{"id":2254,"href":"https:\/\/acatraia.ufac.br\/index.php?rest_route=\/wp\/v2\/posts\/2247\/revisions\/2254"}],"wp:featuredmedia":[{"embeddable":true,"href":"https:\/\/acatraia.ufac.br\/index.php?rest_route=\/wp\/v2\/media\/2249"}],"wp:attachment":[{"href":"https:\/\/acatraia.ufac.br\/index.php?rest_route=%2Fwp%2Fv2%2Fmedia&parent=2247"}],"wp:term":[{"taxonomy":"category","embeddable":true,"href":"https:\/\/acatraia.ufac.br\/index.php?rest_route=%2Fwp%2Fv2%2Fcategories&post=2247"},{"taxonomy":"post_tag","embeddable":true,"href":"https:\/\/acatraia.ufac.br\/index.php?rest_route=%2Fwp%2Fv2%2Ftags&post=2247"},{"taxonomy":"author","embeddable":true,"href":"https:\/\/acatraia.ufac.br\/index.php?rest_route=%2Fwp%2Fv2%2Fcoauthors&post=2247"}],"curies":[{"name":"wp","href":"https:\/\/api.w.org\/{rel}","templated":true}]}}