{"id":2241,"date":"2022-01-31T19:28:09","date_gmt":"2022-02-01T00:28:09","guid":{"rendered":"https:\/\/acatraia.ufac.br\/?p=2241"},"modified":"2025-06-25T20:36:16","modified_gmt":"2025-06-26T01:36:16","slug":"acreanos-migram-para-outros-estados-em-busca-de-emprego-e-qualidade-de-vida","status":"publish","type":"post","link":"https:\/\/acatraia.ufac.br\/?p=2241","title":{"rendered":"Acreanos migram para outros estados em busca de emprego e qualidade de vida"},"content":{"rendered":"\n<p><em>&#8220;Eu gosto muito da minha cidade, mas infelizmente l\u00e1 n\u00e3o tem muitas oportunidades de emprego e nem de crescimento\u201d, disse a banc\u00e1ria La\u00eds Torres.<\/em><\/p>\n\n\n\n<p><strong>Por Ad\u00e9lia Galdino e Carolina Torres<\/strong><\/p>\n\n\n\n<p>O processo migrat\u00f3rio no&nbsp; estado do Acre tem se alavancado&nbsp; para o Sul e o Sudeste, em decorr\u00eancia de v\u00e1rios problemas enfrentados pela popula\u00e7\u00e3o acreana, como a falta de seguran\u00e7a p\u00fablica, al\u00e9m da aus\u00eancia de emprego e qualidade de vida. Estados pequenos e menos desenvolvidos como o Acre, que s\u00e3o distantes do resto do Brasil, sofrem consequ\u00eancias com os elevados custos em transporte, alimenta\u00e7\u00e3o, sa\u00fade, moradia entre outros.&nbsp;<\/p>\n\n\n\n<p>Os acreanos t\u00eam pesquisado <a href=\"https:\/\/www.maioresemelhores.com\/melhores-cidades-para-viver-no-brasil\/\">cidades perfeitas<\/a> para se morar, e planejado a t\u00e3o sonhada mudan\u00e7a para outro estado, as principais escolhas t\u00eam sido cidades do Sul e Sudeste, que oferecem benef\u00edcios que n\u00e3o s\u00e3o encontrados no Acre. Como a publicit\u00e1ria Larissa Castro, a correspondente banc\u00e1ria La\u00eds Torres e a aposentada federal, Margarida Reis, que resolveram se mudar para Curitiba-Paran\u00e1 e&nbsp; Florian\u00f3polis-SC.<\/p>\n\n\n\n<p>As entrevistadas relatam o processo de mudan\u00e7a desde suas aspira\u00e7\u00f5es, dificuldades e sonhos, que envolvem organiza\u00e7\u00e3o e planejamento para conseguirem se estabilizar em um novo lugar.<\/p>\n\n\n\n<p>A publicit\u00e1ria e bacharel em direito Larissa Castro, de 29 anos, \u00e9 natural da cidade de Feij\u00f3, no entanto morava na capital Rio Branco. Em 2021 ela resolveu se mudar para Curitiba \u2013 Paran\u00e1.&nbsp;&nbsp;<\/p>\n\n\n\n<figure class=\"wp-block-image size-large\"><img data-recalc-dims=\"1\" fetchpriority=\"high\" decoding=\"async\" width=\"740\" height=\"555\" src=\"https:\/\/i0.wp.com\/acatraia.ufac.br\/wp-content\/uploads\/2022\/01\/WhatsApp-Image-2022-01-10-at-18.39.16.jpeg?resize=740%2C555&#038;ssl=1\" alt=\"\" class=\"wp-image-2243\" srcset=\"https:\/\/i0.wp.com\/acatraia.ufac.br\/wp-content\/uploads\/2022\/01\/WhatsApp-Image-2022-01-10-at-18.39.16.jpeg?resize=1024%2C768&amp;ssl=1 1024w, https:\/\/i0.wp.com\/acatraia.ufac.br\/wp-content\/uploads\/2022\/01\/WhatsApp-Image-2022-01-10-at-18.39.16.jpeg?resize=300%2C225&amp;ssl=1 300w, https:\/\/i0.wp.com\/acatraia.ufac.br\/wp-content\/uploads\/2022\/01\/WhatsApp-Image-2022-01-10-at-18.39.16.jpeg?resize=768%2C576&amp;ssl=1 768w, https:\/\/i0.wp.com\/acatraia.ufac.br\/wp-content\/uploads\/2022\/01\/WhatsApp-Image-2022-01-10-at-18.39.16.jpeg?resize=1536%2C1152&amp;ssl=1 1536w, https:\/\/i0.wp.com\/acatraia.ufac.br\/wp-content\/uploads\/2022\/01\/WhatsApp-Image-2022-01-10-at-18.39.16.jpeg?w=1600&amp;ssl=1 1600w, https:\/\/i0.wp.com\/acatraia.ufac.br\/wp-content\/uploads\/2022\/01\/WhatsApp-Image-2022-01-10-at-18.39.16.jpeg?w=1480&amp;ssl=1 1480w\" sizes=\"(max-width: 740px) 100vw, 740px\" \/><\/figure>\n\n\n\n<p>Larissa relata que sempre teve vontade de sair do Acre. \u201cPor\u00e9m , ainda n\u00e3o tinha estabilidade e nem independ\u00eancia financeira para isso. Me organizei, me estruturei e quando tive a oportunidade eu sa\u00ed.&nbsp;Mudei juntamente com meu noivo\u201d.<\/p>\n\n\n\n<p>No estado do Acre ela trabalhava como coordenadora de Marketing em uma empresa e um dos problemas era a limita\u00e7\u00e3o oferecida pelo estado.\u00a0 \u201cO \u00fanico problema mesmo era a limita\u00e7\u00e3o que o estado oferece. Sempre quis me desenvolver mais profissionalmente e no Acre eu n\u00e3o tinha isso\u201d, afirma a publicit\u00e1ria.\u00a0<\/p>\n\n\n\n<p>A feijoense destaca que a cidade de Curitiba oferece melhor qualidade de vida, com mais oportunidades de emprego, pr\u00f3ximo de grandes centros e de outras cidades. \u201cCom apenas 1h30min de carro j\u00e1 estou no litoral, posso pegar uma praia, coisa que n\u00e3o tinha no Acre\u201d.\u00a0 Al\u00e9m disso, Curitiba foi eleita a melhor capital para se viver em 2021, possuindo um dos melhores \u00edndices de desenvolvimento humano (IDH) do Brasil.<\/p>\n\n\n\n<p>Atualmente, Larissa trabalha em home office. \u201cMeu contrato \u00e9 de teletrabalho, ent\u00e3o, para qualquer lugar do Brasil eu poderia ir. Por\u00e9m, escolhi Curitiba\u201d. Ela tamb\u00e9m faz uma compara\u00e7\u00e3o com rela\u00e7\u00e3o \u00e0 m\u00e9dia salarial do Acre ao de Curitiba, \u201cO sal\u00e1rio tamb\u00e9m est\u00e1 na m\u00e9dia\u00a0exigida do piso salarial da minha profiss\u00e3o. No Acre eu trabalhava presencialmente e tinha uma qualidade  inferior ao que eu tenho agora. Hoje consigo trabalhar de casa, juntamente com meu noivo. N\u00e3o preciso pegar tr\u00e2nsito,\u00a0tenho meus animais perto de mim e tenho uma sa\u00fade mental muito melhor\u201d.\u00a0<\/p>\n\n\n\n<p>Uma das dificuldades relatadas \u00e9 a dist\u00e2ncia da fam\u00edlia e ter que se adaptar a novas culturas. \u201cFora isso, est\u00e1 tudo muito maravilhoso. Sempre fui muito flex\u00edvel a mudan\u00e7as\u201d.<\/p>\n\n\n\n<p>A publicit\u00e1ria deixa algumas recomenda\u00e7\u00f5es para quem tamb\u00e9m planeja um dia se mudar para Curitiba ou outra cidade do Brasil. \u201cPrimeiro, organiza\u00e7\u00e3o. \u00c9 necess\u00e1rio se organizar financeiramente e ter pelo menos um valor de emerg\u00eancia para se manter pelo menos uns 3 meses. \u00c9 necess\u00e1rio tamb\u00e9m muito planejamento e  coragem. N\u00e3o foi f\u00e1cil abandonar uma vida profissional est\u00e1vel e toda minha fam\u00edlia, por\u00e9m, n\u00e3o me arrependo\u201d, recomenda Larissa.<\/p>\n\n\n\n<p><strong>Oportunidades de emprego<\/strong><\/p>\n\n\n\n<p>La\u00eds Andr\u00e9a Torres da Silva tamb\u00e9m \u00e9 uma das v\u00e1rias pessoas que se mudaram para Florian\u00f3polis \u2013 Santa Catarina, com 24 anos, \u00e9 formada em Ci\u00eancias Biol\u00f3gicas pela Universidade Federal do Acre (UFAC), e morava em Rio Branco.<\/p>\n\n\n\n<figure class=\"wp-block-image size-large\"><img data-recalc-dims=\"1\" decoding=\"async\" width=\"740\" height=\"987\" src=\"https:\/\/i0.wp.com\/acatraia.ufac.br\/wp-content\/uploads\/2022\/01\/WhatsApp-Image-2022-01-11-at-21.17.27-1.jpeg?resize=740%2C987&#038;ssl=1\" alt=\"\" class=\"wp-image-2244\" srcset=\"https:\/\/i0.wp.com\/acatraia.ufac.br\/wp-content\/uploads\/2022\/01\/WhatsApp-Image-2022-01-11-at-21.17.27-1.jpeg?resize=768%2C1024&amp;ssl=1 768w, https:\/\/i0.wp.com\/acatraia.ufac.br\/wp-content\/uploads\/2022\/01\/WhatsApp-Image-2022-01-11-at-21.17.27-1.jpeg?resize=225%2C300&amp;ssl=1 225w, https:\/\/i0.wp.com\/acatraia.ufac.br\/wp-content\/uploads\/2022\/01\/WhatsApp-Image-2022-01-11-at-21.17.27-1.jpeg?resize=1152%2C1536&amp;ssl=1 1152w, https:\/\/i0.wp.com\/acatraia.ufac.br\/wp-content\/uploads\/2022\/01\/WhatsApp-Image-2022-01-11-at-21.17.27-1.jpeg?w=1200&amp;ssl=1 1200w\" sizes=\"(max-width: 740px) 100vw, 740px\" \/><\/figure>\n\n\n\n<p>Ela destaca que devido \u00e0 pandemia apenas estudava e a falta de emprego foi um dos motivadores para a mudan\u00e7a. \u201cEu gosto muito da minha cidade, mas infelizmente l\u00e1 n\u00e3o tem muitas oportunidades de emprego e nem de crescimento, fiquei muito tempo lutando para conseguir um emprego para que eu pudesse me manter e n\u00e3o conseguia em lugar nenhum. Isso foi um dos grandes motivos que me fez vir embora e mudar totalmente a minha vida\u201d.<\/p>\n\n\n\n<p>La\u00eds destaca que o apoio de familiares e amigos foi um fator importante para a mudan\u00e7a, al\u00e9m da possibilidade de obter novas oportunidades de emprego, crescimento e qualidade de vida. \u201cEu vim com uma outra amiga, tive ajuda dela e apoio da minha m\u00e3e. O que me inspirou a sair do Acre foi a busca por novas oportunidades de crescimento e poder ter melhores condi\u00e7\u00f5es de vida. Escolhi Florian\u00f3polis porque a cidade me apresentou tudo isso. E aqui eu tenho feito muita coisa que em Rio Branco eu s\u00f3 sonhava. \u00c9 uma cidade linda e cheia de oportunidades\u201d.<\/p>\n\n\n\n<p>Atualmente La\u00eds \u00e9 correspondente banc\u00e1ria no Paran\u00e1 Banco. Ela destaca que apareceram muitas oportunidades de emprego e escolheu o que melhor se encaixava com seus hor\u00e1rios dispon\u00edveis. \u201cAssim que cheguei aqui, eu consegui um emprego na primeira semana, s\u00f3 que n\u00e3o batia com os meus hor\u00e1rios de aula, pois eu ainda estava em ensino remoto pela UFAC. Ent\u00e3o, eu sa\u00ed e consegui esse bem r\u00e1pido, porque aqui tem muitas vagas de emprego. Voc\u00ea encontra vagas de emprego a cada esquina que voc\u00ea passa, vagas boas para todas as profiss\u00f5es\u201d.<\/p>\n\n\n\n<p>Ela relata um pouco das dificuldades iniciais em Florian\u00f3polis: \u201cestou amando morar aqui, s\u00f3 ainda n\u00e3o me acostumei \u00e0s baixas temperaturas. No in\u00edcio foi um pouco assustador estar t\u00e3o longe da minha fam\u00edlia e amigos\u201d.<\/p>\n\n\n\n<p>A banc\u00e1ria comenta que deseja voltar ao Acre apenas para visitar, mas que n\u00e3o pensa em morar novamente. Ela d\u00e1 algumas recomenda\u00e7\u00f5es para quem deseja fazer uma mudan\u00e7a de vida.\u00a0 \u201cPara quem pensa em sair do Acre, eu recomendo muito, pois voc\u00ea v\u00ea um leque de oportunidades que se abrem em outros lugares. S\u00f3 que tem que ir preparado para tudo, at\u00e9 conseguir se estabilizar em uma nova cidade\u201d, sugere La\u00eds.<\/p>\n\n\n\n<p><strong>Um local para quem busca sossego&nbsp;<\/strong><\/p>\n\n\n\n<p>Florian\u00f3polis, al\u00e9m de ser um lugar para quem procura emprego, tamb\u00e9m \u00e9 muito buscado por quem quer descansar depois de muitos anos de trabalho, como aconteceu com a aposentada federal Margarida Reis, que escolheu a capital por conta das filhas, que residem l\u00e1 desde 2000. \u201cAo me aposentar, h\u00e1 11 anos atr\u00e1s, vim com o meu marido morar aqui. No come\u00e7o foi dif\u00edcil a adapta\u00e7\u00e3o, mas hoje gostamos muito, temos uma boa qualidade de vida, um bom c\u00edrculo de amigos, a viol\u00eancia \u00e9 baixa e o sistema de sa\u00fade \u00e9 muito bom\u201d. Mas ela destaca que viver fora do Acre \u00e9 viver de saudades. E sempre que pode retorna para visitar os amigos e familiares.<\/p>\n","protected":false},"excerpt":{"rendered":"<p>&#8220;Eu gosto muito da minha cidade, mas infelizmente l\u00e1 n\u00e3o tem muitas oportunidades de emprego e nem de crescimento\u201d, disse a banc\u00e1ria La\u00eds Torres. Por Ad\u00e9lia Galdino e Carolina Torres O processo migrat\u00f3rio no&nbsp; estado do Acre tem se alavancado&nbsp; para o Sul e o Sudeste, em decorr\u00eancia de v\u00e1rios problemas enfrentados pela popula\u00e7\u00e3o acreana, [&hellip;]<\/p>\n","protected":false},"author":1,"featured_media":2242,"comment_status":"open","ping_status":"open","sticky":false,"template":"","format":"standard","meta":{"_jetpack_memberships_contains_paid_content":false,"footnotes":"","jetpack_publicize_message":"","jetpack_publicize_feature_enabled":true,"jetpack_social_post_already_shared":true,"jetpack_social_options":{"image_generator_settings":{"template":"highway","default_image_id":0,"enabled":false},"version":2}},"categories":[3],"tags":[8],"coauthors":[7],"class_list":["post-2241","post","type-post","status-publish","format-standard","has-post-thumbnail","hentry","category-corriqueiras","tag-destaque"],"jetpack_publicize_connections":[],"jetpack_featured_media_url":"https:\/\/i0.wp.com\/acatraia.ufac.br\/wp-content\/uploads\/2022\/01\/Grande-Florianopolis-2-1.png?fit=2792%2C1800&ssl=1","jetpack_sharing_enabled":true,"amp_enabled":true,"_links":{"self":[{"href":"https:\/\/acatraia.ufac.br\/index.php?rest_route=\/wp\/v2\/posts\/2241","targetHints":{"allow":["GET"]}}],"collection":[{"href":"https:\/\/acatraia.ufac.br\/index.php?rest_route=\/wp\/v2\/posts"}],"about":[{"href":"https:\/\/acatraia.ufac.br\/index.php?rest_route=\/wp\/v2\/types\/post"}],"author":[{"embeddable":true,"href":"https:\/\/acatraia.ufac.br\/index.php?rest_route=\/wp\/v2\/users\/1"}],"replies":[{"embeddable":true,"href":"https:\/\/acatraia.ufac.br\/index.php?rest_route=%2Fwp%2Fv2%2Fcomments&post=2241"}],"version-history":[{"count":6,"href":"https:\/\/acatraia.ufac.br\/index.php?rest_route=\/wp\/v2\/posts\/2241\/revisions"}],"predecessor-version":[{"id":4661,"href":"https:\/\/acatraia.ufac.br\/index.php?rest_route=\/wp\/v2\/posts\/2241\/revisions\/4661"}],"wp:featuredmedia":[{"embeddable":true,"href":"https:\/\/acatraia.ufac.br\/index.php?rest_route=\/wp\/v2\/media\/2242"}],"wp:attachment":[{"href":"https:\/\/acatraia.ufac.br\/index.php?rest_route=%2Fwp%2Fv2%2Fmedia&parent=2241"}],"wp:term":[{"taxonomy":"category","embeddable":true,"href":"https:\/\/acatraia.ufac.br\/index.php?rest_route=%2Fwp%2Fv2%2Fcategories&post=2241"},{"taxonomy":"post_tag","embeddable":true,"href":"https:\/\/acatraia.ufac.br\/index.php?rest_route=%2Fwp%2Fv2%2Ftags&post=2241"},{"taxonomy":"author","embeddable":true,"href":"https:\/\/acatraia.ufac.br\/index.php?rest_route=%2Fwp%2Fv2%2Fcoauthors&post=2241"}],"curies":[{"name":"wp","href":"https:\/\/api.w.org\/{rel}","templated":true}]}}