{"id":2220,"date":"2022-01-19T21:01:23","date_gmt":"2022-01-20T02:01:23","guid":{"rendered":"https:\/\/acatraia.ufac.br\/?p=2220"},"modified":"2022-01-19T21:01:25","modified_gmt":"2022-01-20T02:01:25","slug":"principais-aeroportos-do-acre-serao-cedidos-a-administracao-privada-pelos-proximos-30-anos","status":"publish","type":"post","link":"https:\/\/acatraia.ufac.br\/?p=2220","title":{"rendered":"Principais aeroportos do Acre ser\u00e3o cedidos a administra\u00e7\u00e3o privada pelos pr\u00f3ximos 30 anos"},"content":{"rendered":"\n<p><em>Ser\u00e3o concedidos 22 aeroportos brasileiros a empresas privadas ao longo de 3 d\u00e9cadas, dentre eles os principais aeroportos do norte do Brasil<\/em><\/p>\n\n\n\n<p><strong>Por Eduardo Menezes Almeida<\/strong><\/p>\n\n\n\n<p>A empresa francesa Vinci Airports, arrematou no dia 7 de abril, em um <a href=\"https:\/\/g1.globo.com\/economia\/noticia\/2021\/04\/05\/governo-preve-leiloar-nesta-semana-22-aeroportos-1-ferrovia-e-5-terminais-portuarios.ghtml\" data-type=\"URL\" data-id=\"https:\/\/g1.globo.com\/economia\/noticia\/2021\/04\/05\/governo-preve-leiloar-nesta-semana-22-aeroportos-1-ferrovia-e-5-terminais-portuarios.ghtml\">leil\u00e3o realizado na bolsa de valores de S\u00e3o Paulo<\/a>, os dois maiores aeroportos do estado, localizados nas cidades de Rio Branco e Cruzeiro do Sul. A concess\u00e3o faz parte da 6\u00aa rodada de privatiza\u00e7\u00f5es do governo federal, organizadas pelo do Minist\u00e9rio da infraestrutura.<\/p>\n\n\n\n<p>Al\u00e9m dos aeroportos acreanos, a empresa tamb\u00e9m arrematou outros 5 terminais que compunham o bloco Norte, que s\u00e3o eles: Porto Velho (RO), Boa vista (RR), Manaus, Tef\u00e9 e Tabatinga (AM). O lance de R$ 420 milh\u00f5es foi 777,47% a mais do que o m\u00ednimo exigido pelo governo, uma das imposi\u00e7\u00f5es do minist\u00e9rio da infraestrutura era de que o valor de arremate deveria ser pago \u00e0 vista.<\/p>\n\n\n\n<p>A Vinci Airports \u00e9 uma das principais operadoras aeroportu\u00e1rias do mundo, administra aeroportos na Europa, \u00c1sia e nas Am\u00e9ricas do Norte, Sul e Central. Aqui no Brasil, desde 2018. Administra o aeroporto internacional de Salvador, na Bahia.<\/p>\n\n\n\n<p>A concess\u00e3o permite a explora\u00e7\u00e3o de servi\u00e7os nos aeroportos arrematados, como a cobran\u00e7a da taxa de embarque e o aluguel predial das companhias a\u00e9reas. Por\u00e9m, ao mesmo tempo, ter\u00e1 que investir quase R$ 1,5 bilh\u00e3o ao longo do per\u00edodo de concess\u00e3o para melhorar a estrutura em todos eles.<\/p>\n\n\n\n<p>O representante da empresa no Brasil, J\u00falio Ribas, disse que a gest\u00e3o desses 7 aeroportos ser\u00e1 pautada pela sustentabilidade, Ribas acredita que esses aeroportos ter\u00e3o uma import\u00e2ncia significativa para a retomada da economia brasileira em um cen\u00e1rio p\u00f3s pandemia. \u201cO Norte depende da conex\u00e3o a\u00e9rea com o restante do pa\u00eds, n\u00e3o h\u00e1 estradas suficientes na regi\u00e3o. Manaus pode vim a se tornar um hub de conex\u00f5es como \u00e9 a cidade do Panam\u00e1, o aeroporto tem capacidade suficiente para conectar as tr\u00eas Am\u00e9ricas\u201d, concluiu J\u00falio em uma sess\u00e3o de imprensa ap\u00f3s o arremate dos aeroportos.<\/p>\n\n\n\n<figure class=\"wp-block-image size-large\"><img data-recalc-dims=\"1\" fetchpriority=\"high\" decoding=\"async\" width=\"740\" height=\"455\" src=\"https:\/\/i0.wp.com\/acatraia.ufac.br\/wp-content\/uploads\/2022\/01\/Aeroporto-de-Rio-Branco.jpg?resize=740%2C455&#038;ssl=1\" alt=\"\" class=\"wp-image-2221\" srcset=\"https:\/\/i0.wp.com\/acatraia.ufac.br\/wp-content\/uploads\/2022\/01\/Aeroporto-de-Rio-Branco.jpg?w=1024&amp;ssl=1 1024w, https:\/\/i0.wp.com\/acatraia.ufac.br\/wp-content\/uploads\/2022\/01\/Aeroporto-de-Rio-Branco.jpg?resize=300%2C185&amp;ssl=1 300w, https:\/\/i0.wp.com\/acatraia.ufac.br\/wp-content\/uploads\/2022\/01\/Aeroporto-de-Rio-Branco.jpg?resize=768%2C473&amp;ssl=1 768w\" sizes=\"(max-width: 740px) 100vw, 740px\" \/><figcaption>Em 2020, o aeroporto internacional de Rio Branco \u2013 Pl\u00e1cido de Castro teve um movimento de 186.102 passageiros<\/figcaption><\/figure>\n\n\n\n<p>Os aeroportos de Rio Branco e Cruzeiro do Sul s\u00e3o os mais movimentados do estado do estado do Acre. Em 2020, o aeroporto internacional de Rio Branco \u2013 Pl\u00e1cido de Castro teve um movimento de 186.102 passageiros, j\u00e1 o aeroporto internacional de Cruzeiro do Sul teve um movimento estimado de 19.199 passageiros, fazendo desses o s\u00e9timo e o d\u00e9cimo quarto aeroportos mais movimentados da regi\u00e3o norte, segundos dados da Ag\u00eancia Nacional de Avia\u00e7\u00e3o Civil (Anac).<\/p>\n\n\n\n<p>Segundo o doutor em economia e professor da universidade federal do Acre, Rubicles Gomes da Silva, o governo federal vive em uma constante crise fiscal, o que impossibilita o cont\u00ednuo investimento em \u00e1reas como as do transporte. \u201cAs privatiza\u00e7\u00f5es est\u00e3o vindo como uma forma do governo suprir a sua falta de capital, espera-se que com essas concess\u00f5es haja um maior leque de oportunidades em um cen\u00e1rio p\u00f3s pandemia, principalmente para n\u00f3s acreanos que sofremos com os altos custos das passagens a\u00e9reas e a escassez de voos\u201d.<\/p>\n","protected":false},"excerpt":{"rendered":"<p>Ser\u00e3o concedidos 22 aeroportos brasileiros a empresas privadas ao longo de 3 d\u00e9cadas, dentre eles os principais aeroportos do norte do Brasil Por Eduardo Menezes Almeida A empresa francesa Vinci Airports, arrematou no dia 7 de abril, em um leil\u00e3o realizado na bolsa de valores de S\u00e3o Paulo, os dois maiores aeroportos do estado, localizados [&hellip;]<\/p>\n","protected":false},"author":1,"featured_media":2223,"comment_status":"open","ping_status":"open","sticky":false,"template":"","format":"standard","meta":{"_jetpack_memberships_contains_paid_content":false,"footnotes":"","jetpack_publicize_message":"","jetpack_publicize_feature_enabled":true,"jetpack_social_post_already_shared":true,"jetpack_social_options":{"image_generator_settings":{"template":"highway","default_image_id":0,"enabled":false},"version":2}},"categories":[3],"tags":[8],"coauthors":[],"class_list":["post-2220","post","type-post","status-publish","format-standard","has-post-thumbnail","hentry","category-corriqueiras","tag-destaque"],"jetpack_publicize_connections":[],"jetpack_featured_media_url":"https:\/\/i0.wp.com\/acatraia.ufac.br\/wp-content\/uploads\/2022\/01\/aeroporto-de-cruzeiro-do-sul-1-scaled.jpg?fit=2560%2C1920&ssl=1","jetpack_sharing_enabled":true,"amp_enabled":true,"_links":{"self":[{"href":"https:\/\/acatraia.ufac.br\/index.php?rest_route=\/wp\/v2\/posts\/2220","targetHints":{"allow":["GET"]}}],"collection":[{"href":"https:\/\/acatraia.ufac.br\/index.php?rest_route=\/wp\/v2\/posts"}],"about":[{"href":"https:\/\/acatraia.ufac.br\/index.php?rest_route=\/wp\/v2\/types\/post"}],"author":[{"embeddable":true,"href":"https:\/\/acatraia.ufac.br\/index.php?rest_route=\/wp\/v2\/users\/1"}],"replies":[{"embeddable":true,"href":"https:\/\/acatraia.ufac.br\/index.php?rest_route=%2Fwp%2Fv2%2Fcomments&post=2220"}],"version-history":[{"count":1,"href":"https:\/\/acatraia.ufac.br\/index.php?rest_route=\/wp\/v2\/posts\/2220\/revisions"}],"predecessor-version":[{"id":2224,"href":"https:\/\/acatraia.ufac.br\/index.php?rest_route=\/wp\/v2\/posts\/2220\/revisions\/2224"}],"wp:featuredmedia":[{"embeddable":true,"href":"https:\/\/acatraia.ufac.br\/index.php?rest_route=\/wp\/v2\/media\/2223"}],"wp:attachment":[{"href":"https:\/\/acatraia.ufac.br\/index.php?rest_route=%2Fwp%2Fv2%2Fmedia&parent=2220"}],"wp:term":[{"taxonomy":"category","embeddable":true,"href":"https:\/\/acatraia.ufac.br\/index.php?rest_route=%2Fwp%2Fv2%2Fcategories&post=2220"},{"taxonomy":"post_tag","embeddable":true,"href":"https:\/\/acatraia.ufac.br\/index.php?rest_route=%2Fwp%2Fv2%2Ftags&post=2220"},{"taxonomy":"author","embeddable":true,"href":"https:\/\/acatraia.ufac.br\/index.php?rest_route=%2Fwp%2Fv2%2Fcoauthors&post=2220"}],"curies":[{"name":"wp","href":"https:\/\/api.w.org\/{rel}","templated":true}]}}