{"id":2213,"date":"2022-01-17T18:45:35","date_gmt":"2022-01-17T23:45:35","guid":{"rendered":"https:\/\/acatraia.ufac.br\/?p=2213"},"modified":"2022-01-17T18:45:38","modified_gmt":"2022-01-17T23:45:38","slug":"animais-vitimas-de-maus-tratos-sao-destaque-no-mes-de-dezembro","status":"publish","type":"post","link":"https:\/\/acatraia.ufac.br\/?p=2213","title":{"rendered":"Animais v\u00edtimas de maus tratos s\u00e3o destaque no m\u00eas de dezembro"},"content":{"rendered":"\n<p><em>Campanha Dezembro Verde contra o abandono e maus tratos aos animais avan\u00e7a no Acre<\/em><\/p>\n\n\n\n<p><strong>Por Carolina Torres e Ad\u00e9lia Galdino<\/strong><\/p>\n\n\n\n<p>Com o foco em combater o abandono e os maus-tratos contra animais, 2021 terminou com uma nova causa apoiada no Acre, o \u201cDezembro Verde\u201d, uma campanha de conscientiza\u00e7\u00e3o brasileira realizada em v\u00e1rios munic\u00edpios durante o m\u00eas.<\/p>\n\n\n\n<p><br>Em Rio Branco \u00f3rg\u00e3os como a Assembleia Legislativa do Acre (Aleac), lan\u00e7aram a campanha e promoveram nas redes sociais, a iniciativa com base a Lei n\u00b0 3.757, de 13 de julho de 2021, de autoria do deputado Roberto Duarte (MDB), que torna de responsabilidade do autor de maus tratos aos animais, o custeio total do tratamento veterin\u00e1rio. O artigo 2\u00b0 desta lei estabelece que o n\u00e3o cumprimento da medida acarretar\u00e1 multa no valor de R$2 mil ao infrator.<\/p>\n\n\n\n<figure class=\"wp-block-image size-large\"><img data-recalc-dims=\"1\" fetchpriority=\"high\" decoding=\"async\" width=\"740\" height=\"620\" src=\"https:\/\/i0.wp.com\/acatraia.ufac.br\/wp-content\/uploads\/2022\/01\/1640227081803-1.jpeg?resize=740%2C620&#038;ssl=1\" alt=\"\" class=\"wp-image-2216\" srcset=\"https:\/\/i0.wp.com\/acatraia.ufac.br\/wp-content\/uploads\/2022\/01\/1640227081803-1.jpeg?w=940&amp;ssl=1 940w, https:\/\/i0.wp.com\/acatraia.ufac.br\/wp-content\/uploads\/2022\/01\/1640227081803-1.jpeg?resize=300%2C251&amp;ssl=1 300w, https:\/\/i0.wp.com\/acatraia.ufac.br\/wp-content\/uploads\/2022\/01\/1640227081803-1.jpeg?resize=768%2C644&amp;ssl=1 768w\" sizes=\"(max-width: 740px) 100vw, 740px\" \/><figcaption>A iniciativa para a campanha Dezembro Verde foi baseada na Lei n\u00b0 3.757, de 13 de julho de 2021, de autoria do deputado Roberto Duarte (MDB)<\/figcaption><\/figure>\n\n\n\n<p><br>O deputado Roberto Duarte destacou que anteriormente tentou destinar uma emenda para compra de um castrom\u00f3vel, mas devido \u00e0 demora n\u00e3o conseguiu ser utilizada, mas ao ver a lei em Rond\u00f4nia resolveu trazer para o Acre. \u201cNada mais justo que buscar toda e qualquer forma de puni\u00e7\u00e3o para quem pratica maus-tratos \u00e0 animais, seres t\u00e3o indefesos que n\u00e3o tem a menor culpa de estarem vivendo em condi\u00e7\u00e3o de rua\u201d, afirmou o deputado.<\/p>\n\n\n\n<p><br>Na cidade, h\u00e1 associa\u00e7\u00f5es como a Sociedade Amor a Quatro Patas, que resgatam animais em situa\u00e7\u00e3o de rua doentes e maltratados. A representante legal, Amanda Rebeka Lima de Souza, explica que o resgate do animal possui um ciclo, e que os pedidos s\u00e3o feitos por meio do Instagram da associa\u00e7\u00e3o. \u201cA associa\u00e7\u00e3o resgata, trata, vacina, castra e a\u00ed o animal est\u00e1 apto para ado\u00e7\u00e3o. Os pedidos chegam por meio das redes sociais da SAPQ, principalmente pelo Instagram. Postamos o pedido de ajuda (procurando padrinho, transporte e lar provis\u00f3rio), infelizmente a popula\u00e7\u00e3o t\u00eam muito medo de fazer den\u00fancia, n\u00e3o possuem o h\u00e1bito de gravar e nem de fazer v\u00eddeos\u201d, declarou Amanda.<\/p>\n\n\n\n<figure class=\"wp-block-image size-large\"><img data-recalc-dims=\"1\" decoding=\"async\" width=\"740\" height=\"740\" src=\"https:\/\/i0.wp.com\/acatraia.ufac.br\/wp-content\/uploads\/2022\/01\/saqp.jpg?resize=740%2C740&#038;ssl=1\" alt=\"\" class=\"wp-image-2217\" srcset=\"https:\/\/i0.wp.com\/acatraia.ufac.br\/wp-content\/uploads\/2022\/01\/saqp.jpg?resize=1024%2C1024&amp;ssl=1 1024w, https:\/\/i0.wp.com\/acatraia.ufac.br\/wp-content\/uploads\/2022\/01\/saqp.jpg?resize=300%2C300&amp;ssl=1 300w, https:\/\/i0.wp.com\/acatraia.ufac.br\/wp-content\/uploads\/2022\/01\/saqp.jpg?resize=150%2C150&amp;ssl=1 150w, https:\/\/i0.wp.com\/acatraia.ufac.br\/wp-content\/uploads\/2022\/01\/saqp.jpg?resize=768%2C768&amp;ssl=1 768w, https:\/\/i0.wp.com\/acatraia.ufac.br\/wp-content\/uploads\/2022\/01\/saqp.jpg?resize=1536%2C1536&amp;ssl=1 1536w, https:\/\/i0.wp.com\/acatraia.ufac.br\/wp-content\/uploads\/2022\/01\/saqp.jpg?resize=80%2C80&amp;ssl=1 80w, https:\/\/i0.wp.com\/acatraia.ufac.br\/wp-content\/uploads\/2022\/01\/saqp.jpg?resize=70%2C70&amp;ssl=1 70w, https:\/\/i0.wp.com\/acatraia.ufac.br\/wp-content\/uploads\/2022\/01\/saqp.jpg?w=1600&amp;ssl=1 1600w, https:\/\/i0.wp.com\/acatraia.ufac.br\/wp-content\/uploads\/2022\/01\/saqp.jpg?w=1480&amp;ssl=1 1480w\" sizes=\"(max-width: 740px) 100vw, 740px\" \/><figcaption>A Sociedade Amor a Quatro Patas resgata animais em situa\u00e7\u00e3o de rua doentes e maltratados e cuida desses animaisat\u00e9 estarem aptos para ado\u00e7\u00e3o<\/figcaption><\/figure>\n\n\n\n<p><br>A campanha ainda \u00e9 nova no estado, mas atrav\u00e9s de a\u00e7\u00f5es educativas, a popula\u00e7\u00e3o toma conhecimento sobre a import\u00e2ncia do animal de estima\u00e7\u00e3o e da guarda respons\u00e1vel, que evita penalidades previstas nas leis da natureza.<\/p>\n","protected":false},"excerpt":{"rendered":"<p>Campanha Dezembro Verde contra o abandono e maus tratos aos animais avan\u00e7a no Acre Por Carolina Torres e Ad\u00e9lia Galdino Com o foco em combater o abandono e os maus-tratos contra animais, 2021 terminou com uma nova causa apoiada no Acre, o \u201cDezembro Verde\u201d, uma campanha de conscientiza\u00e7\u00e3o brasileira realizada em v\u00e1rios munic\u00edpios durante o [&hellip;]<\/p>\n","protected":false},"author":1,"featured_media":2215,"comment_status":"open","ping_status":"open","sticky":false,"template":"","format":"standard","meta":{"_jetpack_memberships_contains_paid_content":false,"footnotes":"","jetpack_publicize_message":"","jetpack_publicize_feature_enabled":true,"jetpack_social_post_already_shared":true,"jetpack_social_options":{"image_generator_settings":{"template":"highway","default_image_id":0,"enabled":false},"version":2}},"categories":[3],"tags":[8],"coauthors":[],"class_list":["post-2213","post","type-post","status-publish","format-standard","has-post-thumbnail","hentry","category-corriqueiras","tag-destaque"],"jetpack_publicize_connections":[],"jetpack_featured_media_url":"https:\/\/i0.wp.com\/acatraia.ufac.br\/wp-content\/uploads\/2022\/01\/img_2379.jpg?fit=1688%2C1125&ssl=1","jetpack_sharing_enabled":true,"amp_enabled":true,"_links":{"self":[{"href":"https:\/\/acatraia.ufac.br\/index.php?rest_route=\/wp\/v2\/posts\/2213","targetHints":{"allow":["GET"]}}],"collection":[{"href":"https:\/\/acatraia.ufac.br\/index.php?rest_route=\/wp\/v2\/posts"}],"about":[{"href":"https:\/\/acatraia.ufac.br\/index.php?rest_route=\/wp\/v2\/types\/post"}],"author":[{"embeddable":true,"href":"https:\/\/acatraia.ufac.br\/index.php?rest_route=\/wp\/v2\/users\/1"}],"replies":[{"embeddable":true,"href":"https:\/\/acatraia.ufac.br\/index.php?rest_route=%2Fwp%2Fv2%2Fcomments&post=2213"}],"version-history":[{"count":1,"href":"https:\/\/acatraia.ufac.br\/index.php?rest_route=\/wp\/v2\/posts\/2213\/revisions"}],"predecessor-version":[{"id":2218,"href":"https:\/\/acatraia.ufac.br\/index.php?rest_route=\/wp\/v2\/posts\/2213\/revisions\/2218"}],"wp:featuredmedia":[{"embeddable":true,"href":"https:\/\/acatraia.ufac.br\/index.php?rest_route=\/wp\/v2\/media\/2215"}],"wp:attachment":[{"href":"https:\/\/acatraia.ufac.br\/index.php?rest_route=%2Fwp%2Fv2%2Fmedia&parent=2213"}],"wp:term":[{"taxonomy":"category","embeddable":true,"href":"https:\/\/acatraia.ufac.br\/index.php?rest_route=%2Fwp%2Fv2%2Fcategories&post=2213"},{"taxonomy":"post_tag","embeddable":true,"href":"https:\/\/acatraia.ufac.br\/index.php?rest_route=%2Fwp%2Fv2%2Ftags&post=2213"},{"taxonomy":"author","embeddable":true,"href":"https:\/\/acatraia.ufac.br\/index.php?rest_route=%2Fwp%2Fv2%2Fcoauthors&post=2213"}],"curies":[{"name":"wp","href":"https:\/\/api.w.org\/{rel}","templated":true}]}}