{"id":2204,"date":"2022-01-11T21:05:13","date_gmt":"2022-01-12T02:05:13","guid":{"rendered":"https:\/\/acatraia.ufac.br\/?p=2204"},"modified":"2022-01-11T21:05:15","modified_gmt":"2022-01-12T02:05:15","slug":"importancia-do-parquinho-infantil-para-o-desenvolvimento-da-crianca","status":"publish","type":"post","link":"https:\/\/acatraia.ufac.br\/?p=2204","title":{"rendered":"Import\u00e2ncia do parquinho infantil para o desenvolvimento da crian\u00e7a"},"content":{"rendered":"\n<p><strong>Por<\/strong> <strong>Ana Bessa e Gercineide Maia de Sousa<\/strong><\/p>\n\n\n\n<p>Abandono e inseguran\u00e7a \u00e9 o que se verifica no parquinho localizado no bairro Tucum\u00e3, conhecida \u00e1rea de lazer na cidade de Rio Branco, onde h\u00e1 brinquedos sucateados, quebrados, com faltas de parafusos, al\u00e9m de n\u00e3o ser adaptado para receber tamb\u00e9m um p\u00fablico infantil com mobilidade reduzida ou crian\u00e7as usu\u00e1rias de cadeiras de rodas.<\/p>\n\n\n\n<p>Um membro que faz parte da zeladoria do parque disse que muitas coisas est\u00e3o faltando no parquinho. \u201cAl\u00e9m da ilumina\u00e7\u00e3o, que h\u00e1 muito tempo foi solicitada, os parquinhos tanto no Tucum\u00e31 e quanto do Tucum\u00e3 2, est\u00e3o precisando de uma manuten\u00e7\u00e3o. Alguns pais tentaram ajeitar algumas partes dos brinquedos que est\u00e3o quebrados, pois tem risco\u201d.<\/p>\n\n\n\n<p>Vera Alice Pereira da Silva, Dr\u00aa em Psicologia e professora substituta no curso de Psicologia, da Universidade Federal do Acre (Ufac), declarou que os parques s\u00e3o de grande relev\u00e2ncia para o desenvolvimento infantil, pois o brincar \u00e9 um ato criativo, e a criatividade \u00e9 fundamental para o desenvolvimento e exist\u00eancia do ser humano.<\/p>\n\n\n\n<p>\u201cO brincar desenvolve na crian\u00e7a sensibilidade auditiva, visual e a imagina\u00e7\u00e3o, al\u00e9m desenvolver as atividades motoras do organismo\u201d, explica a doutora.<\/p>\n\n\n\n<p>A professora ainda acrescenta que a cria\u00e7\u00e3o e expans\u00e3o de parque infantis em espa\u00e7os p\u00fablicos \u00e9 de extrema import\u00e2ncia porque traz a possibilidade e o acesso a um espa\u00e7o de intera\u00e7\u00e3o, desenvolvimento emocional e f\u00edsico das crian\u00e7as, al\u00e9m de promover contato com a realidade e experi\u00eancias sociais.<\/p>\n\n\n\n<figure class=\"wp-block-image size-large\"><img data-recalc-dims=\"1\" fetchpriority=\"high\" decoding=\"async\" width=\"740\" height=\"360\" src=\"https:\/\/i0.wp.com\/acatraia.ufac.br\/wp-content\/uploads\/2022\/01\/WhatsApp-Image-2022-01-11-at-21.01.04-1.jpeg?resize=740%2C360&#038;ssl=1\" alt=\"\" class=\"wp-image-2206\" srcset=\"https:\/\/i0.wp.com\/acatraia.ufac.br\/wp-content\/uploads\/2022\/01\/WhatsApp-Image-2022-01-11-at-21.01.04-1.jpeg?resize=1024%2C498&amp;ssl=1 1024w, https:\/\/i0.wp.com\/acatraia.ufac.br\/wp-content\/uploads\/2022\/01\/WhatsApp-Image-2022-01-11-at-21.01.04-1.jpeg?resize=300%2C146&amp;ssl=1 300w, https:\/\/i0.wp.com\/acatraia.ufac.br\/wp-content\/uploads\/2022\/01\/WhatsApp-Image-2022-01-11-at-21.01.04-1.jpeg?resize=768%2C373&amp;ssl=1 768w, https:\/\/i0.wp.com\/acatraia.ufac.br\/wp-content\/uploads\/2022\/01\/WhatsApp-Image-2022-01-11-at-21.01.04-1.jpeg?w=1273&amp;ssl=1 1273w\" sizes=\"(max-width: 740px) 100vw, 740px\" \/><figcaption>A situa\u00e7\u00e3o dos brinquedos instalados nesse espa\u00e7o p\u00fablico do Tucum\u00e3 s\u00e3o prec\u00e1rias e exp\u00f5e as crian\u00e7as a riscos<\/figcaption><\/figure>\n\n\n\n<p>No Parque do Tucum\u00e3, em Rio Branco-AC, brincam crian\u00e7as de diversas faixas et\u00e1rias, de v\u00e1rios bairros e at\u00e9 de outros munic\u00edpios. Jessica Steinlr, de 20 anos, moradora de Epitaciol\u00e2ndia, m\u00e3e de Kaio C\u00e9sar, de 1 ano e 3 meses, diz que leva seu filho para o parquinho para que ele possa brincar e interagir com outras crian\u00e7as. Para ela, \u00e9 um sonho ter um parquinho tamb\u00e9m em Epitaciol\u00e2ndia. J\u00e9ssica acredita que \u00e9 uma forma da crian\u00e7a brincar, de sair de casa, interagir e encontrar novos amigos.<\/p>\n\n\n\n<p>Por n\u00e3o ter parquinho em seu bairro Alessandra Oliveira, m\u00e3e de Laisa Oliveira, de 4 anos, se desloca do Jardim Primavera para levar a sua filha para brincar no Tucum\u00e3. \u201cGeralmente costumo trazer a minha filha para brincar aos finais de semana porque no bairro onde moro n\u00e3o tem parquinho para ela brincar, se divertir, interagir com outras crian\u00e7as e tomar um sorvete\u201d.<\/p>\n\n\n\n<p>Observa-se tamb\u00e9m a import\u00e2ncia desses espa\u00e7os p\u00fablicos para o desenvolvimento econ\u00f4mico do munic\u00edpio. A aut\u00f4noma Luisa Gurgel, 39 anos, moradora do Conjunto Esperan\u00e7a, relata que o parquinho \u00e9 muito bom para vender seus bal\u00f5es de g\u00e1s e ela aproveita para levar a sua filha Lauane Vit\u00f3ria, de 7 anos de idade, para brincar.<\/p>\n\n\n\n<p>Quanto \u00e0 situa\u00e7\u00e3o dos brinquedos instalados nesse espa\u00e7o p\u00fablico do Tucum\u00e3 e poss\u00edveis problemas, a Secretaria de Estado de Infraestrutura (Seinfra) foi informada sobre o caso. Esta secretaria informou, via telefone, sobre o envio de um fiscal que avaliou a situa\u00e7\u00e3o e que foi contratada uma empresa para fazer os servi\u00e7os no parquinho nos pr\u00f3ximos dias.<\/p>\n\n\n\n<p>Conforme, planilha enviada pela Secretaria de Infraestrutura e Mobilidade Urbana (Seinfra) municipal de Rio Branco, esta secretaria administra espa\u00e7os e equipamentos esportivos e de lazer, localizados em parques, quadras e pra\u00e7as de 62 bairros, \u00e1rea rural e urbana, respectivamente, que s\u00e3o atendidos pelas seguintes regionais: 06 de Agosto, Cadeia Velha, S\u00e3o Francisco, Floresta, Belo Jardim, Jo\u00e3o Eduardo, Calafate, Esta\u00e7\u00e3o Experimental, P\u00f3lo Agroflorestal Geraldo Flemming e Vila verde.<\/p>\n","protected":false},"excerpt":{"rendered":"<p>Por Ana Bessa e Gercineide Maia de Sousa Abandono e inseguran\u00e7a \u00e9 o que se verifica no parquinho localizado no bairro Tucum\u00e3, conhecida \u00e1rea de lazer na cidade de Rio Branco, onde h\u00e1 brinquedos sucateados, quebrados, com faltas de parafusos, al\u00e9m de n\u00e3o ser adaptado para receber tamb\u00e9m um p\u00fablico infantil com mobilidade reduzida ou [&hellip;]<\/p>\n","protected":false},"author":1,"featured_media":2205,"comment_status":"open","ping_status":"open","sticky":false,"template":"","format":"standard","meta":{"_jetpack_memberships_contains_paid_content":false,"footnotes":"","jetpack_publicize_message":"","jetpack_publicize_feature_enabled":true,"jetpack_social_post_already_shared":true,"jetpack_social_options":{"image_generator_settings":{"template":"highway","default_image_id":0,"enabled":false},"version":2}},"categories":[3],"tags":[8],"coauthors":[],"class_list":["post-2204","post","type-post","status-publish","format-standard","has-post-thumbnail","hentry","category-corriqueiras","tag-destaque"],"jetpack_publicize_connections":[],"jetpack_featured_media_url":"https:\/\/i0.wp.com\/acatraia.ufac.br\/wp-content\/uploads\/2022\/01\/WhatsApp-Image-2022-01-04-at-23.04.02.jpeg?fit=1280%2C621&ssl=1","jetpack_sharing_enabled":true,"amp_enabled":true,"_links":{"self":[{"href":"https:\/\/acatraia.ufac.br\/index.php?rest_route=\/wp\/v2\/posts\/2204","targetHints":{"allow":["GET"]}}],"collection":[{"href":"https:\/\/acatraia.ufac.br\/index.php?rest_route=\/wp\/v2\/posts"}],"about":[{"href":"https:\/\/acatraia.ufac.br\/index.php?rest_route=\/wp\/v2\/types\/post"}],"author":[{"embeddable":true,"href":"https:\/\/acatraia.ufac.br\/index.php?rest_route=\/wp\/v2\/users\/1"}],"replies":[{"embeddable":true,"href":"https:\/\/acatraia.ufac.br\/index.php?rest_route=%2Fwp%2Fv2%2Fcomments&post=2204"}],"version-history":[{"count":1,"href":"https:\/\/acatraia.ufac.br\/index.php?rest_route=\/wp\/v2\/posts\/2204\/revisions"}],"predecessor-version":[{"id":2207,"href":"https:\/\/acatraia.ufac.br\/index.php?rest_route=\/wp\/v2\/posts\/2204\/revisions\/2207"}],"wp:featuredmedia":[{"embeddable":true,"href":"https:\/\/acatraia.ufac.br\/index.php?rest_route=\/wp\/v2\/media\/2205"}],"wp:attachment":[{"href":"https:\/\/acatraia.ufac.br\/index.php?rest_route=%2Fwp%2Fv2%2Fmedia&parent=2204"}],"wp:term":[{"taxonomy":"category","embeddable":true,"href":"https:\/\/acatraia.ufac.br\/index.php?rest_route=%2Fwp%2Fv2%2Fcategories&post=2204"},{"taxonomy":"post_tag","embeddable":true,"href":"https:\/\/acatraia.ufac.br\/index.php?rest_route=%2Fwp%2Fv2%2Ftags&post=2204"},{"taxonomy":"author","embeddable":true,"href":"https:\/\/acatraia.ufac.br\/index.php?rest_route=%2Fwp%2Fv2%2Fcoauthors&post=2204"}],"curies":[{"name":"wp","href":"https:\/\/api.w.org\/{rel}","templated":true}]}}