{"id":2191,"date":"2022-01-03T19:04:23","date_gmt":"2022-01-04T00:04:23","guid":{"rendered":"https:\/\/acatraia.ufac.br\/?p=2191"},"modified":"2022-01-03T19:04:26","modified_gmt":"2022-01-04T00:04:26","slug":"nano-influenciadores-e-o-poder-da-comunicacao","status":"publish","type":"post","link":"https:\/\/acatraia.ufac.br\/?p=2191","title":{"rendered":"Nano-influenciadores e o poder da comunica\u00e7\u00e3o"},"content":{"rendered":"\n<p><em>\u201cQuem sabe utilizar o poder da comunica\u00e7\u00e3o sempre vai estar um passo \u00e0 frente. E sem d\u00favidas ter\u00e1 mais chances de chamar aten\u00e7\u00e3o\u201d, enfatiza Daigle\u00edne Cavalcante, mentora em comunica\u00e7\u00e3o<\/em><\/p>\n\n\n\n<p><strong>Por Bruna Giovanna e Ila Caira Verus<\/strong><\/p>\n\n\n\n<p>&nbsp;&nbsp;&nbsp;&nbsp;&nbsp;&nbsp;&nbsp; A sociedade foi criada atrav\u00e9s da comunica\u00e7\u00e3o que ao longo dos anos sofreu v\u00e1rias altera\u00e7\u00f5es para chegar at\u00e9 os dias atuais, onde com apenas um clique voc\u00ea compra um produto. Mas com tanta evolu\u00e7\u00e3o, \u00e9 claro que n\u00e3o basta voc\u00ea apenas ter todos os aparatos tecnol\u00f3gicos para comunicar. A comunica\u00e7\u00e3o verbal associada a oral \u00e9 essencial para estabelecermos um contato direto com as pessoas ao nosso redor. E \u00e9 se utilizando da oralidade interpessoal que os influenciadores no mundo todo fazem tanto sucesso.<\/p>\n\n\n\n<p>A mentora em Comunica\u00e7\u00e3o <a href=\"https:\/\/www.instagram.com\/daigleinecavalcante\/\" data-type=\"URL\" data-id=\"https:\/\/www.instagram.com\/daigleinecavalcante\/\">Daigle\u00edne Cavalcante<\/a>, explica que diversas pesquisas apontam a boa comunica\u00e7\u00e3o como uma das compet\u00eancias mais exigidas em vagas de emprego. \u201cSaber se comunicar bem \u00e9 essencial para quem quer se destacar no mercado de trabalho, seja alcan\u00e7ando cargos mais altos, tendo mais oportunidades de crescimento ou aprimorando a carreira\u201d, refor\u00e7a.<\/p>\n\n\n\n<figure class=\"wp-block-image size-large is-resized\"><img data-recalc-dims=\"1\" fetchpriority=\"high\" decoding=\"async\" src=\"https:\/\/i0.wp.com\/acatraia.ufac.br\/wp-content\/uploads\/2022\/01\/Daigleine-Cavalcante.jpeg?resize=560%2C841&#038;ssl=1\" alt=\"\" class=\"wp-image-2194\" width=\"560\" height=\"841\" srcset=\"https:\/\/i0.wp.com\/acatraia.ufac.br\/wp-content\/uploads\/2022\/01\/Daigleine-Cavalcante.jpeg?w=682&amp;ssl=1 682w, https:\/\/i0.wp.com\/acatraia.ufac.br\/wp-content\/uploads\/2022\/01\/Daigleine-Cavalcante.jpeg?resize=200%2C300&amp;ssl=1 200w\" sizes=\"(max-width: 560px) 100vw, 560px\" \/><figcaption><em>Daigle\u00edne Cavalcante \u00e9 servidora p\u00fablica e mentora em comunica\u00e7\u00e3o. Foto: arquivo pessoal<\/em><\/figcaption><\/figure>\n\n\n\n<p>&nbsp;Ao falar sobre a import\u00e2ncia da comunica\u00e7\u00e3o, a mentora cita uma pesquisa feita em cima das vagas dispon\u00edveis no Linkedin, em 2020, que mostrou que dentre das dez compet\u00eancias mais exigidas pelos empregadores, a comunica\u00e7\u00e3o era a primeira. Foram analisadas cerca de 12 milh\u00f5es de vagas dispon\u00edveis na plataforma.<\/p>\n\n\n\n<p>&nbsp;&nbsp;&nbsp;&nbsp;&nbsp;&nbsp;&nbsp; Com o <em>boom<\/em> da comunica\u00e7\u00e3o no s\u00e9culo XXI, foi poss\u00edvel observar uma tend\u00eancia de intera\u00e7\u00e3o que s\u00f3 aumentava, os nano influenciadores. Eles s\u00e3o pessoas que possuem um determinado p\u00fablico que os acompanha na internet, seja no <em>YouTube,<\/em> <em>Instagram <\/em>ou&nbsp;<a href=\"https:\/\/www.conteudoinboundmarketing.com.br\/mudancas-no-facebook\/\"><em>Facebook<\/em><\/a>. S\u00e3o criadores de conte\u00fados que visam ajudar seus seguidores de alguma forma, usando de maneira mais assertiva seu p\u00fablico-alvo. Mas s\u00e3o considerados nano influenciadores apenas aqueles que possuem a marca m\u00ednima de 1.000 e m\u00e1xima de 10.000 seguidores, al\u00e9m disso devem apresentar um bom engajamento.<\/p>\n\n\n\n<p>Para Daigle\u00edne, qualquer pessoa pode impactar e influenciar outras pessoas. \u201cA diferen\u00e7a entre os nano influenciadores para os grandes \u00e9 apenas n\u00fameros. At\u00e9 para conseguir se conectar seja com 100, mil, dez mil ou cem mim pessoas, \u00e9 preciso saber utilizar as t\u00e9cnicas de comunica\u00e7\u00e3o.&nbsp; E precisamos lembrar que influenciar \u00e9 parte do ser humano. Influenciamos os filhos, os irm\u00e3os, familiares e amigos diversas vezes ao longo da vida. Agora, com a internet e as redes sociais, ficou mais f\u00e1cil influenciar em grande escala\u201d, enfatiza a mentora.<\/p>\n\n\n\n<p>A estudante de Jornalismo da Universidade Federal do Acre (UFAC), <a href=\"https:\/\/www.instagram.com\/abigail.sunamita\/\">Abigail Sunamita<\/a>, ajudou a entender como funciona e como acabou nesse mundo dos influenciadores, mas \u00e9 claro que a universit\u00e1ria possui o carisma e a linguagem oral que \u00e9 um dos pontos altos para a comunica\u00e7\u00e3o nas redes sociais.<\/p>\n\n\n\n<figure class=\"wp-block-image size-large is-resized\"><img data-recalc-dims=\"1\" decoding=\"async\" src=\"https:\/\/i0.wp.com\/acatraia.ufac.br\/wp-content\/uploads\/2022\/01\/Abigail-Sunamita.jpeg?resize=561%2C844&#038;ssl=1\" alt=\"\" class=\"wp-image-2195\" width=\"561\" height=\"844\" srcset=\"https:\/\/i0.wp.com\/acatraia.ufac.br\/wp-content\/uploads\/2022\/01\/Abigail-Sunamita.jpeg?resize=681%2C1024&amp;ssl=1 681w, https:\/\/i0.wp.com\/acatraia.ufac.br\/wp-content\/uploads\/2022\/01\/Abigail-Sunamita.jpeg?resize=199%2C300&amp;ssl=1 199w, https:\/\/i0.wp.com\/acatraia.ufac.br\/wp-content\/uploads\/2022\/01\/Abigail-Sunamita.jpeg?resize=768%2C1155&amp;ssl=1 768w, https:\/\/i0.wp.com\/acatraia.ufac.br\/wp-content\/uploads\/2022\/01\/Abigail-Sunamita.jpeg?w=851&amp;ssl=1 851w\" sizes=\"(max-width: 561px) 100vw, 561px\" \/><figcaption><em>Abigail Sunamita \u00e9 estudante de jornalismo e nano-influenciadora. Foto: arquivo pessoal<\/em><\/figcaption><\/figure>\n\n\n\n<p>Abigail se descobriu uma nano-influenciadora recentemente. Ela conta que a pandemia ajudou, pois foi nesse per\u00edodo que ela come\u00e7ou a trabalhar como social m\u00eddia. A jovem de apenas 22 anos disse que passou a usar suas redes para ser mais informativa, mas ressalta que desde 2018, vinha sendo mais ativa no Instagram (rede que ela utiliza). \u201cSempre fui de expressar minhas opini\u00f5es, debater e de levar assuntos que pudessem agregar de alguma forma na vida das pessoas\u201d.<\/p>\n\n\n\n<p>A comunica\u00e7\u00e3o \u00e9 uma arma poderosa e global, \u00e9 tanto que de acordo com o blog <em>Jet.E-comerce<\/em>, os influenciadores digitais ganharam tanto destaque nos \u00faltimos anos, que se tornaram essenciais para as estrat\u00e9gias de divulga\u00e7\u00e3o das marcas. Para se ter ideia, eles j\u00e1 s\u00e3o considerados a segunda maior fonte de influ\u00eancia na tomada de decis\u00e3o de compra. Perdendo apenas para indica\u00e7\u00f5es de amigos e parentes. Diante dessas novas possibilidades, \u00e9 importante atentar tamb\u00e9m para a relev\u00e2ncia dos nano-influenciadores.<\/p>\n\n\n\n<p>&nbsp;&nbsp;&nbsp;&nbsp;&nbsp;&nbsp;&nbsp; A universit\u00e1ria adentrou o mundo das redes com o intuito de ajudar as pessoas a se inscreverem no Sistema de Sele\u00e7\u00e3o Unificada (Sisu) e Exame Nacional do Ensino M\u00e9dio (Enem). Ela explica que ali j\u00e1 tinha um p\u00fablico que a acompanhava, que ap\u00f3s entrar na faculdade come\u00e7ou a ajudar as pessoas a entender os editais, avisando quando abria e os pontos mais importantes como a documenta\u00e7\u00e3o. \u201cEu nunca fui focada em ser uma influenciadora digital da beleza, nunca fui focada nisso! O meu foco sempre foi seguir o nicho da comunica\u00e7\u00e3o. Ent\u00e3o, \u00e0s vezes eu compartilhava mat\u00e9rias, explicava a situa\u00e7\u00e3o. Era uma forma de expressar minha opini\u00e3o\u201d, relatou a estudante de jornalismo.<\/p>\n\n\n\n<p>&nbsp;&nbsp;&nbsp;&nbsp;&nbsp;&nbsp;&nbsp; Abigail Sunamita destacou que a pandemia deixou as pessoas mais dependentes das redes sociais, que passou a ser um espa\u00e7o mais informativo, um meio de comunica\u00e7\u00e3o primordial, onde at\u00e9 as pessoas mais velhas come\u00e7aram a aderir. E explica que nesse meio tempo o n\u00famero de seus seguidores aumentou bastante, aumentando em torno de mil seguidores.<\/p>\n\n\n\n<p>&nbsp;&nbsp;&nbsp;&nbsp;&nbsp;&nbsp;&nbsp; A nano-influenciadora afirma que n\u00e3o possui uma rotina de postagem, que tem dias que n\u00e3o posta absolutamente nada, mas que quando posta algo relacionado principalmente a informa\u00e7\u00e3o, tem um engajamento maior. Esclareceu que \u00e9 dif\u00edcil postar sobre o seu dia a dia, mostra mais sobre sua rotina de trabalho, coisas que passam despercebidas no dia a dia, que \u00e0s vezes as pessoas n\u00e3o notam. E deixa claro, que seu nicho na rede social \u00e9 a comunica\u00e7\u00e3o. Mas que com o aumento dos seus seguidores passou a receber muitos produtos em casa, <em>press kit<\/em> e convites.<\/p>\n\n\n\n<p>&nbsp;&nbsp;&nbsp;&nbsp;&nbsp;&nbsp;&nbsp; \u201cMas sempre quando falo de opini\u00e3o p\u00fablica, do governo, eu tenho mais engajamento do que quando mostro os produtos. Os produtos as pessoas gostam de ver, mas o meu maior engajamento \u00e9 quando eu falo as minhas opini\u00f5es di\u00e1rias\u201d, atestou a estudante, Abigail.<\/p>\n\n\n\n<p>&nbsp;&nbsp;&nbsp;&nbsp;&nbsp;&nbsp;&nbsp; A nano-influenciadora conta que sente que seus seguidores s\u00e3o pessoas pr\u00f3ximas, mesmo que alguns ela nunca tenha conhecido pessoalmente, mas ela diz ser pessoas que a admiram e respondem suas postagens, \u201cs\u00e3o pessoas que veem meu envolvimento em atividades, ent\u00e3o, elas passam a ser pr\u00f3ximas a mim, s\u00e3o pessoas que me incentivam, e isso \u00e9 massa! J\u00e1 tive alguns <em>hater<\/em>, mas isso \u00e9 normal para quem est\u00e1 nesse meio\u201d, finaliza Sunamita.<\/p>\n","protected":false},"excerpt":{"rendered":"<p>\u201cQuem sabe utilizar o poder da comunica\u00e7\u00e3o sempre vai estar um passo \u00e0 frente. E sem d\u00favidas ter\u00e1 mais chances de chamar aten\u00e7\u00e3o\u201d, enfatiza Daigle\u00edne Cavalcante, mentora em comunica\u00e7\u00e3o Por Bruna Giovanna e Ila Caira Verus &nbsp;&nbsp;&nbsp;&nbsp;&nbsp;&nbsp;&nbsp; A sociedade foi criada atrav\u00e9s da comunica\u00e7\u00e3o que ao longo dos anos sofreu v\u00e1rias altera\u00e7\u00f5es para chegar at\u00e9 [&hellip;]<\/p>\n","protected":false},"author":1,"featured_media":2193,"comment_status":"open","ping_status":"open","sticky":false,"template":"","format":"standard","meta":{"_jetpack_memberships_contains_paid_content":false,"footnotes":"","jetpack_publicize_message":"","jetpack_publicize_feature_enabled":true,"jetpack_social_post_already_shared":true,"jetpack_social_options":{"image_generator_settings":{"template":"highway","default_image_id":0,"enabled":false},"version":2}},"categories":[3],"tags":[8],"coauthors":[],"class_list":["post-2191","post","type-post","status-publish","format-standard","has-post-thumbnail","hentry","category-corriqueiras","tag-destaque"],"jetpack_publicize_connections":[],"jetpack_featured_media_url":"https:\/\/i0.wp.com\/acatraia.ufac.br\/wp-content\/uploads\/2022\/01\/nanoinfluenciadores-1.png?fit=2000%2C1074&ssl=1","jetpack_sharing_enabled":true,"amp_enabled":true,"_links":{"self":[{"href":"https:\/\/acatraia.ufac.br\/index.php?rest_route=\/wp\/v2\/posts\/2191","targetHints":{"allow":["GET"]}}],"collection":[{"href":"https:\/\/acatraia.ufac.br\/index.php?rest_route=\/wp\/v2\/posts"}],"about":[{"href":"https:\/\/acatraia.ufac.br\/index.php?rest_route=\/wp\/v2\/types\/post"}],"author":[{"embeddable":true,"href":"https:\/\/acatraia.ufac.br\/index.php?rest_route=\/wp\/v2\/users\/1"}],"replies":[{"embeddable":true,"href":"https:\/\/acatraia.ufac.br\/index.php?rest_route=%2Fwp%2Fv2%2Fcomments&post=2191"}],"version-history":[{"count":1,"href":"https:\/\/acatraia.ufac.br\/index.php?rest_route=\/wp\/v2\/posts\/2191\/revisions"}],"predecessor-version":[{"id":2196,"href":"https:\/\/acatraia.ufac.br\/index.php?rest_route=\/wp\/v2\/posts\/2191\/revisions\/2196"}],"wp:featuredmedia":[{"embeddable":true,"href":"https:\/\/acatraia.ufac.br\/index.php?rest_route=\/wp\/v2\/media\/2193"}],"wp:attachment":[{"href":"https:\/\/acatraia.ufac.br\/index.php?rest_route=%2Fwp%2Fv2%2Fmedia&parent=2191"}],"wp:term":[{"taxonomy":"category","embeddable":true,"href":"https:\/\/acatraia.ufac.br\/index.php?rest_route=%2Fwp%2Fv2%2Fcategories&post=2191"},{"taxonomy":"post_tag","embeddable":true,"href":"https:\/\/acatraia.ufac.br\/index.php?rest_route=%2Fwp%2Fv2%2Ftags&post=2191"},{"taxonomy":"author","embeddable":true,"href":"https:\/\/acatraia.ufac.br\/index.php?rest_route=%2Fwp%2Fv2%2Fcoauthors&post=2191"}],"curies":[{"name":"wp","href":"https:\/\/api.w.org\/{rel}","templated":true}]}}