{"id":2160,"date":"2021-12-18T17:29:58","date_gmt":"2021-12-18T22:29:58","guid":{"rendered":"https:\/\/acatraia.ufac.br\/?p=2160"},"modified":"2021-12-18T17:35:50","modified_gmt":"2021-12-18T22:35:50","slug":"feira-de-natal-e-sinonimo-de-uniao-e-autonomia-feminina-para-o-coletivo-elas-fazem-acontecer","status":"publish","type":"post","link":"https:\/\/acatraia.ufac.br\/?p=2160","title":{"rendered":"Feira de Natal \u00e9 sin\u00f4nimo de uni\u00e3o e autonomia feminina para o Coletivo \u201cElas fazem acontecer\u201d"},"content":{"rendered":"\n<p><em>Mais do que um evento, a feira de Natal simboliza sororidade para mulheres empreendedoras de Rio Branco.<\/em><\/p>\n\n\n\n<p>O coletivo &#8220;Elas fazem acontecer\u201d realiza Feira de Natal nos dias 18,19 e 20 de dezembro no <a href=\"https:\/\/www.google.com\/maps\/place\/Mercado+Beatriz+L%C3%BAcio+Bra%C3%B1a\/@-9.9511569,-67.8325989,15z\/data=!4m12!1m6!3m5!1s0x0:0xa8e8064576ac9f01!2sMercado+Beatriz+L%C3%BAcio+Bra%C3%B1a!8m2!3d-9.9512257!4d-67.8325916!3m4!1s0x0:0xa8e8064576ac9f01!8m2!3d-9.9512257!4d-67.8325916\">Mercado Municipal Beatriz L\u00facio Bra\u00f1a<\/a>, no Manoel Juli\u00e3o. Atra\u00e7\u00f5es culturais e produtos diversos marcam o evento protagonizado por mais de 60 mulheres empreendedoras da capital.<\/p>\n\n\n\n<p>Muito mais do que venda de doces, artesanatos e a presen\u00e7a de atra\u00e7\u00f5es musicais, o momento simboliza a uni\u00e3o de microempreendedoras acreanas.\u00a0 As empres\u00e1rias fazem parte do coletivo &#8220;Elas fazem acontecer&#8221;, ideia que surgiu durante a pandemia como forma de acolhimento e valoriza\u00e7\u00e3o da autonomia feminina.<\/p>\n\n\n\n<p>\u201cAs feiras s\u00e3o uma esp\u00e9cie de consequ\u00eancia positiva das nossas a\u00e7\u00f5es, a ideia principal do coletivo \u00e9 a solidariedade, a sororidade entre as mulheres, o despertar do empoderamento feminino e a autonomia financeira das mulheres. Para que a gente perceba que n\u00f3s somos donas das nossas pr\u00f3prias vidas, dos nossos pr\u00f3prios neg\u00f3cios\u201d como ressalta a idealizadora Lidianne Cabral.<\/p>\n\n\n\n<figure class=\"wp-block-image size-large is-resized\"><img data-recalc-dims=\"1\" fetchpriority=\"high\" decoding=\"async\" src=\"https:\/\/i0.wp.com\/acatraia.ufac.br\/wp-content\/uploads\/2021\/12\/feira-elas-fazem-acontecer.jpeg?resize=492%2C486&#038;ssl=1\" alt=\"\" class=\"wp-image-2161\" width=\"492\" height=\"486\" srcset=\"https:\/\/i0.wp.com\/acatraia.ufac.br\/wp-content\/uploads\/2021\/12\/feira-elas-fazem-acontecer.jpeg?resize=1024%2C1012&amp;ssl=1 1024w, https:\/\/i0.wp.com\/acatraia.ufac.br\/wp-content\/uploads\/2021\/12\/feira-elas-fazem-acontecer.jpeg?resize=300%2C296&amp;ssl=1 300w, https:\/\/i0.wp.com\/acatraia.ufac.br\/wp-content\/uploads\/2021\/12\/feira-elas-fazem-acontecer.jpeg?resize=768%2C759&amp;ssl=1 768w, https:\/\/i0.wp.com\/acatraia.ufac.br\/wp-content\/uploads\/2021\/12\/feira-elas-fazem-acontecer.jpeg?resize=80%2C80&amp;ssl=1 80w, https:\/\/i0.wp.com\/acatraia.ufac.br\/wp-content\/uploads\/2021\/12\/feira-elas-fazem-acontecer.jpeg?resize=70%2C70&amp;ssl=1 70w, https:\/\/i0.wp.com\/acatraia.ufac.br\/wp-content\/uploads\/2021\/12\/feira-elas-fazem-acontecer.jpeg?w=1080&amp;ssl=1 1080w\" sizes=\"(max-width: 492px) 100vw, 492px\" \/><figcaption>Mais do que um evento, a feira de Natal simboliza sororidade para mulheres empreendedoras de Rio Branco.<\/figcaption><\/figure>\n\n\n\n<p>O projeto que segue o ano inteiro tem na Feira de Natal a chance de alcan\u00e7ar novos p\u00fablicos e fortalecer ainda mais o \u00e1rduo caminho que empreender pode ser. \u201cNo coletivo a gente consegue se organizar mais, dar apoio uma \u00e0 outra e tamb\u00e9m expor nosso trabalho para outras pessoas\u201d destaca Milla, Chef e idealizadora do Quintal Gourmet Fit, confeitaria<em> low carb<\/em> e vegana e participante do evento.<\/p>\n\n\n\n<p>Espa\u00e7os assim s\u00e3o de extrema import\u00e2ncia n\u00e3o s\u00f3 para as empres\u00e1rias, mas tamb\u00e9m para aqueles que buscam alternativas diferentes para os presentes de natal, avalia o estudante universit\u00e1rio  Vitor Vasconcelos. \u201c\u00c9 sempre \u00f3timo experimentar comidas diferentes e conhecer coisas novas, gosto de ir \u00e0s feiras por isso, ainda mais perto do natal\u201d .<\/p>\n\n\n\n<p>\u00c9 poss\u00edvel acompanhar tamb\u00e9m as empresas participantes atrav\u00e9s da p\u00e1gina oficial do evento no <a href=\"https:\/\/www.instagram.com\/elasfazemaconteceracre\/\">instagram<\/a>.<\/p>\n","protected":false},"excerpt":{"rendered":"<p>Mais do que um evento, a feira de Natal simboliza sororidade para mulheres empreendedoras de Rio Branco. O coletivo &#8220;Elas fazem acontecer\u201d realiza Feira de Natal nos dias 18,19 e 20 de dezembro no Mercado Municipal Beatriz L\u00facio Bra\u00f1a, no Manoel Juli\u00e3o. Atra\u00e7\u00f5es culturais e produtos diversos marcam o evento protagonizado por mais de 60 [&hellip;]<\/p>\n","protected":false},"author":1,"featured_media":2162,"comment_status":"open","ping_status":"open","sticky":false,"template":"","format":"standard","meta":{"_jetpack_memberships_contains_paid_content":false,"footnotes":"","jetpack_publicize_message":"","jetpack_publicize_feature_enabled":true,"jetpack_social_post_already_shared":true,"jetpack_social_options":{"image_generator_settings":{"template":"highway","default_image_id":0,"enabled":false},"version":2}},"categories":[3],"tags":[8],"coauthors":[],"class_list":["post-2160","post","type-post","status-publish","format-standard","has-post-thumbnail","hentry","category-corriqueiras","tag-destaque"],"jetpack_publicize_connections":[],"jetpack_featured_media_url":"https:\/\/i0.wp.com\/acatraia.ufac.br\/wp-content\/uploads\/2021\/12\/bannerelasfazemacontecer.png?fit=3421%2C2040&ssl=1","jetpack_sharing_enabled":true,"amp_enabled":true,"_links":{"self":[{"href":"https:\/\/acatraia.ufac.br\/index.php?rest_route=\/wp\/v2\/posts\/2160","targetHints":{"allow":["GET"]}}],"collection":[{"href":"https:\/\/acatraia.ufac.br\/index.php?rest_route=\/wp\/v2\/posts"}],"about":[{"href":"https:\/\/acatraia.ufac.br\/index.php?rest_route=\/wp\/v2\/types\/post"}],"author":[{"embeddable":true,"href":"https:\/\/acatraia.ufac.br\/index.php?rest_route=\/wp\/v2\/users\/1"}],"replies":[{"embeddable":true,"href":"https:\/\/acatraia.ufac.br\/index.php?rest_route=%2Fwp%2Fv2%2Fcomments&post=2160"}],"version-history":[{"count":2,"href":"https:\/\/acatraia.ufac.br\/index.php?rest_route=\/wp\/v2\/posts\/2160\/revisions"}],"predecessor-version":[{"id":2164,"href":"https:\/\/acatraia.ufac.br\/index.php?rest_route=\/wp\/v2\/posts\/2160\/revisions\/2164"}],"wp:featuredmedia":[{"embeddable":true,"href":"https:\/\/acatraia.ufac.br\/index.php?rest_route=\/wp\/v2\/media\/2162"}],"wp:attachment":[{"href":"https:\/\/acatraia.ufac.br\/index.php?rest_route=%2Fwp%2Fv2%2Fmedia&parent=2160"}],"wp:term":[{"taxonomy":"category","embeddable":true,"href":"https:\/\/acatraia.ufac.br\/index.php?rest_route=%2Fwp%2Fv2%2Fcategories&post=2160"},{"taxonomy":"post_tag","embeddable":true,"href":"https:\/\/acatraia.ufac.br\/index.php?rest_route=%2Fwp%2Fv2%2Ftags&post=2160"},{"taxonomy":"author","embeddable":true,"href":"https:\/\/acatraia.ufac.br\/index.php?rest_route=%2Fwp%2Fv2%2Fcoauthors&post=2160"}],"curies":[{"name":"wp","href":"https:\/\/api.w.org\/{rel}","templated":true}]}}