{"id":2149,"date":"2021-12-16T15:36:13","date_gmt":"2021-12-16T20:36:13","guid":{"rendered":"https:\/\/acatraia.ufac.br\/?p=2149"},"modified":"2021-12-16T15:36:15","modified_gmt":"2021-12-16T20:36:15","slug":"natal-2021-campanhas-de-arrecadacao-natalina-em-rio-branco","status":"publish","type":"post","link":"https:\/\/acatraia.ufac.br\/?p=2149","title":{"rendered":"Natal 2021: Campanhas de arrecada\u00e7\u00e3o natalina em Rio Branco"},"content":{"rendered":"\n<p><strong>Por Alexandre Castro e Kamila Souza<\/strong><\/p>\n\n\n\n<p>\u2018\u00c9 voc\u00ea quem tira sonhos do papel\u2019. Esta \u00e9 a proposta da campanha de solidariedade Papai Noel dos Correios, deste ano, que teve in\u00edcio em 19 de novembro e seguir\u00e1 at\u00e9 o dia 17 de dezembro.<\/p>\n\n\n\n<p>A campanha dos Correios acontece h\u00e1 32 anos e incentiva as pessoas a adotarem cartas enviadas por alunos de escolas p\u00fablicas, at\u00e9 o 5\u00ba ano, e por crian\u00e7as em vulnerabilidade social, com at\u00e9 10 anos, as quais s\u00e3o direcionadas ao \u201cPapai Noel\u201d e recebida pelos Correios, doando-lhes o presente que elas estiverem pedindo.<\/p>\n\n\n\n<p>O objetivo da campanha \u00e9 de presentear as crian\u00e7as e promover o incentivo para o habito de escrever, al\u00e9m de estimular o desenvolvimento de habilidades cognitivas e emocionais. De acordo com a assessora de comunica\u00e7\u00e3o dos Correios \u2013 regional Rio Branco, Tatiane Castro, o objetivo \u00e9 que as crian\u00e7as fiquem \u00e0 vontade para escreverem sobre seus sonhos e falar com o Papai Noel, estimulando a escrita.<\/p>\n\n\n\n<p>Os Correios recebem em m\u00e9dia 2.000 cartas oriundas das escolas p\u00fablicas, e cerca de 500 da comunidade em geral. \u201cO objetivo \u00e9 sempre atender 100% das cartas das escolas, uma vez que na entrega \u00e9 importante que todos recebam os presentes\u201d, explicou a assessora.<\/p>\n\n\n\n<p>Esse ano de 2021 em espec\u00edfico, devido o retorno gradativo as aulas presencias nas escolas, os correios receberam um n\u00famero menor de cartinhas das escolas, cerca de mil.<\/p>\n\n\n\n<p>A assessora contou que todos os anos os pedidos nas cartas sensibilizam, mas que no per\u00edodo que vivemos, de pandemia, os pedidos n\u00e3o s\u00e3o apenas brinquedos, mas, tamb\u00e9m, itens de necessidade b\u00e1sica. \u201cEsse ano, ano de pandemia, ent\u00e3o, n\u00f3s tivemos muitos pedidos assim de alimentos, material escolar, roupas, cal\u00e7ado, ceia de natal, dinheiro pra comprar carne, assim muitos pedidos especiais\u201d. <\/p>\n\n\n\n<p>Ap\u00f3s o prazo final da campanha, os Correios criam um cronograma de entrega dos presentes nas escolas e na comunidade.<\/p>\n\n\n\n<p>Para participar como volunt\u00e1rio, basta acessar o <a href=\"http:\/\/blognoel.correios.com.br\">blog da campanha<\/a>, clicar em &#8220;Ado\u00e7\u00e3o On-line&#8221;, escolher a carta, informar seus dados (nome, telefone e e-mail) e preparar o presente, que deve ser entregue em um dos pontos de coleta dispon\u00edveis. Tamb\u00e9m \u00e9 poss\u00edvel retirar uma cartinha diretamente em uma das ag\u00eancias participantes listadas no site.<\/p>\n\n\n\n<figure class=\"wp-block-embed is-type-video is-provider-youtube wp-block-embed-youtube wp-embed-aspect-16-9 wp-has-aspect-ratio\"><div class=\"wp-block-embed__wrapper\">\n<iframe title=\"Papai Noel dos Correios 2021 - \u00c9 voc\u00ea quem tira sonhos do papel.\" width=\"740\" height=\"416\" src=\"https:\/\/www.youtube.com\/embed\/Exuq5vhyeMM?start=11&#038;feature=oembed\" frameborder=\"0\" allow=\"accelerometer; autoplay; clipboard-write; encrypted-media; gyroscope; picture-in-picture\" allowfullscreen><\/iframe>\n<\/div><figcaption>V\u00eddeo oficial da campanha<\/figcaption><\/figure>\n\n\n\n<p><br><strong>A campanha da Secretaria de Assist\u00eancia Social, Direitos Humanos e Pol\u00edtica para as Mulheres (SEASDHM)<\/strong><\/p>\n\n\n\n<p>Outra campanha de solidariedade, que tamb\u00e9m incentiva a arrecada\u00e7\u00e3o de brinquedos e outros itens para crian\u00e7as em vulnerabilidade social, \u00e9 a iniciativa do Governo do Acre promovida por meio do gabinete da primeira-dama Ana Paula Cameli e da Secretaria de Assist\u00eancia Social, Direitos Humanos e Pol\u00edtica para as Mulheres (SEASDHM). Nesta campanha, caixas de arrecada\u00e7\u00e3o de brinquedos novos ou usados, materiais escolares e roupas em bom estado de conserva\u00e7\u00e3o est\u00e3o dispon\u00edveis em todas as secretarias do Estado at\u00e9 o dia 17 de dezembro.<\/p>\n\n\n\n<p>A a\u00e7\u00e3o busca atender crian\u00e7as de 0 a 11 anos e todos os itens doados ser\u00e3o higienizados e encaminhados para institui\u00e7\u00f5es que atendem crian\u00e7as em vulnerabilidade social do Estado.<\/p>\n\n\n\n<p>Os interessados em contribuir podem entregar as doa\u00e7\u00f5es em todas as secretarias.<\/p>\n\n\n\n<p><br><\/p>\n","protected":false},"excerpt":{"rendered":"<p>Por Alexandre Castro e Kamila Souza \u2018\u00c9 voc\u00ea quem tira sonhos do papel\u2019. Esta \u00e9 a proposta da campanha de solidariedade Papai Noel dos Correios, deste ano, que teve in\u00edcio em 19 de novembro e seguir\u00e1 at\u00e9 o dia 17 de dezembro. A campanha dos Correios acontece h\u00e1 32 anos e incentiva as pessoas a [&hellip;]<\/p>\n","protected":false},"author":1,"featured_media":2150,"comment_status":"open","ping_status":"open","sticky":false,"template":"","format":"standard","meta":{"_jetpack_memberships_contains_paid_content":false,"footnotes":"","jetpack_publicize_message":"","jetpack_publicize_feature_enabled":true,"jetpack_social_post_already_shared":true,"jetpack_social_options":{"image_generator_settings":{"template":"highway","default_image_id":0,"enabled":false},"version":2}},"categories":[3,1],"tags":[8,67,68],"coauthors":[],"class_list":["post-2149","post","type-post","status-publish","format-standard","has-post-thumbnail","hentry","category-corriqueiras","category-ultimas-noticias","tag-destaque","tag-natal","tag-solidariedade"],"jetpack_publicize_connections":[],"jetpack_featured_media_url":"https:\/\/i0.wp.com\/acatraia.ufac.br\/wp-content\/uploads\/2021\/12\/cartaz-campanha-Correios.png?fit=1243%2C741&ssl=1","jetpack_sharing_enabled":true,"amp_enabled":true,"_links":{"self":[{"href":"https:\/\/acatraia.ufac.br\/index.php?rest_route=\/wp\/v2\/posts\/2149","targetHints":{"allow":["GET"]}}],"collection":[{"href":"https:\/\/acatraia.ufac.br\/index.php?rest_route=\/wp\/v2\/posts"}],"about":[{"href":"https:\/\/acatraia.ufac.br\/index.php?rest_route=\/wp\/v2\/types\/post"}],"author":[{"embeddable":true,"href":"https:\/\/acatraia.ufac.br\/index.php?rest_route=\/wp\/v2\/users\/1"}],"replies":[{"embeddable":true,"href":"https:\/\/acatraia.ufac.br\/index.php?rest_route=%2Fwp%2Fv2%2Fcomments&post=2149"}],"version-history":[{"count":2,"href":"https:\/\/acatraia.ufac.br\/index.php?rest_route=\/wp\/v2\/posts\/2149\/revisions"}],"predecessor-version":[{"id":2152,"href":"https:\/\/acatraia.ufac.br\/index.php?rest_route=\/wp\/v2\/posts\/2149\/revisions\/2152"}],"wp:featuredmedia":[{"embeddable":true,"href":"https:\/\/acatraia.ufac.br\/index.php?rest_route=\/wp\/v2\/media\/2150"}],"wp:attachment":[{"href":"https:\/\/acatraia.ufac.br\/index.php?rest_route=%2Fwp%2Fv2%2Fmedia&parent=2149"}],"wp:term":[{"taxonomy":"category","embeddable":true,"href":"https:\/\/acatraia.ufac.br\/index.php?rest_route=%2Fwp%2Fv2%2Fcategories&post=2149"},{"taxonomy":"post_tag","embeddable":true,"href":"https:\/\/acatraia.ufac.br\/index.php?rest_route=%2Fwp%2Fv2%2Ftags&post=2149"},{"taxonomy":"author","embeddable":true,"href":"https:\/\/acatraia.ufac.br\/index.php?rest_route=%2Fwp%2Fv2%2Fcoauthors&post=2149"}],"curies":[{"name":"wp","href":"https:\/\/api.w.org\/{rel}","templated":true}]}}