{"id":2132,"date":"2021-12-12T17:48:32","date_gmt":"2021-12-12T22:48:32","guid":{"rendered":"https:\/\/acatraia.ufac.br\/?p=2132"},"modified":"2021-12-14T14:09:55","modified_gmt":"2021-12-14T19:09:55","slug":"bate-papo-sobre-capacitismo-na-sociedade-acontece-na-segunda-feira-em-alusao-ao-dia-nacional-da-pessoa-com-deficiencia-visual","status":"publish","type":"post","link":"https:\/\/acatraia.ufac.br\/?p=2132","title":{"rendered":"Bate-papo sobre capacitismo na sociedade acontece na segunda-feira em alus\u00e3o ao dia Nacional da Pessoa com Defici\u00eancia Visual"},"content":{"rendered":"\n<p><strong>Por Gercineide Maia<\/strong><\/p>\n\n\n\n<p>A Associa\u00e7\u00e3o das Pessoas com Defici\u00eancia Visual do Acre (Adevi) realiza segunda-feira, 13, a partir das 15 horas, um bate-papo, no canal do <a href=\"https:\/\/youtu.be\/e06qgxxs0zE\">Youtube<\/a>.&nbsp; O evento traz discuss\u00f5es entorno do capacitismo, como acontece na sociedade e como deve ser combatido e tem como palestrante o professor Francisco H\u00e9liton do Nascimento, Mestre Educa\u00e7\u00e3o Profissional e Tecnol\u00f3gica, do Instituto Federal do Acre (Ifac). &nbsp;Participam desse encontro pessoas cegas e com baixa vis\u00e3o e seus familiares, professores, atendentes educacionais, dentre outros convidados.<\/p>\n\n\n\n<p>Com o objetivo de incentivar o princ\u00edpio de solidariedade humano, o dia Nacional da Pessoa com Defici\u00eancia Visual foi institu\u00eddo em 26 de julho de 1961, por meio do <a href=\"https:\/\/www2.camara.leg.br\/legin\/fed\/decret\/1960-1969\/decreto-51045-26-julho-1961-390738-publicacaooriginal-1-pe.html\">Decreto n\u00ba 51.045<\/a>, pelo presidente do Brasil, J\u00e2nio Quadros. A princ\u00edpio, essa data foi nomeada como o dia do cego e com o passar dos anos passou a ter essa nova denomina\u00e7\u00e3o para incluir tamb\u00e9m pessoas com baixa vis\u00e3o, resguardando esse p\u00fablico contra toda e qualquer forma de preconceito e discrimina\u00e7\u00e3o, um direito inclusive presente na <a href=\"https:\/\/www.ohchr.org\/EN\/UDHR\/Documents\/UDHR_Translations\/por.pdf\">Declara\u00e7\u00e3o Universal dos Direitos Humanos<\/a>.<\/p>\n\n\n\n<p>Segundo a <a href=\"https:\/\/cidades.ibge.gov.br\/brasil\/ac\/pesquisa\/11\/0\">Pesquisa Nacional de Informa\u00e7\u00e3o e G\u00eanero <\/a>(2010) do Instituto Brasileiro de Geografia e Estat\u00edstica no Brasil, h\u00e1 mais de 6,5 milh\u00f5es de brasileiros com algum tipo de defici\u00eancia visual e desse total 11 mil aproximadamente, s\u00e3o pessoas cegas e com baixa vis\u00e3o no Estado do Acre.<\/p>\n\n\n\n<p>De acordo com o professor Francisco H\u00e9liton do Nascimento, o termo capacitismo deriva da tradu\u00e7\u00e3o da palavra em ingl\u00eas ableism. \u201cAssim como o racismo est\u00e1 para as pessoas negras, o capacitismo est\u00e1 para as pessoas com defici\u00eancia<strong>. <\/strong>Capacitismo \u00e9 excluir as pessoas em raz\u00e3o da defici\u00eancia, ou seja, \u00e9 discriminar uma pessoa porque ela tem defici\u00eancia\u201d, o professor complementa. \u201c(A discrimina\u00e7\u00e3o) ocorre de v\u00e1rias formas: por meio do preconceito e discrimina\u00e7\u00e3o, quando as pessoas com defici\u00eancia s\u00e3o exclu\u00eddas pela aus\u00eancia de acessibilidade, por n\u00e3o pensarem em planejamento, em programas humanos que incluam essas pessoas\u201d.<\/p>\n\n\n\n<div class=\"wp-block-image\"><figure class=\"aligncenter size-large\"><img data-recalc-dims=\"1\" fetchpriority=\"high\" decoding=\"async\" width=\"656\" height=\"692\" src=\"https:\/\/i0.wp.com\/acatraia.ufac.br\/wp-content\/uploads\/2021\/12\/Foto-Heliton.jpg?resize=656%2C692&#038;ssl=1\" alt=\"\" class=\"wp-image-2133\" srcset=\"https:\/\/i0.wp.com\/acatraia.ufac.br\/wp-content\/uploads\/2021\/12\/Foto-Heliton.jpg?w=656&amp;ssl=1 656w, https:\/\/i0.wp.com\/acatraia.ufac.br\/wp-content\/uploads\/2021\/12\/Foto-Heliton.jpg?resize=284%2C300&amp;ssl=1 284w\" sizes=\"(max-width: 656px) 100vw, 656px\" \/><figcaption> Francisco H\u00e9liton do Nascimento, Mestre Educa\u00e7\u00e3o Profissional e Tecnol\u00f3gica, do Instituto Federal do Acre (Ifac) ser\u00e1 o palestrante do evento em alus\u00e3o ao dia Nacional da Pessoa com Defici\u00eancia Visual<\/figcaption><\/figure><\/div>\n\n\n\n<p>Nascimento relata que um exemplo desse tipo de preconceito e discrimina\u00e7\u00e3o acontece durante a constru\u00e7\u00e3o de uma casa. \u201cImagine que voc\u00ea \u00e9 uma pessoa esbelta, 1,80 cm, 70 quilos e imagina que na porta de entrada s\u00f3 precisa passar voc\u00ea. Por conta disso, manda fazer uma porta com 60cm de largura, mas voc\u00ea esquece que na sua cidade, na sua pr\u00f3pria fam\u00edlia tem pessoas obesas, com mobilidade reduzida ou que usam cadeiras de rodas\u201d.<\/p>\n\n\n\n<p>A coordenadora da Adevi, professora Lidiane dos Santos Mariano, primeira pessoa com cegueira formada em Qu\u00edmica no Brasil, explanou que di\u00e1logos como esse s\u00e3o importantes para a inclus\u00e3o. \u201cQuem n\u00e3o sabe destaca o preconceito em rela\u00e7\u00e3o a nossa capacidade, causando discrimina\u00e7\u00e3o, impossibilitando o reconhecimento das capacidades humanas. Esse estruturalismo centra-se no modelo das pessoas consideradas normais e as pessoas com defici\u00eancia sofrem com isso, porque acabam ficando na invisibilidade\u201d.<\/p>\n\n\n\n<div class=\"wp-block-image\"><figure class=\"aligncenter size-large\"><img data-recalc-dims=\"1\" decoding=\"async\" width=\"453\" height=\"604\" src=\"https:\/\/i0.wp.com\/acatraia.ufac.br\/wp-content\/uploads\/2021\/12\/Foto-Lidiane.jpg?resize=453%2C604&#038;ssl=1\" alt=\"\" class=\"wp-image-2134\" srcset=\"https:\/\/i0.wp.com\/acatraia.ufac.br\/wp-content\/uploads\/2021\/12\/Foto-Lidiane.jpg?w=453&amp;ssl=1 453w, https:\/\/i0.wp.com\/acatraia.ufac.br\/wp-content\/uploads\/2021\/12\/Foto-Lidiane.jpg?resize=225%2C300&amp;ssl=1 225w\" sizes=\"(max-width: 453px) 100vw, 453px\" \/><figcaption>A coordenadora da Adevi, professora Lidiane dos Santos Mariano, primeira pessoa com cegueira formada em Qu\u00edmica no Brasil<\/figcaption><\/figure><\/div>\n\n\n\n<p>Mariano relata que express\u00f5es e atitudes preconceituosas passam despercebidas no dia a dia. \u201c\u00c0s vezes isso aparece nas piadas ofensivas, nas brincadeiras que ridicularizam, nos julgamentos em rela\u00e7\u00e3o ao que podemos fazer, sempre nos subestimando. Primeiro \u00e9 preciso que haja respeito e empatia\u201d, explica a professora.<\/p>\n\n\n\n<p>Professora Maria Ala\u00edde Sales de Castro, formada em Pedagogia e p\u00f3s-graduada em Educa\u00e7\u00e3o Inclusiva, do N\u00facleo de Apoio \u00e0 Inclus\u00e3o \u2013 (Napi), de Cruzeiro do Sul, pessoa com cegueira, fala da relev\u00e2ncia desse dia para as pessoas com defici\u00eancia visual. \u201cNeste dia tamb\u00e9m analisamos e interpretamos os nossos direitos, aquilo que temos e o que queremos. Uma de nossas an\u00e1lises \u00e9 sobre o capacitismo\u201d.<\/p>\n\n\n\n<div class=\"wp-block-image\"><figure class=\"aligncenter size-large\"><img data-recalc-dims=\"1\" decoding=\"async\" width=\"668\" height=\"916\" src=\"https:\/\/i0.wp.com\/acatraia.ufac.br\/wp-content\/uploads\/2021\/12\/20211212_053814.jpg?resize=668%2C916&#038;ssl=1\" alt=\"\" class=\"wp-image-2135\" srcset=\"https:\/\/i0.wp.com\/acatraia.ufac.br\/wp-content\/uploads\/2021\/12\/20211212_053814.jpg?w=668&amp;ssl=1 668w, https:\/\/i0.wp.com\/acatraia.ufac.br\/wp-content\/uploads\/2021\/12\/20211212_053814.jpg?resize=219%2C300&amp;ssl=1 219w\" sizes=\"(max-width: 668px) 100vw, 668px\" \/><figcaption>Professora Maria Ala\u00edde Sales de Castro do N\u00facleo de Apoio \u00e0 Inclus\u00e3o \u2013 (Napi), de Cruzeiro do Sul explica que o preconceito ainda \u00e9 muito n\u00edtido na sociedade<\/figcaption><\/figure><\/div>\n\n\n\n<p>Castro conta que o preconceito social enfrentado pelas pessoas com defici\u00eancia ainda \u00e9 muito n\u00edtido, um desses atos de capacitismo \u00e9 quando uma pessoa se dirige a outra em vez de se dirigir a pr\u00f3pria pessoa com defici\u00eancia visual. \u201cEm alguns momentos, o capacitismo \u00e9 muito vis\u00edvel. Nossa intelig\u00eancia \u00e9 medida pela nossa defici\u00eancia quando, na verdade, o que queremos, principalmente, \u00e9 o respeito. A todos \u00e0s pessoas com defici\u00eancia visual, o meu carinho\u201d, diz a professora.<\/p>\n\n\n\n<p>Diga n\u00e3o \u00e0 toda e qualquer forma de preconceito e discrimina\u00e7\u00e3o praticados na sociedade!<\/p>\n","protected":false},"excerpt":{"rendered":"<p>Por Gercineide Maia A Associa\u00e7\u00e3o das Pessoas com Defici\u00eancia Visual do Acre (Adevi) realiza segunda-feira, 13, a partir das 15 horas, um bate-papo, no canal do Youtube.&nbsp; O evento traz discuss\u00f5es entorno do capacitismo, como acontece na sociedade e como deve ser combatido e tem como palestrante o professor Francisco H\u00e9liton do Nascimento, Mestre Educa\u00e7\u00e3o [&hellip;]<\/p>\n","protected":false},"author":1,"featured_media":2136,"comment_status":"open","ping_status":"open","sticky":false,"template":"","format":"standard","meta":{"_jetpack_memberships_contains_paid_content":false,"footnotes":"","jetpack_publicize_message":"","jetpack_publicize_feature_enabled":true,"jetpack_social_post_already_shared":true,"jetpack_social_options":{"image_generator_settings":{"template":"highway","default_image_id":0,"enabled":false},"version":2}},"categories":[3],"tags":[8],"coauthors":[],"class_list":["post-2132","post","type-post","status-publish","format-standard","has-post-thumbnail","hentry","category-corriqueiras","tag-destaque"],"jetpack_publicize_connections":[],"jetpack_featured_media_url":"https:\/\/i0.wp.com\/acatraia.ufac.br\/wp-content\/uploads\/2021\/12\/adevi.png?fit=1200%2C675&ssl=1","jetpack_sharing_enabled":true,"amp_enabled":true,"_links":{"self":[{"href":"https:\/\/acatraia.ufac.br\/index.php?rest_route=\/wp\/v2\/posts\/2132","targetHints":{"allow":["GET"]}}],"collection":[{"href":"https:\/\/acatraia.ufac.br\/index.php?rest_route=\/wp\/v2\/posts"}],"about":[{"href":"https:\/\/acatraia.ufac.br\/index.php?rest_route=\/wp\/v2\/types\/post"}],"author":[{"embeddable":true,"href":"https:\/\/acatraia.ufac.br\/index.php?rest_route=\/wp\/v2\/users\/1"}],"replies":[{"embeddable":true,"href":"https:\/\/acatraia.ufac.br\/index.php?rest_route=%2Fwp%2Fv2%2Fcomments&post=2132"}],"version-history":[{"count":3,"href":"https:\/\/acatraia.ufac.br\/index.php?rest_route=\/wp\/v2\/posts\/2132\/revisions"}],"predecessor-version":[{"id":2139,"href":"https:\/\/acatraia.ufac.br\/index.php?rest_route=\/wp\/v2\/posts\/2132\/revisions\/2139"}],"wp:featuredmedia":[{"embeddable":true,"href":"https:\/\/acatraia.ufac.br\/index.php?rest_route=\/wp\/v2\/media\/2136"}],"wp:attachment":[{"href":"https:\/\/acatraia.ufac.br\/index.php?rest_route=%2Fwp%2Fv2%2Fmedia&parent=2132"}],"wp:term":[{"taxonomy":"category","embeddable":true,"href":"https:\/\/acatraia.ufac.br\/index.php?rest_route=%2Fwp%2Fv2%2Fcategories&post=2132"},{"taxonomy":"post_tag","embeddable":true,"href":"https:\/\/acatraia.ufac.br\/index.php?rest_route=%2Fwp%2Fv2%2Ftags&post=2132"},{"taxonomy":"author","embeddable":true,"href":"https:\/\/acatraia.ufac.br\/index.php?rest_route=%2Fwp%2Fv2%2Fcoauthors&post=2132"}],"curies":[{"name":"wp","href":"https:\/\/api.w.org\/{rel}","templated":true}]}}