{"id":2115,"date":"2021-12-16T08:00:00","date_gmt":"2021-12-16T13:00:00","guid":{"rendered":"https:\/\/acatraia.ufac.br\/?p=2115"},"modified":"2021-12-12T16:32:56","modified_gmt":"2021-12-12T21:32:56","slug":"soa-alerta-para-a-cheia-dos-rios-do-acre","status":"publish","type":"post","link":"https:\/\/acatraia.ufac.br\/?p=2115","title":{"rendered":"Soa alerta para a cheia dos rios do Acre"},"content":{"rendered":"\n<p class=\"has-text-align-center\"><em>\u201cA maioria de nossas inunda\u00e7\u00f5es acontecem no m\u00eas de fevereiro\u201d, esclarece o coordenador municipal da Defesa Civil, major Cl\u00e1udio Falc\u00e3o<\/em><\/p>\n\n\n\n<p><strong>Bruna Giovanna e Ila Verus<\/strong><\/p>\n\n\n\n<p class=\"has-text-align-justify\">Com a chegada do inverno amaz\u00f4nico, os rios do Acre come\u00e7am a apresentar uma consider\u00e1vel eleva\u00e7\u00e3o no n\u00edvel da \u00e1gua, fazendo soar o alerta para as cheias dos rios do Acre, a identifica\u00e7\u00e3o acontece a partir do \u00edndice pluviom\u00e9trico, medido diariamente durante o ano todo. Segundo o coordenador da Defesa Civil da capital, major Cl\u00e1udio Falc\u00e3o, os sinais para uma poss\u00edvel inunda\u00e7\u00e3o s\u00e3o observados a partir dos \u00edndices de chuvas e o <a rel=\"noreferrer noopener\" href=\"http:\/\/semapi.acre.gov.br\/dezembro-2021-relatorio-hidrometeorologico\/\" data-type=\"URL\" data-id=\"http:\/\/semapi.acre.gov.br\/dezembro-2021-relatorio-hidrometeorologico\/\" target=\"_blank\">aumento do n\u00edvel do manancial<\/a>.<\/p>\n\n\n\n<p class=\"has-text-align-justify\">Todos os anos h\u00e1 uma preocupa\u00e7\u00e3o com a s\u00fabita eleva\u00e7\u00e3o dos rios acreanos, que nos \u00faltimos anos causaram inunda\u00e7\u00f5es hist\u00f3ricas nos munic\u00edpios do Acre. As cheias n\u00e3o podem ser evitadas, j\u00e1 que se trata de uma a\u00e7\u00e3o da natureza, mas \u00e9 poss\u00edvel fazer a minimiza\u00e7\u00e3o da situa\u00e7\u00e3o com um plano de conting\u00eancia elaborado pela Defesa Civil.<br>Onde h\u00e1 um monitoramento dos bairros com possibilidades de alagamento, est\u00e1 sendo feito o cadastramento das fam\u00edlias que precisarem ser removidas, esclarece o Major Falc\u00e3o sobre o servi\u00e7o prestado pelo \u00f3rg\u00e3o respons\u00e1vel.<\/p>\n\n\n\n<p>O clima equatorial \u00famido, com chuvas distribu\u00eddas ao longo dos meses s\u00e3o fatores que interferem diretamente nos n\u00edveis dos afluentes, sendo \u201c73% das inunda\u00e7\u00f5es no m\u00eas de fevereiro, mas podendo acontecer em dezembro, janeiro, mar\u00e7o, mas fevereiro ainda \u00e9 o m\u00eas de maior risco de inunda\u00e7\u00f5es todos os anos\u201d, alertou o coordenador da Defesa Civil, Cl\u00e1udio Falc\u00e3o.<\/p>\n\n\n\n<p class=\"has-text-align-justify\">Dados obtidos pela Secretaria de Estado do Meio Ambiente e das Pol\u00edticas Ind\u00edgenas (SEMAPI) mostram que no ano de 2020, no mesmo per\u00edodo de novembro h\u00e1 um leve aumento nos n\u00edveis dos afluentes acreanos, onde Assis Brasil, Brasil\u00e9ia, Rio Branco e Xapuri ultrapassaram a m\u00e9dia climatologia esperada para o m\u00eas de dezembro. E agora n\u00e3o est\u00e1 sendo diferente: em leitura do dia 29 de novembro, as plataformas registraram uma eleva\u00e7\u00e3o de n\u00edvel superior no mesmo per\u00edodo do ano anterior, deixando em alerta m\u00e1ximo o munic\u00edpio de Brasil\u00e9ia e em aten\u00e7\u00e3o Assis Brasil.<\/p>\n\n\n\n<div class=\"wp-block-image\"><figure class=\"aligncenter size-large\"><img data-recalc-dims=\"1\" fetchpriority=\"high\" decoding=\"async\" width=\"700\" height=\"400\" src=\"https:\/\/i0.wp.com\/acatraia.ufac.br\/wp-content\/uploads\/2021\/12\/2.jpg?resize=700%2C400&#038;ssl=1\" alt=\"\" class=\"wp-image-2117\" srcset=\"https:\/\/i0.wp.com\/acatraia.ufac.br\/wp-content\/uploads\/2021\/12\/2.jpg?w=700&amp;ssl=1 700w, https:\/\/i0.wp.com\/acatraia.ufac.br\/wp-content\/uploads\/2021\/12\/2.jpg?resize=300%2C171&amp;ssl=1 300w\" sizes=\"(max-width: 700px) 100vw, 700px\" \/><figcaption>Cheia do rio Juru\u00e1. Foto: Divulga\u00e7\u00e3o<\/figcaption><\/figure><\/div>\n\n\n\n<p class=\"has-text-align-justify\">Segundo major Falc\u00e3o, as estrat\u00e9gias de enfrentamento de uma poss\u00edvel inunda\u00e7\u00e3o s\u00e3o feitas com a retirada de fam\u00edlias de \u00e1reas alagadas, que s\u00e3o realocadas em abrigos ou em casas de parentes, onde h\u00e1 assist\u00eancia em sa\u00fade, alimenta\u00e7\u00e3o e seguran\u00e7a, tudo que essas fam\u00edlias precisam para passar pelo per\u00edodo de enchente. Depois que as \u00e1guas baixam, as fam\u00edlias s\u00e3o retornadas \u00e0s suas casas, mas antes disso \u00e9 feito uma vistoria, com entrega de material de limpeza e assepsia, deixando o ambiente mais seguro para que essas pessoas retornem a sua resid\u00eancia.<\/p>\n\n\n\n<p class=\"has-text-align-justify\">De acordo com o major Cl\u00e1udio Falc\u00e3o, as pessoas devem se manter seguras e n\u00e3o arriscar suas vidas, tendo em vista que a partir do momento em que a \u00e1gua se aproxima da resid\u00eancia, eles precisam desligar a energia el\u00e9trica para n\u00e3o haver \u00f3bito por eletrocuss\u00e3o. Elas precisam ter cuidado em rela\u00e7\u00e3o a animais pe\u00e7onhentos que surgem nesse momento, precisam ter cuidado com o contato direto com \u00e1gua contaminada. As pessoas que moram \u00e0s margens dos rios e est\u00e3o alagadas devem ficar atentas \u00e0 movimenta\u00e7\u00e3o de massa, deslizamento de terra e \u00e1rvores em seus quintais para evitarem acidentes\u201d, refor\u00e7a o coordenador da Defesa Civil sobre o procedimento que as<br>pessoas afetadas por uma poss\u00edvel cheia devem tomar.<\/p>\n\n\n\n<p class=\"has-text-align-justify\"><br><strong>Alagamento<\/strong><\/p>\n\n\n\n<div class=\"wp-block-image\"><figure class=\"aligncenter size-large\"><img data-recalc-dims=\"1\" decoding=\"async\" width=\"711\" height=\"661\" src=\"https:\/\/i0.wp.com\/acatraia.ufac.br\/wp-content\/uploads\/2021\/12\/3.jpg?resize=711%2C661&#038;ssl=1\" alt=\"\" class=\"wp-image-2118\" srcset=\"https:\/\/i0.wp.com\/acatraia.ufac.br\/wp-content\/uploads\/2021\/12\/3.jpg?w=711&amp;ssl=1 711w, https:\/\/i0.wp.com\/acatraia.ufac.br\/wp-content\/uploads\/2021\/12\/3.jpg?resize=300%2C279&amp;ssl=1 300w\" sizes=\"(max-width: 711px) 100vw, 711px\" \/><figcaption>\u00daltima alaga\u00e7\u00e3o do rio Juru\u00e1, em Cruzeiro do Sul. Foto: Acervo pessoal<\/figcaption><\/figure><\/div>\n\n\n\n<p class=\"has-text-align-justify\"><br>\u201cFoi a maior enchente que a gente pegou depois de vir morar aqui, at\u00e9 ent\u00e3o nunca havia entrado \u00e1gua dentro de casa e dessa vez entrou, o rio encheu muito r\u00e1pido, mas ningu\u00e9m da minha fam\u00edlia perdeu nada\u201d, quem diz isso \u00e9 Tatiane Rodrigues, moradora de Cruzeiro do Sul que no in\u00edcio do ano teve sua casa atingida pelas \u00e1guas do rio Juru\u00e1.<\/p>\n\n\n\n<p class=\"has-text-align-justify\">Al\u00e9m disso, a jovem explica que seus av\u00f3s moram na regi\u00e3o h\u00e1 anos, ent\u00e3o eles j\u00e1 sabem o que fazer para n\u00e3o molhar as coisas, como fazer outro piso de madeira dentro da casa e \u00e0 medida que for necess\u00e1rio, ir subindo as coisas. A for\u00e7a das \u00e1guas fez com que Tatiane e sua filha precisassem sair de casa. \u201cComo tenho uma filha pequena acabei n\u00e3o ficando na casa porque fica sem energia e fica at\u00e9 perigoso algum animal entrar na casa, ent\u00e3o ficou s\u00f3 a minha m\u00e3e e o meu padrasto at\u00e9 mesmo por medo de sair de casa e outras pessoas tentarem entrar pra levar as coisas\u201d explica, Tatiane.<\/p>\n\n\n\n<figure class=\"wp-block-image size-large\"><img data-recalc-dims=\"1\" decoding=\"async\" width=\"740\" height=\"639\" src=\"https:\/\/i0.wp.com\/acatraia.ufac.br\/wp-content\/uploads\/2021\/12\/4.jpg?resize=740%2C639&#038;ssl=1\" alt=\"\" class=\"wp-image-2119\" srcset=\"https:\/\/i0.wp.com\/acatraia.ufac.br\/wp-content\/uploads\/2021\/12\/4.jpg?w=772&amp;ssl=1 772w, https:\/\/i0.wp.com\/acatraia.ufac.br\/wp-content\/uploads\/2021\/12\/4.jpg?resize=300%2C259&amp;ssl=1 300w, https:\/\/i0.wp.com\/acatraia.ufac.br\/wp-content\/uploads\/2021\/12\/4.jpg?resize=768%2C664&amp;ssl=1 768w\" sizes=\"(max-width: 740px) 100vw, 740px\" \/><figcaption>Quintal da casa de Tatiane Rodrigues. Foto: Acervo pessoal<\/figcaption><\/figure>\n\n\n\n<p class=\"has-text-align-justify\">C\u00e9lia Lopes, assim como Tatiane, sabe o que \u00e9 passar por uma alaga\u00e7\u00e3o. Ao perceber que as \u00e1guas do rio subiam depressa, a jovem e sua fam\u00edlia resolveram ir para a casa nova, que estava em constru\u00e7\u00e3o a poucos metros da atual, a mudan\u00e7a teve que ser feita \u00e0s pressas. A estudante ainda fala sobre o medo das \u00e1guas neste ano chegarem at\u00e9 sua nova casa, que \u00e9 bem mais alta que a anterior. Pois quando as \u00e1guas do rio sobem, s\u00f3 \u00e9 poss\u00edvel sair de casa por canoa, al\u00e9m do abastecimento de energia e \u00e1gua pot\u00e1vel serem interrompidos.<\/p>\n\n\n\n<p><br><strong>A\u00e7\u00e3o do bem<\/strong><\/p>\n\n\n\n<div class=\"wp-block-image\"><figure class=\"aligncenter size-large\"><img data-recalc-dims=\"1\" loading=\"lazy\" decoding=\"async\" width=\"512\" height=\"342\" src=\"https:\/\/i0.wp.com\/acatraia.ufac.br\/wp-content\/uploads\/2021\/12\/5.jpg?resize=512%2C342&#038;ssl=1\" alt=\"\" class=\"wp-image-2120\" srcset=\"https:\/\/i0.wp.com\/acatraia.ufac.br\/wp-content\/uploads\/2021\/12\/5.jpg?w=512&amp;ssl=1 512w, https:\/\/i0.wp.com\/acatraia.ufac.br\/wp-content\/uploads\/2021\/12\/5.jpg?resize=300%2C200&amp;ssl=1 300w\" sizes=\"(max-width: 512px) 100vw, 512px\" \/><figcaption>A\u00e7\u00e3o do Juru\u00e1 Solid\u00e1rio para ajudar os alagados. Foto: Reprodu\u00e7\u00e3o<\/figcaption><\/figure><\/div>\n\n\n\n<p class=\"has-text-align-justify\"><br>Tendo em vista que Cruzeiro do Sul registrou nos \u00faltimos meses quatro cheias, quando o Rio Juru\u00e1 e seus afluentes ultrapassaram a cota de transbordamento, de modo que uma delas a maior da hist\u00f3ria, afetando mais de 30 mil habitantes do munic\u00edpio. A prefeitura do munic\u00edpio, por meio do prefeito Zequinha Lima, ao lado da primeira- dama, Lurdinha Lima, iniciaram uma for\u00e7a tarefa junto aos demais servidores da prefeitura para minimizar a dor causada pelo alagamento.<\/p>\n\n\n\n<div class=\"wp-block-image\"><figure class=\"aligncenter size-large\"><img data-recalc-dims=\"1\" loading=\"lazy\" decoding=\"async\" width=\"679\" height=\"452\" src=\"https:\/\/i0.wp.com\/acatraia.ufac.br\/wp-content\/uploads\/2021\/12\/6.jpg?resize=679%2C452&#038;ssl=1\" alt=\"\" class=\"wp-image-2121\" srcset=\"https:\/\/i0.wp.com\/acatraia.ufac.br\/wp-content\/uploads\/2021\/12\/6.jpg?w=679&amp;ssl=1 679w, https:\/\/i0.wp.com\/acatraia.ufac.br\/wp-content\/uploads\/2021\/12\/6.jpg?resize=300%2C200&amp;ssl=1 300w\" sizes=\"(max-width: 679px) 100vw, 679px\" \/><figcaption>As entregas foram feitas por meio de servidores da prefeitura e volunt\u00e1rios da campanha. Foto: Reprodu\u00e7\u00e3o<\/figcaption><\/figure><\/div>\n\n\n\n<p>\u201cTamb\u00e9m recebemos ajuda da prefeitura com \u00e1gua, sacol\u00e3o e foi assim at\u00e9 as \u00e1guas come\u00e7arem a baixar, foram dias de ang\u00fastia, ansiedade, medo e muita preocupa\u00e7\u00e3o da \u00e1gua subir mais e a gente precisar ter que sair de casa\u201d desabafa a jovem Tatiane.<\/p>\n\n\n\n<p class=\"has-text-align-justify\">Geovana Lima, servidora da prefeitura e volunt\u00e1ria da campanha, fala que houve uma grande sensibiliza\u00e7\u00e3o da popula\u00e7\u00e3o que ajudou com brinquedos, roupas e alimentos, assim como alguns \u00f3rg\u00e3os. Nesse momento de cheia dos mananciais, \u00e9 importante prezar pela empatia e solidariedade.<\/p>\n","protected":false},"excerpt":{"rendered":"<p>\u201cA maioria de nossas inunda\u00e7\u00f5es acontecem no m\u00eas de fevereiro\u201d, esclarece o coordenador municipal da Defesa Civil, major Cl\u00e1udio Falc\u00e3o Bruna Giovanna e Ila Verus Com a chegada do inverno amaz\u00f4nico, os rios do Acre come\u00e7am a apresentar uma consider\u00e1vel eleva\u00e7\u00e3o no n\u00edvel da \u00e1gua, fazendo soar o alerta para as cheias dos rios do [&hellip;]<\/p>\n","protected":false},"author":24,"featured_media":2116,"comment_status":"open","ping_status":"open","sticky":false,"template":"","format":"standard","meta":{"_jetpack_memberships_contains_paid_content":false,"footnotes":"","jetpack_publicize_message":"","jetpack_publicize_feature_enabled":true,"jetpack_social_post_already_shared":true,"jetpack_social_options":{"image_generator_settings":{"template":"highway","default_image_id":0,"enabled":false},"version":2}},"categories":[3],"tags":[66,8,65],"coauthors":[],"class_list":["post-2115","post","type-post","status-publish","format-standard","has-post-thumbnail","hentry","category-corriqueiras","tag-alerta","tag-destaque","tag-rio"],"jetpack_publicize_connections":[],"jetpack_featured_media_url":"https:\/\/i0.wp.com\/acatraia.ufac.br\/wp-content\/uploads\/2021\/12\/1.jpg?fit=1294%2C711&ssl=1","jetpack_sharing_enabled":true,"amp_enabled":true,"_links":{"self":[{"href":"https:\/\/acatraia.ufac.br\/index.php?rest_route=\/wp\/v2\/posts\/2115","targetHints":{"allow":["GET"]}}],"collection":[{"href":"https:\/\/acatraia.ufac.br\/index.php?rest_route=\/wp\/v2\/posts"}],"about":[{"href":"https:\/\/acatraia.ufac.br\/index.php?rest_route=\/wp\/v2\/types\/post"}],"author":[{"embeddable":true,"href":"https:\/\/acatraia.ufac.br\/index.php?rest_route=\/wp\/v2\/users\/24"}],"replies":[{"embeddable":true,"href":"https:\/\/acatraia.ufac.br\/index.php?rest_route=%2Fwp%2Fv2%2Fcomments&post=2115"}],"version-history":[{"count":5,"href":"https:\/\/acatraia.ufac.br\/index.php?rest_route=\/wp\/v2\/posts\/2115\/revisions"}],"predecessor-version":[{"id":2131,"href":"https:\/\/acatraia.ufac.br\/index.php?rest_route=\/wp\/v2\/posts\/2115\/revisions\/2131"}],"wp:featuredmedia":[{"embeddable":true,"href":"https:\/\/acatraia.ufac.br\/index.php?rest_route=\/wp\/v2\/media\/2116"}],"wp:attachment":[{"href":"https:\/\/acatraia.ufac.br\/index.php?rest_route=%2Fwp%2Fv2%2Fmedia&parent=2115"}],"wp:term":[{"taxonomy":"category","embeddable":true,"href":"https:\/\/acatraia.ufac.br\/index.php?rest_route=%2Fwp%2Fv2%2Fcategories&post=2115"},{"taxonomy":"post_tag","embeddable":true,"href":"https:\/\/acatraia.ufac.br\/index.php?rest_route=%2Fwp%2Fv2%2Ftags&post=2115"},{"taxonomy":"author","embeddable":true,"href":"https:\/\/acatraia.ufac.br\/index.php?rest_route=%2Fwp%2Fv2%2Fcoauthors&post=2115"}],"curies":[{"name":"wp","href":"https:\/\/api.w.org\/{rel}","templated":true}]}}