{"id":1733,"date":"2021-09-29T16:33:17","date_gmt":"2021-09-29T21:33:17","guid":{"rendered":"https:\/\/acatraia.ufac.br\/?p=1733"},"modified":"2021-09-29T16:33:19","modified_gmt":"2021-09-29T21:33:19","slug":"setembro-amarelo-na-prevencao-do-suicidio","status":"publish","type":"post","link":"https:\/\/acatraia.ufac.br\/?p=1733","title":{"rendered":"Setembro amarelo na preven\u00e7\u00e3o do suic\u00eddio"},"content":{"rendered":"\n<p style=\"font-size:12px\">Imagem: Arquivos da internet&nbsp;<\/p>\n\n\n\n<p><em>Completados 6 anos da campanha no Brasil, refor\u00e7a-se a\u00e7\u00f5es em prol da valoriza\u00e7\u00e3o da vida&nbsp;<\/em><\/p>\n\n\n\n<p><strong>Por Carolina Souza Torres e Pedro Henrique Nobre&nbsp;<\/strong><\/p>\n\n\n\n<p>Setembro amarelo \u00e9 o m\u00eas de preven\u00e7\u00e3o ao suic\u00eddio. Em uma campanha iniciada desde 2015, s\u00e3o realizadas a\u00e7\u00f5es por todo o Brasil, com o objetivo de prevenir e reduzir os casos, muitos em decorr\u00eancia de depress\u00e3o. Mesmo com grande divulga\u00e7\u00e3o nacional e mundial, ainda h\u00e1 preconceitos e tabus sobre o tema, e quem sofre costuma ter receio de falar.&nbsp;&nbsp;<\/p>\n\n\n\n<p>No Acre, durante o m\u00eas de campanha, costuma-se iluminar locais p\u00fablicos na cor amarela e s\u00e3o realizados eventos que falam sobre a preven\u00e7\u00e3o e a import\u00e2ncia dessa discuss\u00e3o. O N\u00facleo de Educa\u00e7\u00e3o Psicol\u00f3gica da Secretaria de Sa\u00fade (Sesacre) e o Setor de Psicologia do Hospital de Sa\u00fade Mental (Hosmac) lan\u00e7aram no dia 10 a campanha \u201cVoc\u00ea \u00e9 mais forte do que imagina. Acredite, diga sim \u00e0 vida\u201d.&nbsp; A iniciativa busca identificar ind\u00edcios que possam levar ao ato extremo. No Tribunal de Justi\u00e7a do Acre (TJAC) tamb\u00e9m foram entregues mudas de girass\u00f3is ao p\u00fablico interno como a\u00e7\u00e3o para preven\u00e7\u00e3o ao suic\u00eddio.<\/p>\n\n\n\n<p>A psic\u00f3loga Vict\u00f3ria Magalh\u00e3es fala sobre a import\u00e2ncia da campanha Setembro Amarelo. Para ela, as informa\u00e7\u00f5es s\u00e3o necess\u00e1rias para que as pessoas que sofrem com algum sintoma de depress\u00e3o, ansiedade e afins possam buscar ajuda e se sentirem assistidas. \u201cMuitas pessoas, por quest\u00f5es socioecon\u00f4micas ou at\u00e9 mesmo tabu, sentem vergonha de buscar ajuda, t\u00eam medo de serem taxados como &#8220;fracos&#8221; ou como &#8220;loucos\/doentes&#8221;.&nbsp;<\/p>\n\n\n\n<p>Ela tamb\u00e9m ressalta a dificuldade de homens em falarem sobre suas ang\u00fastias. \u201cA gente vive em uma sociedade machista e, apesar de muitas pessoas terem a consci\u00eancia de que a sa\u00fade mental \u00e9 importante, grande parte ainda acha que buscar ajuda \u00e9 sinal de fraqueza\u201d. Pelo contr\u00e1rio, vencer essas barreiras t\u00eam sido sinal de muita coragem.<\/p>\n\n\n\n<p>Segundo a Organiza\u00e7\u00e3o Pan-Americana de Sa\u00fade (OPAS), cerca de 800 mil pessoas morrem por suic\u00eddio todos os anos, sendo esta a segunda principal causa de morte entre jovens com idade entre 15 e 29 anos. Ainda de acordo com a organiza\u00e7\u00e3o, \u00a0&#8220;o suic\u00eddio n\u00e3o ocorre apenas em pa\u00edses de alta renda, sendo um fen\u00f4meno em todas as regi\u00f5es do mundo&#8221;.<\/p>\n\n\n\n<p>Sabe-se que suic\u00eddio ocorre n\u00e3o somente no m\u00eas de setembro e por isso \u00e9 importante ao longo de todo ano dar o apoio necess\u00e1rio e buscar identificar quem est\u00e1 passando por depress\u00e3o ou outros transtornos mentais. As a\u00e7\u00f5es de preven\u00e7\u00e3o s\u00e3o importantes e a valoriza\u00e7\u00e3o da vida deve acontecer sempre.<\/p>\n\n\n\n<p><strong>Situa\u00e7\u00e3o na pandemia<\/strong><\/p>\n\n\n\n<p>Com o in\u00edcio da pandemia, era esperado que os casos de suic\u00eddio aumentassem em consequ\u00eancia do confinamento, mas os n\u00fameros no Brasil se mantiveram est\u00e1veis e em outros pa\u00edses como a Austr\u00e1lia os casos tiveram queda.&nbsp;<\/p>\n\n\n\n<p>De acordo com o Anu\u00e1rio Brasileiro de Seguran\u00e7a P\u00fablica, divulgado em julho deste ano pelo F\u00f3rum Brasileiro de Seguran\u00e7a P\u00fablica, a m\u00e9dia de suic\u00eddio em 2020 se manteve est\u00e1vel, variando apenas 0,4% em rela\u00e7\u00e3o a 2019, totalizando 12.895 casos.&nbsp;<\/p>\n\n\n\n<p><strong>Origem hist\u00f3rica<\/strong><\/p>\n\n\n\n<p>O Setembro Amarelo come\u00e7ou nos EUA, quando o jovem Mike Emme, de 17 anos, cometeu suic\u00eddio, em 1994. Em seu funeral, pessoas levaram fitas amarelas e mensagens para quem estivesse em risco. Depois os pais do jovem iniciaram a campanha de preven\u00e7\u00e3o ao suic\u00eddio &#8220;fita amarela&#8221; e hoje a proposta se espalhou pelo mundo todo.&nbsp;<\/p>\n\n\n\n<p>Desde 2003, o dia 10 de setembro \u00e9 o Dia Mundial da Preven\u00e7\u00e3o ao Suic\u00eddio, data que foi refer\u00eancia para o m\u00eas. No Brasil a campanha Setembro Amarelo passou a ser reconhecida em 2015 pelo Centro de Valoriza\u00e7\u00e3o da Vida (CVV), Conselho Federal de Medicina (CFM) e Associa\u00e7\u00e3o Brasileira de Psiquiatria (ABF). A data ainda n\u00e3o \u00e9 reconhecida em \u00e2mbito nacional por meio&nbsp; de lei federal, contudo, esse reconhecimento j\u00e1 acontece em v\u00e1rios locais. Desde ent\u00e3o, s\u00e3o intensificadas as campanhas de preven\u00e7\u00e3o neste per\u00edodo.<\/p>\n\n\n\n<figure class=\"wp-block-image\"><img decoding=\"async\" src=\"https:\/\/lh3.googleusercontent.com\/nrPvlr6Qesm0D9B6OaLJVitVsQvEnMGxOJT8DZXv1R0Z-ldFqAK8P6sNvxmL0lqtpuHDkgslUnyK6hiOnFs8r20DXDZsAz4CeY0WV4Bf77_OCZaQ6L7-BmKSs0hcQA=s0\" alt=\"Grupo de pessoas em p\u00e9\n\nDescri\u00e7\u00e3o gerada automaticamente\"\/><figcaption>Campanha Setembro Amarelo re\u00fane psic\u00f3logos da Sesacre e Hosmac. Foto: Jos\u00e9 Caminha<\/figcaption><\/figure>\n\n\n\n<p>Se voc\u00ea estiver precisando de ajuda, ligue para o Centro de Valoriza\u00e7\u00e3o da Vida, pelo n\u00famero 188. Pe\u00e7a ajuda, seja para amigos ou familiares, onde voc\u00ea se sentir confort\u00e1vel, voc\u00ea n\u00e3o est\u00e1 sozinho.<\/p>\n\n\n\n<p><strong>Como ajudar<\/strong><\/p>\n\n\n\n<p>Para identificar algu\u00e9m precisando de ajuda, aqui tem algumas pistas:<\/p>\n\n\n\n<ul class=\"wp-block-list\"><li>S\u00e3o alguns ind\u00edcios de risco de suic\u00eddio: mudan\u00e7a de humor, h\u00e1bitos ou alimenta\u00e7\u00e3o, apresentar solid\u00e3o, se sentir para baixo.&nbsp;<\/li><li>Fatores a serem considerados: pessoas que apresentam comportamentos retra\u00eddos ou transtornos mentais&nbsp;<\/li><li>Para ajudar algu\u00e9m, procure ouvir, ter empatia sobre a quest\u00e3o apresentada, levar a situa\u00e7\u00e3o a s\u00e9rio, ajudar a pensar em outras solu\u00e7\u00f5es para os problemas da pessoa, conversar com familiares e amigos, demonstrar interesse e cuidado regularmente.<\/li><li>De forma alguma ignore a situa\u00e7\u00e3o. Se n\u00e3o souber como ajudar, s\u00f3 fique ao lado da pessoa, sem julgamentos, apoiando no momento dif\u00edcil.&nbsp;<\/li><\/ul>\n","protected":false},"excerpt":{"rendered":"<p>Imagem: Arquivos da internet&nbsp; Completados 6 anos da campanha no Brasil, refor\u00e7a-se a\u00e7\u00f5es em prol da valoriza\u00e7\u00e3o da vida&nbsp; Por Carolina Souza Torres e Pedro Henrique Nobre&nbsp; Setembro amarelo \u00e9 o m\u00eas de preven\u00e7\u00e3o ao suic\u00eddio. Em uma campanha iniciada desde 2015, s\u00e3o realizadas a\u00e7\u00f5es por todo o Brasil, com o objetivo de prevenir e [&hellip;]<\/p>\n","protected":false},"author":24,"featured_media":1734,"comment_status":"open","ping_status":"open","sticky":false,"template":"","format":"standard","meta":{"_jetpack_memberships_contains_paid_content":false,"footnotes":"","jetpack_publicize_message":"","jetpack_publicize_feature_enabled":true,"jetpack_social_post_already_shared":true,"jetpack_social_options":{"image_generator_settings":{"template":"highway","default_image_id":0,"enabled":false},"version":2}},"categories":[3],"tags":[8],"coauthors":[],"class_list":["post-1733","post","type-post","status-publish","format-standard","has-post-thumbnail","hentry","category-corriqueiras","tag-destaque"],"jetpack_publicize_connections":[],"jetpack_featured_media_url":"https:\/\/i0.wp.com\/acatraia.ufac.br\/wp-content\/uploads\/2021\/09\/PLACEHOLDER_image1.jpg?fit=1225%2C632&ssl=1","jetpack_sharing_enabled":true,"amp_enabled":true,"_links":{"self":[{"href":"https:\/\/acatraia.ufac.br\/index.php?rest_route=\/wp\/v2\/posts\/1733","targetHints":{"allow":["GET"]}}],"collection":[{"href":"https:\/\/acatraia.ufac.br\/index.php?rest_route=\/wp\/v2\/posts"}],"about":[{"href":"https:\/\/acatraia.ufac.br\/index.php?rest_route=\/wp\/v2\/types\/post"}],"author":[{"embeddable":true,"href":"https:\/\/acatraia.ufac.br\/index.php?rest_route=\/wp\/v2\/users\/24"}],"replies":[{"embeddable":true,"href":"https:\/\/acatraia.ufac.br\/index.php?rest_route=%2Fwp%2Fv2%2Fcomments&post=1733"}],"version-history":[{"count":2,"href":"https:\/\/acatraia.ufac.br\/index.php?rest_route=\/wp\/v2\/posts\/1733\/revisions"}],"predecessor-version":[{"id":1737,"href":"https:\/\/acatraia.ufac.br\/index.php?rest_route=\/wp\/v2\/posts\/1733\/revisions\/1737"}],"wp:featuredmedia":[{"embeddable":true,"href":"https:\/\/acatraia.ufac.br\/index.php?rest_route=\/wp\/v2\/media\/1734"}],"wp:attachment":[{"href":"https:\/\/acatraia.ufac.br\/index.php?rest_route=%2Fwp%2Fv2%2Fmedia&parent=1733"}],"wp:term":[{"taxonomy":"category","embeddable":true,"href":"https:\/\/acatraia.ufac.br\/index.php?rest_route=%2Fwp%2Fv2%2Fcategories&post=1733"},{"taxonomy":"post_tag","embeddable":true,"href":"https:\/\/acatraia.ufac.br\/index.php?rest_route=%2Fwp%2Fv2%2Ftags&post=1733"},{"taxonomy":"author","embeddable":true,"href":"https:\/\/acatraia.ufac.br\/index.php?rest_route=%2Fwp%2Fv2%2Fcoauthors&post=1733"}],"curies":[{"name":"wp","href":"https:\/\/api.w.org\/{rel}","templated":true}]}}