{"id":1526,"date":"2021-08-30T14:33:41","date_gmt":"2021-08-30T19:33:41","guid":{"rendered":"https:\/\/acatraia.ufac.br\/?p=1526"},"modified":"2021-08-30T14:33:44","modified_gmt":"2021-08-30T19:33:44","slug":"taxi-compartilhado-o-transporte-da-pandemia","status":"publish","type":"post","link":"https:\/\/acatraia.ufac.br\/?p=1526","title":{"rendered":"T\u00e1xi compartilhado: o transporte da pandemia"},"content":{"rendered":"\n<p style=\"font-size:12px\">Foto: Reprodu\u00e7\u00e3o\/Jornal O Nort\u00e3o<\/p>\n\n\n\n<p><strong>Por Ycla Ara\u00fajo<\/strong><\/p>\n\n\n\n<p>Os meios de transporte p\u00fablicos ficaram comprometidos com o in\u00edcio da pandemia, em mar\u00e7o de 2020, atrapalhando a vida de alguns trabalhadores que n\u00e3o deixaram de exercer suas fun\u00e7\u00f5es. Para muitos, o risco de perder o emprego por conta dos atrasos dos \u00f4nibus era algo constante no dia-a-dia e o cansa\u00e7o de acordar cada vez mais cedo para n\u00e3o perder a hora virou rotina.&nbsp;<\/p>\n\n\n\n<p>No bairro Cidade do Povo, um dos residenciais mais distantes do Centro, um problema que os moradores ainda enfrentam \u00e9 a demora e atrasos da frota dos coletivos p\u00fablicos. Outra quest\u00e3o \u00e9 a falta de seguran\u00e7a. Com assaltos e sequestros aos \u00f4nibus, a popula\u00e7\u00e3o passou a zelar cada vez mais pelo pr\u00f3prio bem-estar.&nbsp;<\/p>\n\n\n\n<p><strong>CARROS COMPARTILHADOS&nbsp;<\/strong><\/p>\n\n\n\n<p>Uma solu\u00e7\u00e3o adotada em alguns bairros foi o &#8220;t\u00e1xi compartilhado&#8221; ou &#8220;carro compartilhado&#8221;, que faz viagens do bairro ao Centro, ou vice-versa. Apesar do pre\u00e7o mais alto do que os \u00f4nibus, muitos fazem quest\u00e3o de pagar e consideram extremamente eficiente, levando em conta a demora dos coletivos. A ideia foi adaptada dos que j\u00e1 rodavam fazendo esse servi\u00e7o entre munic\u00edpios e inspirada em outros Estados brasileiros.&nbsp; O objetivo \u00e9 ter um meio de transporte barato, seguro e confort\u00e1vel.&nbsp;<\/p>\n\n\n\n<p>Quem trouxe a proposta de alternativa do transporte para a cidade foram os taxistas Jos\u00e9 J\u00fanior e Esperidi\u00e3o Teixeira, em julho de 2019. Por\u00e9m, apenas com o in\u00edcio da pandemia que as corridas e a aprova\u00e7\u00e3o do p\u00fablico teve crescimento. Atualmente, segundo levantamento do Sindicato dos Taxistas e Condutores Aut\u00f4nomos do Acre, cerca de 7 mil pessoas fazem uso deste servi\u00e7o diariamente em toda Rio Branco e a perspectiva \u00e9 de crescer cada vez mais.&nbsp;<\/p>\n\n\n\n<p>Segundo Esperidi\u00e3o Teixeira, presidente do Sindicato dos Taxistas, eles juntaram no in\u00edcio 150 taxistas, abrindo seis linhas principais de rota, hoje ampliadas para oito. \u201cTemos a proposta de criar um aplicativo, que facilite e atenda melhor tanto o motorista como o passageiro. Pretendemos melhorar muito, s\u00f3 nos falta a regulamenta\u00e7\u00e3o da prefeitura\u201d, relata.&nbsp;<\/p>\n\n\n\n<p>A solu\u00e7\u00e3o tamb\u00e9m veio em boa hora para os motoristas, que vinham enfrentando dificuldades desde a chegada do Uber e outros aplicativos na cidade. &#8220;A nossa situa\u00e7\u00e3o melhorou e muito. Antes faz\u00edamos uma m\u00e9dia de quarenta reais, hoje voltamos com duzentos reais. N\u00e3o sobra muito, mas \u00e9 o suficiente pra pagar as contas, manuten\u00e7\u00e3o do carro e gasolina&#8221;, diz Jos\u00e9 J\u00fanior, motorista.&nbsp;&nbsp;<\/p>\n\n\n\n<figure class=\"wp-block-image size-large\"><img data-recalc-dims=\"1\" fetchpriority=\"high\" decoding=\"async\" width=\"740\" height=\"442\" src=\"https:\/\/i0.wp.com\/acatraia.ufac.br\/wp-content\/uploads\/2021\/08\/image-5.jpeg?resize=740%2C442&#038;ssl=1\" alt=\"\" class=\"wp-image-1527\" srcset=\"https:\/\/i0.wp.com\/acatraia.ufac.br\/wp-content\/uploads\/2021\/08\/image-5.jpeg?resize=1024%2C611&amp;ssl=1 1024w, https:\/\/i0.wp.com\/acatraia.ufac.br\/wp-content\/uploads\/2021\/08\/image-5.jpeg?resize=300%2C179&amp;ssl=1 300w, https:\/\/i0.wp.com\/acatraia.ufac.br\/wp-content\/uploads\/2021\/08\/image-5.jpeg?resize=768%2C459&amp;ssl=1 768w, https:\/\/i0.wp.com\/acatraia.ufac.br\/wp-content\/uploads\/2021\/08\/image-5.jpeg?resize=400%2C240&amp;ssl=1 400w, https:\/\/i0.wp.com\/acatraia.ufac.br\/wp-content\/uploads\/2021\/08\/image-5.jpeg?w=1216&amp;ssl=1 1216w\" sizes=\"(max-width: 740px) 100vw, 740px\" \/><figcaption>Estacionamento no Centro da Cidade de Rio Branco. Foto: Ycla Ara\u00fajo.<\/figcaption><\/figure>\n\n\n\n<p><strong>VALORES E CRISES&nbsp;<\/strong><\/p>\n\n\n\n<p>As linhas Cidade do Povo e Vila Acre sofreram um ajuste recentemente, considerando que s\u00e3o os bairros mais distantes do Centro. Inicialmente, o valor cobrado era de cinco reais, por\u00e9m, com os atuais aumentos no combust\u00edvel, a categoria se viu obrigada a aumentar o pre\u00e7o para seis reais. Os demais bairros sofrer\u00e3o o reajuste a partir de outubro. \u201cQuando n\u00f3s iniciamos a gasolina estava R$ 4,75, ainda dava um lucro de 25 centavos. No pre\u00e7o de hoje n\u00e3o d\u00e1 mais. Por R$ 6,00 ainda n\u00e3o \u00e9 o suficiente, mas d\u00e1 de levar e a popula\u00e7\u00e3o entendeu. Fizemos uma pesquisa antes para entender e todos acolheram\u201d, diz Junior.&nbsp;<\/p>\n\n\n\n<p>Uma crise que o Sindicato enfrenta \u00e9 a persegui\u00e7\u00e3o das empresas de \u00f4nibus, do RBTrans e a demora da regulamenta\u00e7\u00e3o por parte da prefeitura. A luta atual \u00e9 que eles possam ser reconhecidos legalmente perante o munic\u00edpio e a popula\u00e7\u00e3o em geral. \u201cA prefeitura no in\u00edcio foi contra, por achar que ir\u00edamos disputar com os \u00f4nibus. Mas cabe \u00e0 popula\u00e7\u00e3o escolher a forma de transporte melhor para ela. A ideia n\u00e3o \u00e9 competir com o transporte p\u00fablico ou outras categorias, \u00e9 ser apenas mais uma op\u00e7\u00e3o. Um meio seguro, pr\u00e1tico e r\u00e1pido\u201d, informa o presidente do Sindicato.&nbsp;<\/p>\n\n\n\n<p>No fim de julho, foi realizada uma reuni\u00e3o com o prefeito da cidade, Ti\u00e3o Bocalom, para resolver a quest\u00e3o da regulariza\u00e7\u00e3o, juntamente com a RBTrans e o Sindicato dos Taxistas. O momento \u00e9 de grande expectativa para os mais de 150 motoristas. \u201cAp\u00f3s uma reuni\u00e3o feliz, podemos regularizar n\u00e3o somente os taxistas que trabalham com o servi\u00e7o de lota\u00e7\u00e3o, mas tamb\u00e9m outras categorias\u201d, informa An\u00edzio Alc\u00e2ntara, representante da RBTrans.&nbsp;<\/p>\n\n\n\n<p>No in\u00edcio de julho, a frota de \u00f4nibus aumentou na capital. Atualmente est\u00e3o em circula\u00e7\u00e3o 60 \u00f4nibus, um n\u00famero bem maior se comparado ao in\u00edcio da pandemia. O momento traz um pouco de des\u00e2nimo aos motoristas, que perceberam uma certa queda de pedidos, mas eles seguem confiantes, j\u00e1 que muitos passageiros se acostumaram ao conforto e praticidade do transporte compartilhado.&nbsp;<\/p>\n\n\n\n<figure class=\"wp-block-image\"><img decoding=\"async\" src=\"https:\/\/lh3.googleusercontent.com\/NRSo8Yxe5lz7KaQBAl6H9ym6CZCe9sITj6ydk4cl3srOk7V8Jh57PGXOED_BG_Afx44Hvp3JyOi0a0bLlJaM84bxLv71SaHqCM72PGhJzZhY3nPbgfRR0Q2NvRhBaw=s0\" alt=\"\"\/><figcaption>Jos\u00e9 Junior &#8211; motorista. Foto: Ycla Ara\u00fajo.<\/figcaption><\/figure>\n\n\n\n<p><strong>COMUNICA\u00c7\u00c3O&nbsp;<\/strong><\/p>\n\n\n\n<p>Os motoristas criaram praticidade com os grupos no WhatsApp para atender a popula\u00e7\u00e3o. Atualmente s\u00e3o oito bairros com o servi\u00e7o de transporte compartilhado, cada bairro tem em m\u00e9dia dez grupos com 250 pessoas. Para atender todo mundo de forma justa, os motoristas decoram quem pediu primeiro, seguindo a ordem de chegada. A comunica\u00e7\u00e3o entre os v\u00e1rios motoristas \u00e9 atrav\u00e9s do aplicativo <em>Zello<\/em>, que funciona como um r\u00e1dio. Cada bairro tem sua linha, sem interferir nas demais.&nbsp;<\/p>\n\n\n\n<p>O presidente do Sindicato, Esperidi\u00e3o Teixeira, conta que a inten\u00e7\u00e3o \u00e9 ter um contato de amizade com o passageiro, onde ele se sinta seguro e confort\u00e1vel no ambiente.&nbsp; \u201cEm um \u00f4nibus muitas vezes voc\u00ea entra e n\u00e3o recebe nem um \u2018bom dia\u2019. Mas o taxista vai est\u00e1 pr\u00f3ximo de voc\u00ea, ao seu lado, voc\u00ea cria uma rela\u00e7\u00e3o. J\u00e1 tivemos casos de levar mulheres em trabalho de parto e fazemos entrega de sacol\u00e3o quando sabemos que tem algu\u00e9m com necessidades\u201d, explica ele.&nbsp;<\/p>\n\n\n\n<figure class=\"wp-block-image\"><img decoding=\"async\" src=\"https:\/\/lh5.googleusercontent.com\/bobxfQDdyoInVTLwf2AjvYZqWjnrRz3kP4ByzjnX9K27Oa7RnpgQQitm--8F0shes-btf4U3lusHcVE3AS_On2QPadhw-RHJS875PwQ4JRsKy-PB8yRZ_dOc_5pouA=s0\" alt=\"\"\/><figcaption>Esperidi\u00e3o Teixeira, Presidente do Sindicato. Foto: Ycla Ara\u00fajo.<\/figcaption><\/figure>\n\n\n\n<p><strong>MULHERES MOTORISTAS&nbsp;<\/strong><\/p>\n\n\n\n<p>Atualmente existem oito mulheres taxistas vinculadas ao Sindicato. Muitas come\u00e7aram por influ\u00eancia dos amigos ou do marido. O presidente do Sindicato refor\u00e7a que buscam ser atentos para casos de machismo contra as profissionais. Ele conta que no in\u00edcio s\u00f3 tinha um banheiro, que era usado pelos homens. Quando entrou a primeira mulher e ela perguntou onde era o banheiro feminino \u00e9 que ele percebeu que iriam precisar e logo mandou fazer um para as mulheres tamb\u00e9m. \u201cEstamos nos adaptando. A regra aqui \u00e9 clara: a conviv\u00eancia \u00e9 igual, independente do sexo, eles n\u00e3o est\u00e3o nem doidos em distratar uma mulher.\u201d<\/p>\n\n\n\n<p>Elissandra Santiago relembra que pensou em fazer o curso de taxista para ter uma segunda op\u00e7\u00e3o de emprego, caso algo acontecesse. \u201cEu e meu marido pensamos em fazer o curso de t\u00e1xi no caso de ele adoecer, poder trabalhar com outra coisa mais pr\u00e1tica. Eu j\u00e1 tinha o curso e meu carro, ent\u00e3o, comecei como motorista auxiliar e gostei.\u201d&nbsp;<\/p>\n\n\n\n<p>Sobre a aceita\u00e7\u00e3o com colegas de trabalho e clientes, ela conta que nunca passou problemas com os colegas de profiss\u00e3o e que muitos passageiros se sentem at\u00e9 mais seguros em ter como motorista uma mulher. Para ela, os colegas de trabalho tamb\u00e9m consideram que a mulher \u00e9 mais atenciosa no tr\u00e2nsito.<\/p>\n","protected":false},"excerpt":{"rendered":"<p>Foto: Reprodu\u00e7\u00e3o\/Jornal O Nort\u00e3o Por Ycla Ara\u00fajo Os meios de transporte p\u00fablicos ficaram comprometidos com o in\u00edcio da pandemia, em mar\u00e7o de 2020, atrapalhando a vida de alguns trabalhadores que n\u00e3o deixaram de exercer suas fun\u00e7\u00f5es. Para muitos, o risco de perder o emprego por conta dos atrasos dos \u00f4nibus era algo constante no dia-a-dia [&hellip;]<\/p>\n","protected":false},"author":24,"featured_media":1529,"comment_status":"open","ping_status":"open","sticky":false,"template":"","format":"standard","meta":{"_jetpack_memberships_contains_paid_content":false,"footnotes":"","jetpack_publicize_message":"","jetpack_publicize_feature_enabled":true,"jetpack_social_post_already_shared":true,"jetpack_social_options":{"image_generator_settings":{"template":"highway","default_image_id":0,"enabled":false},"version":2}},"categories":[3],"tags":[8],"coauthors":[],"class_list":["post-1526","post","type-post","status-publish","format-standard","has-post-thumbnail","hentry","category-corriqueiras","tag-destaque"],"jetpack_publicize_connections":[],"jetpack_featured_media_url":"https:\/\/i0.wp.com\/acatraia.ufac.br\/wp-content\/uploads\/2021\/08\/Taxi.jpg?fit=1440%2C800&ssl=1","jetpack_sharing_enabled":true,"amp_enabled":true,"_links":{"self":[{"href":"https:\/\/acatraia.ufac.br\/index.php?rest_route=\/wp\/v2\/posts\/1526","targetHints":{"allow":["GET"]}}],"collection":[{"href":"https:\/\/acatraia.ufac.br\/index.php?rest_route=\/wp\/v2\/posts"}],"about":[{"href":"https:\/\/acatraia.ufac.br\/index.php?rest_route=\/wp\/v2\/types\/post"}],"author":[{"embeddable":true,"href":"https:\/\/acatraia.ufac.br\/index.php?rest_route=\/wp\/v2\/users\/24"}],"replies":[{"embeddable":true,"href":"https:\/\/acatraia.ufac.br\/index.php?rest_route=%2Fwp%2Fv2%2Fcomments&post=1526"}],"version-history":[{"count":3,"href":"https:\/\/acatraia.ufac.br\/index.php?rest_route=\/wp\/v2\/posts\/1526\/revisions"}],"predecessor-version":[{"id":1533,"href":"https:\/\/acatraia.ufac.br\/index.php?rest_route=\/wp\/v2\/posts\/1526\/revisions\/1533"}],"wp:featuredmedia":[{"embeddable":true,"href":"https:\/\/acatraia.ufac.br\/index.php?rest_route=\/wp\/v2\/media\/1529"}],"wp:attachment":[{"href":"https:\/\/acatraia.ufac.br\/index.php?rest_route=%2Fwp%2Fv2%2Fmedia&parent=1526"}],"wp:term":[{"taxonomy":"category","embeddable":true,"href":"https:\/\/acatraia.ufac.br\/index.php?rest_route=%2Fwp%2Fv2%2Fcategories&post=1526"},{"taxonomy":"post_tag","embeddable":true,"href":"https:\/\/acatraia.ufac.br\/index.php?rest_route=%2Fwp%2Fv2%2Ftags&post=1526"},{"taxonomy":"author","embeddable":true,"href":"https:\/\/acatraia.ufac.br\/index.php?rest_route=%2Fwp%2Fv2%2Fcoauthors&post=1526"}],"curies":[{"name":"wp","href":"https:\/\/api.w.org\/{rel}","templated":true}]}}