{"id":1075,"date":"2021-07-21T12:24:15","date_gmt":"2021-07-21T17:24:15","guid":{"rendered":"https:\/\/acatraia.ufac.br\/?p=1075"},"modified":"2021-08-05T21:37:23","modified_gmt":"2021-08-06T02:37:23","slug":"vendas-online-cresceram-na-pandemia","status":"publish","type":"post","link":"https:\/\/acatraia.ufac.br\/?p=1075","title":{"rendered":"Vendas online cresceram na pandemia"},"content":{"rendered":"\n<p><em>Empresas precisaram adaptar a rotina de produ\u00e7\u00e3o e vendas com a pandemia de COVD-19<\/em>. Foto: Arquivo Pessoal.<\/p>\n\n\n\n<p><strong>Por Jo\u00e3o Paulo Castro, Laryssa Evangelista e Michelle Paiva<\/strong><\/p>\n\n\n\n<p>A pandemia de Covid-19 provocou in\u00fameras consequ\u00eancias para a vida dos cidad\u00e3os em todo o mundo. Al\u00e9m dos impactos na sa\u00fade p\u00fablica, repercutiu na economia onde ocorreu o fechamento provis\u00f3rio do com\u00e9rcio para seguir as recomenda\u00e7\u00f5es da Organiza\u00e7\u00e3o Mundial de Sa\u00fade. Com isso, os empres\u00e1rios precisaram se adaptar \u00e0 realidade do momento para que n\u00e3o houvesse maiores perdas financeiras.&nbsp;<\/p>\n\n\n\n<p> O n\u00famero de vendas online cresceu exponencialmente e os empres\u00e1rios adaptaram as formas de  vender conforme as necessidades e se adequaram de acordo a realidade de sua \u00e1rea. <\/p>\n\n\n\n<p><strong>\u201cDo Acre pro mundo\u201d<\/strong><\/p>\n\n\n\n<p>Para Rayssa Alves, 29 anos, e Juliana Pejon, 37 anos, propriet\u00e1rias da loja de vestu\u00e1rios e acess\u00f3rios <a href=\"https:\/\/instagram.com\/usemadeinacre?utm_medium=copy_link\">Made in Acre<\/a>, a adapta\u00e7\u00e3o foi uma surpresa, pois a marca voltada para produtos acreanos tinha tr\u00eas meses de cria\u00e7\u00e3o quando a pandemia come\u00e7ou. Segundo Rayssa, as pessoas ficaram mais tempo em casa e automaticamente passaram a consumir mais pelas redes sociais. Dentre as solu\u00e7\u00f5es encontradas para aumentar as vendas, as propriet\u00e1rias da Made in Acre criaram conte\u00fados personalizados e interativos apresentando refer\u00eancias do Estado nas redes sociais.<\/p>\n\n\n\n<figure class=\"wp-block-image size-large\"><img data-recalc-dims=\"1\" fetchpriority=\"high\" decoding=\"async\" width=\"740\" height=\"987\" src=\"https:\/\/i0.wp.com\/acatraia.ufac.br\/wp-content\/uploads\/2021\/07\/WhatsApp-Image-2021-06-15-at-09.34.26.jpeg?resize=740%2C987&#038;ssl=1\" alt=\"\" class=\"wp-image-1077\" srcset=\"https:\/\/i0.wp.com\/acatraia.ufac.br\/wp-content\/uploads\/2021\/07\/WhatsApp-Image-2021-06-15-at-09.34.26.jpeg?w=768&amp;ssl=1 768w, https:\/\/i0.wp.com\/acatraia.ufac.br\/wp-content\/uploads\/2021\/07\/WhatsApp-Image-2021-06-15-at-09.34.26.jpeg?resize=225%2C300&amp;ssl=1 225w\" sizes=\"(max-width: 740px) 100vw, 740px\" \/><figcaption>Rayssa Alves, propriet\u00e1ria da loja Made in Acre, realizando a prepara\u00e7\u00e3o dos produtos para entrega. Foto: Arquivo pessoal.<\/figcaption><\/figure>\n\n\n\n<p>Jamile Feij\u00f3, 27 anos, que criou, ap\u00f3s o in\u00edcio da pandemia, a loja online <a href=\"https:\/\/instagram.com\/vistacurves.modaplussize?utm_medium=copy_link\">Vista Curves<\/a> de moda feminina <em>plus size<\/em> buscou investir em conhecimento sobre vendas on-line e assim se destacar no mercado. Por essa raz\u00e3o, ela acredita que ter adquirido conhecimento antes de iniciar as atividades da loja foi de suma import\u00e2ncia. <\/p>\n\n\n\n<p><strong>\u201cAs portas se fecharam por conta da pandemia\u201d<\/strong><\/p>\n\n\n\n<p>Muitas dificuldades de adapta\u00e7\u00e3o foram encontradas pelos empres\u00e1rios, e uma delas se deu devido ao fechamento de espa\u00e7os de loca\u00e7\u00e3o. Rayssa e Juliana se sentiram preocupadas em como apresentar sua marca e produtos de forma online. No caso delas, a rede social Instagram foi a maior fonte de intera\u00e7\u00e3o social com o p\u00fablico no momento.&nbsp;<\/p>\n\n\n\n<p>A forma de entrega <em>delivery <\/em>foi muito bem aceita pelos consumidores. Devido ao distanciamento social, as datas comemorativas passaram a ser festejadas com entrega de presentes que, por sua vez, eram comprados e personalizados de forma online.<\/p>\n\n\n\n<figure class=\"wp-block-image size-large\"><img data-recalc-dims=\"1\" decoding=\"async\" width=\"589\" height=\"1024\" src=\"https:\/\/i0.wp.com\/acatraia.ufac.br\/wp-content\/uploads\/2021\/07\/WhatsApp-Image-2021-06-15-at-13.52.19.jpeg?resize=589%2C1024&#038;ssl=1\" alt=\"\" class=\"wp-image-1078\" srcset=\"https:\/\/i0.wp.com\/acatraia.ufac.br\/wp-content\/uploads\/2021\/07\/WhatsApp-Image-2021-06-15-at-13.52.19.jpeg?resize=589%2C1024&amp;ssl=1 589w, https:\/\/i0.wp.com\/acatraia.ufac.br\/wp-content\/uploads\/2021\/07\/WhatsApp-Image-2021-06-15-at-13.52.19.jpeg?resize=173%2C300&amp;ssl=1 173w, https:\/\/i0.wp.com\/acatraia.ufac.br\/wp-content\/uploads\/2021\/07\/WhatsApp-Image-2021-06-15-at-13.52.19.jpeg?w=736&amp;ssl=1 736w\" sizes=\"(max-width: 589px) 100vw, 589px\" \/><figcaption>O delivery de produtos cresce na pandemia, com isso a loja Vista Curves prepara suas entregas com a identidade visual de sua marca. Foto: Arquivo Pessoal.<\/figcaption><\/figure>\n\n\n\n<p>Tatiana Pereira, 30 anos, trabalha com <a href=\"https:\/\/instagram.com\/artfeltro6?utm_medium=copy_link\">Arte em feltro <\/a>h\u00e1 quatro anos e encontrou muitas dificuldades na pandemia. Com a diminui\u00e7\u00e3o de festas, as encomendas diminu\u00edram consideravelmente. Al\u00e9m disso, o valor dos materiais para confec\u00e7\u00e3o dos feltros aumentou, o que ficou invi\u00e1vel manter o mesmo valor de suas encomendas. \u201cOs clientes pararam de comprar\u201d, disse a empres\u00e1ria.  A solu\u00e7\u00e3o encontrada por Tatiana foi a divulga\u00e7\u00e3o nos grupos de vendas e parceria com decoradoras de festas infantil. \u201cPraticamente toda semana fecham pedido com minha loja\u201d, conta.&nbsp;<\/p>\n\n\n\n<div class=\"wp-block-image\"><figure class=\"aligncenter size-large\"><img data-recalc-dims=\"1\" decoding=\"async\" width=\"740\" height=\"727\" src=\"https:\/\/i0.wp.com\/acatraia.ufac.br\/wp-content\/uploads\/2021\/07\/WhatsApp-Image-2021-06-15-at-13.53.17.jpeg?resize=740%2C727&#038;ssl=1\" alt=\"\" class=\"wp-image-1079\" srcset=\"https:\/\/i0.wp.com\/acatraia.ufac.br\/wp-content\/uploads\/2021\/07\/WhatsApp-Image-2021-06-15-at-13.53.17.jpeg?resize=1024%2C1006&amp;ssl=1 1024w, https:\/\/i0.wp.com\/acatraia.ufac.br\/wp-content\/uploads\/2021\/07\/WhatsApp-Image-2021-06-15-at-13.53.17.jpeg?resize=300%2C295&amp;ssl=1 300w, https:\/\/i0.wp.com\/acatraia.ufac.br\/wp-content\/uploads\/2021\/07\/WhatsApp-Image-2021-06-15-at-13.53.17.jpeg?resize=768%2C754&amp;ssl=1 768w, https:\/\/i0.wp.com\/acatraia.ufac.br\/wp-content\/uploads\/2021\/07\/WhatsApp-Image-2021-06-15-at-13.53.17.jpeg?resize=80%2C80&amp;ssl=1 80w, https:\/\/i0.wp.com\/acatraia.ufac.br\/wp-content\/uploads\/2021\/07\/WhatsApp-Image-2021-06-15-at-13.53.17.jpeg?resize=70%2C70&amp;ssl=1 70w, https:\/\/i0.wp.com\/acatraia.ufac.br\/wp-content\/uploads\/2021\/07\/WhatsApp-Image-2021-06-15-at-13.53.17.jpeg?w=1280&amp;ssl=1 1280w\" sizes=\"(max-width: 740px) 100vw, 740px\" \/><figcaption>Artes em feltro dos personagens Bella e Fera, muito utilizadas em decora\u00e7\u00e3o de festas infantis. Foto: Arquivo Pessoal.<\/figcaption><\/figure><\/div>\n\n\n\n<p><strong>Solu\u00e7\u00f5es e tend\u00eancias de vendas online<\/strong><\/p>\n\n\n\n<p><strong>M\u00eddias Sociais: <\/strong>O acesso nas redes sociais cresceu e por essa raz\u00e3o as empresas utilizam delas como uma forma de alcance interativo com os clientes e potenciais clientes. Al\u00e9m de acesso gratuito, as redes sociais permitem postagem de produtos, intera\u00e7\u00e3o ativa com o cliente e possibilidade de expandir o alcance atrav\u00e9s de tr\u00e1fego pago.&nbsp;<\/p>\n\n\n\n<p><strong><em>E-commerce:<\/em><\/strong> Ou com\u00e9rcio eletr\u00f4nico \u00e9 um canal privado de vendas online e que pode ser acessado por computadores, tablets e smartphones. Atrav\u00e9s dele o cliente conhece o produto, faz pagamentos e destina a forma de entrega.&nbsp;<\/p>\n\n\n\n<p><strong>Aplicativo de celular:<\/strong> Alguns empres\u00e1rios podem optar por criar e personalizar seus pr\u00f3prios para aplicativos de celular e us\u00e1-los como vitrine de seus produtos, mas \u00e9 importante utilizar de outros meios de divulga\u00e7\u00e3o para que o cliente fa\u00e7a o download do aplicativo .&nbsp;<\/p>\n\n\n\n<p><strong>Design:<\/strong> Como visto, utilizar as m\u00eddias digitais para divulgar os produtos \u00e9 uma alternativa de vendas, os empres\u00e1rios buscam utilizar elementos visuais criados at\u00e9 mesmo por celular que chamem aten\u00e7\u00e3o, como cores, efeitos entre outros recursos que complementam a identidade visual da loja.<\/p>\n\n\n\n<p><strong>Entregas:<\/strong> As entregas de produtos cresceram com a pandemia e elas podem ser feitas de acordo com a realidade dos empres\u00e1rios, entre as alternativas est\u00e3o: entrega com ve\u00edculo pr\u00f3prios ou tamb\u00e9m com parceria com aplicativos de entregas. As entregas tamb\u00e9m podem ser atrav\u00e9s de agendamento antecipado e acordado com o cliente para que otimize o tempo dos empres\u00e1rios.&nbsp;<br><\/p>\n\n\n\n<p>O Sebrae, por exemplo, \u00e9 uma entidade de servi\u00e7os de apoio \u00e0s micro e pequenas empresas que oferece cursos online e gratuitos de incentivo aos empres\u00e1rios para&nbsp; que os mesmos encontrem conte\u00fados e solu\u00e7\u00f5es que facilitem o dia a dia em seu neg\u00f3cio.<\/p>\n\n\n\n<p class=\"has-text-align-center\"><img loading=\"lazy\" decoding=\"async\" src=\"https:\/\/lh4.googleusercontent.com\/ThG0PCfw16RjnOYI9IXGfa4F1SE0tk23Szor5NLyKmxoiLSAowXGkEBw-kpqAxOcz_tHZ4b0UGo8UF95_Cjsucqjy622F5iKz9L7ISv6Urq7tscymFj8j0_w4z8K4D7UxXJGGuQ\" width=\"474\" height=\"315\"><\/p>\n","protected":false},"excerpt":{"rendered":"<p>Empresas precisaram adaptar a rotina de produ\u00e7\u00e3o e vendas com a pandemia de COVD-19. Foto: Arquivo Pessoal. Por Jo\u00e3o Paulo Castro, Laryssa Evangelista e Michelle Paiva A pandemia de Covid-19 provocou in\u00fameras consequ\u00eancias para a vida dos cidad\u00e3os em todo o mundo. Al\u00e9m dos impactos na sa\u00fade p\u00fablica, repercutiu na economia onde ocorreu o fechamento [&hellip;]<\/p>\n","protected":false},"author":24,"featured_media":1081,"comment_status":"open","ping_status":"open","sticky":false,"template":"","format":"standard","meta":{"_jetpack_memberships_contains_paid_content":false,"footnotes":"","jetpack_publicize_message":"","jetpack_publicize_feature_enabled":true,"jetpack_social_post_already_shared":true,"jetpack_social_options":{"image_generator_settings":{"template":"highway","default_image_id":0,"enabled":false},"version":2}},"categories":[3],"tags":[40,33,39,8,38],"coauthors":[],"class_list":["post-1075","post","type-post","status-publish","format-standard","has-post-thumbnail","hentry","category-corriqueiras","tag-acre","tag-brasil","tag-covid-19","tag-destaque","tag-empresas"],"jetpack_publicize_connections":[],"jetpack_featured_media_url":"https:\/\/i0.wp.com\/acatraia.ufac.br\/wp-content\/uploads\/2021\/07\/kkk.png?fit=1280%2C853&ssl=1","jetpack_sharing_enabled":true,"amp_enabled":true,"_links":{"self":[{"href":"https:\/\/acatraia.ufac.br\/index.php?rest_route=\/wp\/v2\/posts\/1075","targetHints":{"allow":["GET"]}}],"collection":[{"href":"https:\/\/acatraia.ufac.br\/index.php?rest_route=\/wp\/v2\/posts"}],"about":[{"href":"https:\/\/acatraia.ufac.br\/index.php?rest_route=\/wp\/v2\/types\/post"}],"author":[{"embeddable":true,"href":"https:\/\/acatraia.ufac.br\/index.php?rest_route=\/wp\/v2\/users\/24"}],"replies":[{"embeddable":true,"href":"https:\/\/acatraia.ufac.br\/index.php?rest_route=%2Fwp%2Fv2%2Fcomments&post=1075"}],"version-history":[{"count":9,"href":"https:\/\/acatraia.ufac.br\/index.php?rest_route=\/wp\/v2\/posts\/1075\/revisions"}],"predecessor-version":[{"id":1400,"href":"https:\/\/acatraia.ufac.br\/index.php?rest_route=\/wp\/v2\/posts\/1075\/revisions\/1400"}],"wp:featuredmedia":[{"embeddable":true,"href":"https:\/\/acatraia.ufac.br\/index.php?rest_route=\/wp\/v2\/media\/1081"}],"wp:attachment":[{"href":"https:\/\/acatraia.ufac.br\/index.php?rest_route=%2Fwp%2Fv2%2Fmedia&parent=1075"}],"wp:term":[{"taxonomy":"category","embeddable":true,"href":"https:\/\/acatraia.ufac.br\/index.php?rest_route=%2Fwp%2Fv2%2Fcategories&post=1075"},{"taxonomy":"post_tag","embeddable":true,"href":"https:\/\/acatraia.ufac.br\/index.php?rest_route=%2Fwp%2Fv2%2Ftags&post=1075"},{"taxonomy":"author","embeddable":true,"href":"https:\/\/acatraia.ufac.br\/index.php?rest_route=%2Fwp%2Fv2%2Fcoauthors&post=1075"}],"curies":[{"name":"wp","href":"https:\/\/api.w.org\/{rel}","templated":true}]}}